{"id":498789,"date":"2025-10-30T00:05:23","date_gmt":"2025-10-30T00:05:23","guid":{"rendered":"https:\/\/www.europesays.com\/fr\/498789\/"},"modified":"2025-10-30T00:05:23","modified_gmt":"2025-10-30T00:05:23","slug":"le-vietnam-et-le-royaume-uni-elevent-leurs-relations-au-rang-de-partenariat-strategique-global","status":"publish","type":"post","link":"https:\/\/www.europesays.com\/fr\/498789\/","title":{"rendered":"Le Vietnam et le Royaume-Uni \u00e9l\u00e8vent leurs relations au rang de partenariat strat\u00e9gique global."},"content":{"rendered":"<p class=\"PlaygroundEditorTheme__paragraph\" style=\"text-align: start;\"><a href=\"https:\/\/cdn2.tuoitre.vn\/471584752817336320\/2025\/10\/29\/tong-bi-thu-nang-cap-quan-he-1761767447256383682225.png\" target=\"_blank\" rel=\"nofollow noopener\" class=\"PlaygroundEditorTheme__link\"><img loading=\"lazy\" decoding=\"async\" src=\"https:\/\/www.europesays.com\/fr\/wp-content\/uploads\/2025\/10\/tong-bi-thu-nang-cap-quan-he-1761767447256383682225.png\" alt=\"Partenariat strat\u00e9gique global - Photo 1.\" width=\"2108\" height=\"1436\"\/><\/a><\/p>\n<p class=\"PlaygroundEditorTheme__paragraph\" dir=\"ltr\" style=\"text-align: left;\"> Le secr\u00e9taire g\u00e9n\u00e9ral vietnamien <a class=\"data-link\" data-org-href=\"https:\/\/www.vietnam.vn\/tag\/to-lam\" href=\"https:\/\/www.vietnam.vn\/tag\/to-lam\" title=\"\u00c0 Lam\" target=\"_blank\" rel=\"noopener\">Tola Lam<\/a> et le Premier ministre britannique Keir Starmer ont publi\u00e9 une d\u00e9claration conjointe sur l&rsquo;\u00e9l\u00e9vation des relations Vietnam-Royaume-Uni au rang de partenariat strat\u00e9gique global. &#8211; Photo : VNA<\/p>\n<p class=\"PlaygroundEditorTheme__paragraph\" dir=\"ltr\" style=\"text-align: start;\"> Dans l&rsquo;apr\u00e8s-midi du 29 octobre (heure britannique, t\u00f4t le matin du 30 octobre, heure vietnamienne), imm\u00e9diatement apr\u00e8s les entretiens, <a class=\"data-link\" data-org-href=\"https:\/\/www.vietnam.vn\/tag\/tong-bi-thu\" href=\"https:\/\/www.vietnam.vn\/tag\/tong-bi-thu\" title=\"Secr\u00e9taire g\u00e9n\u00e9ral\" target=\"_blank\" rel=\"noopener\">le secr\u00e9taire g\u00e9n\u00e9ral<\/a> To Lam et le Premier ministre britannique Keir Starmer ont publi\u00e9 conjointement une d\u00e9claration commune sur l&rsquo;\u00e9tablissement du partenariat strat\u00e9gique global Vietnam-Royaume-Uni.<\/p>\n<p class=\"PlaygroundEditorTheme__paragraph\" dir=\"ltr\" style=\"text-align: start;\"> Gr\u00e2ce \u00e0 cette \u00e9volution, le Royaume-Uni devient le 14e pays au <a class=\"data-link\" data-org-href=\"https:\/\/www.vietnam.vn\/category\/the-gioi\" href=\"https:\/\/www.vietnam.vn\/category\/the-gioi\" title=\"monde\" target=\"_blank\" rel=\"noopener\">monde<\/a> \u00e0 entretenir ce niveau de relations avec le Vietnam. Cela souligne \u00e9galement le fait que le Vietnam a \u00e9tabli un partenariat strat\u00e9gique global avec les cinq membres permanents du Conseil de s\u00e9curit\u00e9 des Nations Unies, \u00e0 savoir la Russie, la Chine, les \u00c9tats-Unis, la France et le Royaume-Uni.<\/p>\n<p> <b><strong class=\"PlaygroundEditorTheme__textBold\" style=\"white-space: pre-wrap;\">L&rsquo;objectif est de doubler le volume des \u00e9changes bilat\u00e9raux.<\/strong><\/b><\/p>\n<p class=\"PlaygroundEditorTheme__paragraph\" dir=\"ltr\" style=\"text-align: start;\"> Selon les informations du minist\u00e8re vietnamien des Affaires \u00e9trang\u00e8res, lors des entretiens, le secr\u00e9taire g\u00e9n\u00e9ral To Lam et le Premier ministre Starmer ont salu\u00e9 l&rsquo;\u00e9volution positive de la coop\u00e9ration bilat\u00e9rale, notamment les efforts d\u00e9ploy\u00e9s pour lever les obstacles et trouver des solutions appropri\u00e9es dans un esprit de coop\u00e9ration \u0153uvrant pour les int\u00e9r\u00eats communs des deux peuples.<\/p>\n<p class=\"PlaygroundEditorTheme__paragraph\" dir=\"ltr\" style=\"text-align: start;\"> Les dirigeants des deux pays se sont f\u00e9licit\u00e9s de constater que le Vietnam et le Royaume-Uni partagent de nombreuses similitudes sur les questions internationales et r\u00e9gionales d&rsquo;int\u00e9r\u00eat commun. Les deux parties collaborent et se soutiennent mutuellement de mani\u00e8re \u00e9troite au sein des instances internationales et r\u00e9gionales.<\/p>\n<p class=\"PlaygroundEditorTheme__paragraph\" dir=\"ltr\" style=\"text-align: start;\"> Le secr\u00e9taire g\u00e9n\u00e9ral To Lam a soulign\u00e9 que le Vietnam a toujours accord\u00e9 une grande importance \u00e0 l&rsquo;amiti\u00e9 traditionnelle avec le Royaume-Uni, fond\u00e9e sur le respect mutuel, les avantages r\u00e9ciproques et tourn\u00e9e vers l&rsquo;avenir.<\/p>\n<p class=\"PlaygroundEditorTheme__paragraph\" dir=\"ltr\" style=\"text-align: start;\"> Le Vietnam est pr\u00eat \u00e0 coop\u00e9rer \u00e9troitement avec le Royaume-Uni pour renforcer ses relations sur des piliers cl\u00e9s tels que la politique et la diplomatie, la d\u00e9fense et la s\u00e9curit\u00e9, la science, la technologie et la transformation num\u00e9rique, la finance et la banque, l&rsquo;\u00e9ducation et la formation, l&rsquo;environnement et la lutte contre le changement climatique, la culture et les \u00e9changes entre les peuples.<\/p>\n<p class=\"PlaygroundEditorTheme__paragraph\" dir=\"ltr\" style=\"text-align: start;\"> Le secr\u00e9taire g\u00e9n\u00e9ral a affirm\u00e9 que le Vietnam, en tant que membre de l&rsquo;ASEAN, est pr\u00eat \u00e0 travailler avec le Royaume-Uni pour servir de pont et promouvoir la coop\u00e9ration entre le Royaume-Uni et l&rsquo;ASEAN, et de porte d&rsquo;entr\u00e9e pour le Royaume-Uni sur le march\u00e9 de l&rsquo;Asie du Sud-Est.<\/p>\n<p class=\"PlaygroundEditorTheme__paragraph\" dir=\"ltr\" style=\"text-align: start;\"> Les deux dirigeants ont affirm\u00e9 que les deux pays disposaient d&rsquo;un grand potentiel de coop\u00e9ration pour la nouvelle p\u00e9riode, notamment en mati\u00e8re de transition \u00e9conomique et \u00e9nerg\u00e9tique verte et durable, de d\u00e9veloppement de l&rsquo;industrie des technologies num\u00e9riques et de formation de ressources humaines de haute qualit\u00e9.<\/p>\n<p class=\"PlaygroundEditorTheme__paragraph\" dir=\"ltr\" style=\"text-align: start;\"> <a href=\"https:\/\/cdn2.tuoitre.vn\/471584752817336320\/2025\/10\/29\/tong-bi-thu-nang-cap-3-17617682730801058357045.png\" target=\"_blank\" rel=\"nofollow noopener\" class=\"PlaygroundEditorTheme__link\"><img loading=\"lazy\" decoding=\"async\" src=\"https:\/\/www.europesays.com\/fr\/wp-content\/uploads\/2025\/10\/tong-bi-thu-nang-cap-3-17617682730801058357045.png\" alt=\"Partenariat strat\u00e9gique global - Photo 2.\" width=\"2068\" height=\"1598\"\/><\/a><\/p>\n<p class=\"PlaygroundEditorTheme__paragraph\" dir=\"ltr\" style=\"text-align: left;\"> Le secr\u00e9taire g\u00e9n\u00e9ral Tory Lam et le Premier ministre britannique Keir Starmer lors d&rsquo;une r\u00e9union \u00e0 huis clos &#8211; Photo : VNA<\/p>\n<p class=\"PlaygroundEditorTheme__paragraph\" dir=\"ltr\" style=\"text-align: start;\"> Le Premier ministre britannique Starmer a exprim\u00e9 son souhait de d\u00e9velopper des relations bilat\u00e9rales globales avec le Vietnam, notamment dans le cadre de l&rsquo;accord de libre-\u00e9change Royaume-Uni-Vietnam (UKVFTA) et de l&rsquo;accord de partenariat transpacifique global et progressiste (CPTPP).<\/p>\n<p class=\"PlaygroundEditorTheme__paragraph\" dir=\"ltr\" style=\"text-align: start;\"> Le dirigeant britannique a soulign\u00e9 que le gouvernement britannique est pr\u00eat \u00e0 soutenir le Vietnam dans la mise en \u0153uvre de son engagement \u00e0 atteindre la neutralit\u00e9 carbone d&rsquo;ici 2050, tout en encourageant les entreprises britanniques \u00e0 accro\u00eetre leurs investissements et leur coop\u00e9ration au Vietnam et en s&rsquo;engageant \u00e0 soutenir le Vietnam dans la mise en \u0153uvre du Partenariat pour une transition \u00e9nerg\u00e9tique juste (JETP).<\/p>\n<p class=\"PlaygroundEditorTheme__paragraph\" dir=\"ltr\" style=\"text-align: start;\"> Les deux dirigeants se sont engag\u00e9s \u00e0 doubler le volume des \u00e9changes commerciaux dans les prochains mois. M. Starmer souhaite notamment que le Vietnam soutienne la coop\u00e9ration dans les domaines du commerce \u00e9lectronique et des services financiers dans le cadre du CPTPP.<\/p>\n<p class=\"PlaygroundEditorTheme__paragraph\" dir=\"ltr\" style=\"text-align: start;\"> <a href=\"https:\/\/cdn2.tuoitre.vn\/471584752817336320\/2025\/10\/29\/tong-bi-thu-nang-cap-4-1761768273081461140958.png\" target=\"_blank\" rel=\"nofollow noopener\" class=\"PlaygroundEditorTheme__link\"><img loading=\"lazy\" decoding=\"async\" src=\"https:\/\/www.europesays.com\/fr\/wp-content\/uploads\/2025\/10\/tong-bi-thu-nang-cap-4-1761768273081461140958.png\" alt=\"Partenariat strat\u00e9gique global - Photo 3.\" width=\"2186\" height=\"1598\"\/><\/a><\/p>\n<p class=\"PlaygroundEditorTheme__paragraph\" dir=\"ltr\" style=\"text-align: left;\"> Les deux dirigeants ont conduit les d\u00e9l\u00e9gations des deux pays lors des pourparlers. &#8211; Photo : VNA<\/p>\n<p class=\"PlaygroundEditorTheme__paragraph\" dir=\"ltr\" style=\"text-align: start;\"> En mati\u00e8re de coop\u00e9ration dans les domaines de la s\u00e9curit\u00e9 et de la d\u00e9fense, les deux parties se sont accord\u00e9es sur la n\u00e9cessit\u00e9 de diversifier leur coop\u00e9ration, de lutter conjointement contre l&rsquo;immigration clandestine et de renforcer leur coop\u00e9ration en mati\u00e8re de d\u00e9fense, notamment en ce qui concerne les forces de maintien de la paix et la formation.<\/p>\n<p class=\"PlaygroundEditorTheme__paragraph\" dir=\"ltr\" style=\"text-align: start;\"> Lors de ces discussions, les deux parties ont \u00e9galement abord\u00e9 des questions internationales et r\u00e9gionales d&rsquo;int\u00e9r\u00eat commun.<\/p>\n<p class=\"PlaygroundEditorTheme__paragraph\" dir=\"ltr\" style=\"text-align: start;\"> \u00c0 cette occasion, le secr\u00e9taire g\u00e9n\u00e9ral To Lam a transmis les salutations des hauts dirigeants du Parti et de l&rsquo;\u00c9tat vietnamien au Premier ministre Starmer et aux hauts responsables britanniques.<\/p>\n<p class=\"PlaygroundEditorTheme__paragraph\" dir=\"ltr\" style=\"text-align: start;\"> Il a \u00e9galement invit\u00e9 le Premier ministre Keir Starmer \u00e0 se rendre au Vietnam prochainement. En r\u00e9ponse, le Premier ministre britannique a exprim\u00e9 sa gratitude et a accept\u00e9 avec plaisir l&rsquo;invitation.<\/p>\n<p> <b><strong class=\"PlaygroundEditorTheme__textBold\" style=\"white-space: pre-wrap;\">D\u00e9claration conjointe en 48 points sur le renforcement des relations<\/strong><\/b><\/p>\n<p class=\"PlaygroundEditorTheme__paragraph\" dir=\"ltr\" style=\"text-align: start;\"> <a href=\"https:\/\/cdn2.tuoitre.vn\/471584752817336320\/2025\/10\/29\/tong-bi-thu-nang-cap-2-1761768273079364673534.png\" target=\"_blank\" rel=\"nofollow noopener\" class=\"PlaygroundEditorTheme__link\"><img loading=\"lazy\" decoding=\"async\" src=\"https:\/\/www.europesays.com\/fr\/wp-content\/uploads\/2025\/10\/tong-bi-thu-nang-cap-2-1761768273079364673534.png\" alt=\"Partenariat strat\u00e9gique global - Photo 4.\" width=\"2078\" height=\"1598\"\/><\/a><\/p>\n<p class=\"PlaygroundEditorTheme__paragraph\" dir=\"ltr\" style=\"text-align: left;\"> Les deux dirigeants ont publi\u00e9 une d\u00e9claration conjointe sur l&rsquo;\u00e9l\u00e9vation de leurs relations au rang de partenariat strat\u00e9gique global. \u2013 Photo\u00a0: VNA<\/p>\n<p class=\"PlaygroundEditorTheme__paragraph\" dir=\"ltr\" style=\"text-align: start;\"> \u00c0 l&rsquo;issue des entretiens, les deux dirigeants ont publi\u00e9 une d\u00e9claration conjointe officialisant la transformation des relations Vietnam-Royaume-Uni en un partenariat strat\u00e9gique global. Ils se sont engag\u00e9s \u00e0 collaborer \u00e9troitement \u00e0 la mise en \u0153uvre de ce nouveau cadre.<\/p>\n<p class=\"PlaygroundEditorTheme__paragraph\" dir=\"ltr\" style=\"text-align: start;\"> La d\u00e9claration conjointe en 48 points d\u00e9finit des mesures visant \u00e0 promouvoir et \u00e0 renforcer la coop\u00e9ration Vietnam-Royaume-Uni autour de six axes principaux. Il s&rsquo;agit notamment du renforcement de la coop\u00e9ration dans les domaines politique, diplomatique, de la d\u00e9fense et de la s\u00e9curit\u00e9, de l&rsquo;\u00e9conomie, du commerce, de l&rsquo;investissement et de la finance, ainsi que des sciences, des technologies, de l&rsquo;innovation, de la transformation num\u00e9rique, de la sant\u00e9, de l&rsquo;environnement, de l&rsquo;\u00e9nergie, de la transition \u00e9cologique, etc.<\/p>\n<p class=\"PlaygroundEditorTheme__paragraph\" dir=\"ltr\" style=\"text-align: start;\"> La d\u00e9claration conjointe a \u00e9galement salu\u00e9 les r\u00e9alisations importantes des relations bilat\u00e9rales, r\u00e9affirm\u00e9 les principes et d\u00e9fini les grandes orientations visant \u00e0 promouvoir et \u00e0 renforcer la coop\u00e9ration et \u00e0 d\u00e9velopper l&rsquo;amiti\u00e9 traditionnelle.<\/p>\n<p class=\"PlaygroundEditorTheme__paragraph\" dir=\"ltr\" style=\"text-align: start;\"> \u00c0 cette occasion, le minist\u00e8re vietnamien de la S\u00e9curit\u00e9 publique et le minist\u00e8re britannique de l&rsquo;Int\u00e9rieur ont sign\u00e9 un protocole d&rsquo;accord sur la coop\u00e9ration en mati\u00e8re de pr\u00e9vention et de lutte contre la fraude internationale et un plan visant \u00e0 renforcer la coop\u00e9ration sur les questions migratoires.<\/p>\n<p class=\"PlaygroundEditorTheme__paragraph\" dir=\"ltr\" style=\"text-align: start;\"> Outre la d\u00e9claration conjointe sur le renforcement des relations bilat\u00e9rales et l&rsquo;accord de coop\u00e9ration en mati\u00e8re de migration, les deux parties sont \u00e9galement parvenues \u00e0 une s\u00e9rie d&rsquo;accords dans les domaines de l&rsquo;\u00e9conomie, de la finance verte, de l&rsquo;\u00e9ducation et de la formation, de la sant\u00e9, des \u00e9nergies propres, des \u00e9nergies renouvelables, de la coop\u00e9ration locale, etc.<\/p>\n<p class=\"PlaygroundEditorTheme__paragraph\" dir=\"ltr\" style=\"text-align: start;\"> Selon le minist\u00e8re vietnamien des Affaires \u00e9trang\u00e8res, ces mesures sont tr\u00e8s importantes et jettent les bases d&rsquo;un approfondissement des relations de coop\u00e9ration entre les deux pays.<\/p>\n<p class=\"PlaygroundEditorTheme__paragraph\" dir=\"ltr\"> Tuoitre.vn<\/p>\n<p class=\"PlaygroundEditorTheme__paragraph\" dir=\"ltr\"> Source : https:\/\/tuoitre.vn\/viet-nam-va-anh-nang-cap-quan-he-len-doi-tac-chien-luoc-toan-dien-20251030025120514.htm<\/p>\n","protected":false},"excerpt":{"rendered":"Le secr\u00e9taire g\u00e9n\u00e9ral vietnamien Tola Lam et le Premier ministre britannique Keir Starmer ont publi\u00e9 une d\u00e9claration conjointe&hellip;\n","protected":false},"author":2,"featured_media":498790,"comment_status":"","ping_status":"","sticky":false,"template":"","format":"standard","meta":{"footnotes":""},"categories":[1588],"tags":[11,1777,674,61374,12,19237,473,1853,1851,1850,1852,951],"class_list":{"0":"post-498789","1":"post","2":"type-post","3":"status-publish","4":"format-standard","5":"has-post-thumbnail","7":"category-royaume-uni","8":"tag-actualites","9":"tag-eu","10":"tag-europe","11":"tag-frere-aine","12":"tag-news","13":"tag-partenariat-strategique-global","14":"tag-royaume-uni","15":"tag-royaume-uni-de-grande-bretagne-et-dirlande-du-nord","16":"tag-uk","17":"tag-united-kingdom","18":"tag-united-kingdom-of-great-britain-and-northern-ireland","19":"tag-vietnam"},"share_on_mastodon":{"url":"https:\/\/pubeurope.com\/@fr\/115460200408148187","error":""},"_links":{"self":[{"href":"https:\/\/www.europesays.com\/fr\/wp-json\/wp\/v2\/posts\/498789","targetHints":{"allow":["GET"]}}],"collection":[{"href":"https:\/\/www.europesays.com\/fr\/wp-json\/wp\/v2\/posts"}],"about":[{"href":"https:\/\/www.europesays.com\/fr\/wp-json\/wp\/v2\/types\/post"}],"author":[{"embeddable":true,"href":"https:\/\/www.europesays.com\/fr\/wp-json\/wp\/v2\/users\/2"}],"replies":[{"embeddable":true,"href":"https:\/\/www.europesays.com\/fr\/wp-json\/wp\/v2\/comments?post=498789"}],"version-history":[{"count":0,"href":"https:\/\/www.europesays.com\/fr\/wp-json\/wp\/v2\/posts\/498789\/revisions"}],"wp:featuredmedia":[{"embeddable":true,"href":"https:\/\/www.europesays.com\/fr\/wp-json\/wp\/v2\/media\/498790"}],"wp:attachment":[{"href":"https:\/\/www.europesays.com\/fr\/wp-json\/wp\/v2\/media?parent=498789"}],"wp:term":[{"taxonomy":"category","embeddable":true,"href":"https:\/\/www.europesays.com\/fr\/wp-json\/wp\/v2\/categories?post=498789"},{"taxonomy":"post_tag","embeddable":true,"href":"https:\/\/www.europesays.com\/fr\/wp-json\/wp\/v2\/tags?post=498789"}],"curies":[{"name":"wp","href":"https:\/\/api.w.org\/{rel}","templated":true}]}}