{"id":498791,"date":"2025-10-30T00:06:18","date_gmt":"2025-10-30T00:06:18","guid":{"rendered":"https:\/\/www.europesays.com\/fr\/498791\/"},"modified":"2025-10-30T00:06:18","modified_gmt":"2025-10-30T00:06:18","slug":"lafd-veut-creer-une-reserve-de-bitcoins","status":"publish","type":"post","link":"https:\/\/www.europesays.com\/fr\/498791\/","title":{"rendered":"l&rsquo;AfD veut cr\u00e9er une r\u00e9serve de Bitcoins"},"content":{"rendered":"<p>L\u2019Alternative f\u00fcr Deutschland (AfD) a encore fait parler d\u2019elle, outre-Rhin, en d\u00e9posant une dr\u00f4le de proposition au Bundestag. Pour le parti nationaliste allemand,<strong> il devient urgent d\u2019instaurer une r\u00e9serve nationale en Bitcoin<\/strong>.<\/p>\n<p>Une question de strat\u00e9gie<\/p>\n<p>L\u2019AfD souhaite en fait que le gouvernement allemand consid\u00e8re le\u00a0Bitcoin\u00a0<strong>comme un composant strat\u00e9gique des r\u00e9serves nationales<\/strong> (<a href=\"https:\/\/cryptodnes.bg\/fr\/allemagne-btc-or-banques\/\" rel=\"nofollow noopener\" target=\"_blank\">\u00e0 l\u2019instar de l\u2019or<\/a>, par exemple).<\/p>\n<p>Selon ce parti, la d\u00e9centralisation du Bitcoin et son offre limit\u00e9e (avec un plafond fix\u00e9 \u00e0 21 millions de jetons) en font <strong>une valeur refuge pertinente<\/strong> face aux menaces inflationnistes et \u00e0 la d\u00e9pr\u00e9ciation des monnaies classiques.<\/p>\n<p>Cette position s\u2019inscrit, par ailleurs, dans une vision plus large de la formation politique : <strong>renforcer la souverainet\u00e9 financi\u00e8re de l\u2019Allemagne<\/strong>. Cela passerait notamment par <strong>l\u2019\u00e9mancipation vis-\u00e0-vis de l\u2019Union europ\u00e9enne<\/strong> et de la politique mon\u00e9taire de sa Banque centrale (l\u2019AfD \u00e9tant singuli\u00e8rement eurosceptique).<\/p>\n<p>L\u2019AfD n\u2019est d\u2019ailleurs pas le seul parti politique du monde \u00e0 \u0153uvrer dans ce sens-l\u00e0. Sa proposition rejoint notamment des discussions similaires, abord\u00e9es dans plusieurs pays europ\u00e9ens, o\u00f9 la technologie blockchain est per\u00e7ue comme \u00e9tant salutaire face au <strong>pouvoir centralisateur des banques<\/strong>.<\/p>\n<p>Cependant, m\u00eame si l\u2019id\u00e9e fait son chemin, les d\u00e9tails concrets (comme la taille de cette r\u00e9serve ou la mani\u00e8re dont il faudrait la g\u00e9rer) restent encore relativement vagues. Et c\u2019est pr\u00e9cis\u00e9ment cela qui suscite actuellement <strong>des d\u00e9bats au sein du Bundestag<\/strong> (le parlement allemand).<\/p>\n<blockquote class=\"twitter-tweet\" data-width=\"550\" data-dnt=\"true\">\n<p lang=\"en\" dir=\"ltr\">\ud83d\udca5 BREAKING: \ud83c\udde9\ud83c\uddea Germany\u2019s AfD party proposes a Strategic Bitcoin Reserve <\/p>\n<p>Germany previously sold 50,000 BTC in 2024 at $57,900 \ud83e\udd26\u200d\u2642\ufe0f <a href=\"https:\/\/t.co\/G01WoNvEY5\" target=\"_blank\" rel=\"nofollow\">pic.twitter.com\/G01WoNvEY5<\/a><\/p>\n<p>\u2014 Bitcoin Archive (@BTC_Archive) <a href=\"https:\/\/twitter.com\/BTC_Archive\/status\/1983508007980789953?ref_src=twsrc%5Etfw\" target=\"_blank\" rel=\"nofollow noopener\">October 29, 2025<\/a><\/p>\n<\/blockquote>\n<p>Du pour et du contre<\/p>\n<p>Pour ceux qui supportent cette initiative, le \u00a0Bitcoin a une propri\u00e9t\u00e9 quasi-magique : il agit comme <strong>une couverture contre l\u2019inflation<\/strong>. Sa raret\u00e9 programm\u00e9e fait, en effet, de lui un actif potentiellement stable \u00e0 long terme (distinct, en cela, des monnaies fiat dont la valeur peut s\u2019\u00e9roder au gr\u00e9 des politiques mon\u00e9taires). Cette qualit\u00e9 s\u2019ajoute ainsi \u00e0 la d\u00e9centralisation du Bitcoin, pr\u00e9c\u00e9demment \u00e9voqu\u00e9e.<\/p>\n<p>Du c\u00f4t\u00e9 des opposants, par contre, c\u2019est <strong>la volatilit\u00e9 \u00e9lev\u00e9e du march\u00e9 des cryptomonnaies<\/strong> qui joue le r\u00f4le d\u2019\u00e9pouvantail. Celle-ci pourrait, en effet, exposer les finances publiques \u00e0 des fluctuations brutales. Quant \u00e0 la gestion s\u00e9curis\u00e9e des actifs num\u00e9riques, elle pose \u00e9galement des d\u00e9fis importants.<\/p>\n<p>Quid de la protection des cl\u00e9s priv\u00e9es, ou de la lutte contre les risques de piratage ? Autant de d\u00e9fis qu\u2019il faudrait relever avec s\u00e9rieux (en recourant \u00e0 des portefeuilles comme <a href=\"https:\/\/cryptodnes.bg\/fr\/visit\/bestwallet\" target=\"_blank\" rel=\"nofollow noopener sponsored\">Best Wallet<\/a>, par exemple), avant de miser massivement sur le Bitcoin.<\/p>\n<p>Un contexte politico-\u00e9conomique bien particulier<\/p>\n<p>Mais, \u00e0 vrai dire, la proposition de l\u2019AfD n\u2019est pas tout \u00e0 fait innocente. Elle intervient au moment-m\u00eame ou ce parti a renforc\u00e9 sa position politique dans le pays (au point d\u2019\u00eatre la la deuxi\u00e8me force politique au Bundestag).<\/p>\n<p>En abordant ce <strong>sujet \u00e9minemment strat\u00e9gique<\/strong>, le parti entend sans doute convaincre l\u2019opinion publique qu\u2019il est apte \u00e0 gouverner.<\/p>\n<p>Car le Bitcoin a d\u00e9j\u00e0 fait jaser, dans un pass\u00e9 tr\u00e8s r\u00e9cent. <a href=\"https:\/\/finance.yahoo.com\/news\/while-traders-hodl-germany-loses-101127779.html\" target=\"_blank\" rel=\"noopener nofollow\">En 2024, l\u2019Allemagne avait effectivement d\u00e9cid\u00e9 de vendre pr\u00e8s de 50 000 Bitcoin<\/a> (tous saisis dans le cadre de proc\u00e9dures judiciaires, pour plusieurs milliards d\u2019euros).<\/p>\n<p>Ce choix avait alors \u00e9t\u00e9 vertement critiqu\u00e9 par une certaine partie de l\u2019opinion publique\u00a0; ainsi que par l\u2019AfD, bien \u00e9videmment.<\/p>\n<p>Devant faire face \u00e0 quelques soucis d\u2019ordre \u00e9nerg\u00e9tiques (engendr\u00e9s par la guerre russo-ukrainienne),<strong> il semblerait que l\u2019Allemagne n\u2019ait plus le droit de g\u00e2cher la moindre source de revenus<\/strong>. Et cela, l\u2019AfD est bien pr\u00eate \u00e0 le lui rappeler r\u00e9guli\u00e8rement.<\/p>\n<p>Avertissement : les crypto-monnaies sont une classe d\u2019actifs \u00e0 haut risque. Cet article est fourni \u00e0 titre d\u2019information et ne constitue pas un conseil en investissement. Vous pourriez perdre la totalit\u00e9 de votre capital.<\/p>\n<p>Source\u00a0: <a href=\"https:\/\/www.cryptopolitan.com\/afd-files-to-exempt-bitcoin-from-mica\/\" target=\"_blank\" rel=\"noopener nofollow\">Cryptopolitan<\/a><\/p>\n<p>Pour aller plus loin\u00a0:<\/p>\n<p>                        <a href=\"https:\/\/cryptodnes.bg\/fr\/author\/mathiasg\/\" rel=\"nofollow noopener\" target=\"_blank\"><img loading=\"lazy\" decoding=\"async\" width=\"96\" height=\"96\" src=\"data:image\/svg+xml,%3Csvg%20xmlns=\" http:=\"\" data-lazy-src=\"https:\/\/www.europesays.com\/fr\/wp-content\/uploads\/2025\/10\/mathiasProfil-150x150.png\"\/><\/a><\/p>\n<p>Mathias Gindreau est r\u00e9dacteur sp\u00e9cialis\u00e9 dans les cryptomonnaies pour Cryptodnes.&#13;<br \/>\nAncien \u00e9tudiant en informatique, il a d\u2019abord travaill\u00e9 dans la cybers\u00e9curit\u00e9 avant de d\u00e9couvrir la blockchain, un domaine qui a rapidement \u00e9veill\u00e9 sa passion.&#13;<br \/>\nAujourd\u2019hui, il met \u00e0 profit ses comp\u00e9tences techniques et sa curiosit\u00e9 pour d\u00e9crypter l\u2019actualit\u00e9 crypto, analyser les tendances du march\u00e9 et vulgariser des sujets complexes li\u00e9s \u00e0 la technologie et \u00e0 la finance d\u00e9centralis\u00e9e.<\/p>\n<p dir=\"ltr\">\n                    <a href=\"https:\/\/t.me\/cryptodnesen\" rel=\"nofollow\"><br \/>\n                        <img loading=\"lazy\" decoding=\"async\" width=\"700\" height=\"215\" src=\"data:image\/svg+xml,%3Csvg%20xmlns=\" http:=\"\" style=\"max-width: 700px; width: 100%;\" alt=\"Telegram\" class=\"zoomify\" data-lazy-src=\"https:\/\/www.europesays.com\/fr\/wp-content\/uploads\/2025\/08\/telegram-en.jpg\"\/><br \/>\n                    <\/a>\n                <\/p>\n<p>            <script async src=\"https:\/\/platform.twitter.com\/widgets.js\" charset=\"utf-8\"><\/script><\/p>\n","protected":false},"excerpt":{"rendered":"L\u2019Alternative f\u00fcr Deutschland (AfD) a encore fait parler d\u2019elle, outre-Rhin, en d\u00e9posant une dr\u00f4le de proposition au Bundestag.&hellip;\n","protected":false},"author":2,"featured_media":498792,"comment_status":"","ping_status":"","sticky":false,"template":"","format":"standard","meta":{"footnotes":""},"categories":[1587],"tags":[11,672,62107,5688,1804,1805,1803,1777,674,1801,12,1802],"class_list":{"0":"post-498791","1":"post","2":"type-post","3":"status-publish","4":"format-standard","5":"has-post-thumbnail","7":"category-allemagne","8":"tag-actualites","9":"tag-allemagne","10":"tag-best-wallet","11":"tag-bitcoin","12":"tag-bundesrepublik-deutschland","13":"tag-de","14":"tag-deutschland","15":"tag-eu","16":"tag-europe","17":"tag-germany","18":"tag-news","19":"tag-republique-federale-dallemagne"},"share_on_mastodon":{"url":"https:\/\/pubeurope.com\/@fr\/115460203136635723","error":""},"_links":{"self":[{"href":"https:\/\/www.europesays.com\/fr\/wp-json\/wp\/v2\/posts\/498791","targetHints":{"allow":["GET"]}}],"collection":[{"href":"https:\/\/www.europesays.com\/fr\/wp-json\/wp\/v2\/posts"}],"about":[{"href":"https:\/\/www.europesays.com\/fr\/wp-json\/wp\/v2\/types\/post"}],"author":[{"embeddable":true,"href":"https:\/\/www.europesays.com\/fr\/wp-json\/wp\/v2\/users\/2"}],"replies":[{"embeddable":true,"href":"https:\/\/www.europesays.com\/fr\/wp-json\/wp\/v2\/comments?post=498791"}],"version-history":[{"count":0,"href":"https:\/\/www.europesays.com\/fr\/wp-json\/wp\/v2\/posts\/498791\/revisions"}],"wp:featuredmedia":[{"embeddable":true,"href":"https:\/\/www.europesays.com\/fr\/wp-json\/wp\/v2\/media\/498792"}],"wp:attachment":[{"href":"https:\/\/www.europesays.com\/fr\/wp-json\/wp\/v2\/media?parent=498791"}],"wp:term":[{"taxonomy":"category","embeddable":true,"href":"https:\/\/www.europesays.com\/fr\/wp-json\/wp\/v2\/categories?post=498791"},{"taxonomy":"post_tag","embeddable":true,"href":"https:\/\/www.europesays.com\/fr\/wp-json\/wp\/v2\/tags?post=498791"}],"curies":[{"name":"wp","href":"https:\/\/api.w.org\/{rel}","templated":true}]}}