{"id":498806,"date":"2025-10-30T00:19:13","date_gmt":"2025-10-30T00:19:13","guid":{"rendered":"https:\/\/www.europesays.com\/fr\/498806\/"},"modified":"2025-10-30T00:19:13","modified_gmt":"2025-10-30T00:19:13","slug":"championnat-de-france-sur-piste-de-lavenir-j1-les-photos-actualite","status":"publish","type":"post","link":"https:\/\/www.europesays.com\/fr\/498806\/","title":{"rendered":"Championnat de France sur piste de l&rsquo;Avenir &#8211; J1 : Les photos &#8211; Actualit\u00e9"},"content":{"rendered":"<p>                                                                    <img decoding=\"async\" src=\"https:\/\/www.europesays.com\/fr\/wp-content\/uploads\/2025\/10\/6902654b518a4.jpg\" height=\"auto\" loading=\"lazy\"\/><br \/>\n                                                                    Cr\u00e9dit photo DirectVelo<\/p>\n<p class=\"images-caption\">Cr\u00e9dit photo DirectVelo<\/p>\n<p class=\"metadata\">\n            Par<br \/>\n        <strong class=\"text-black\">DOMINIQUE TURGIS<\/strong><br \/>\n                    <br \/>Le<br \/>\n    29 octobre 2025, 22:05<\/p>\n<p>Le Championnat de France\u00a0sur piste de l&rsquo;Avenir a d\u00e9but\u00e9 ce mercredi \u00e0 Loud\u00e9ac (C\u00f4tes d&rsquo;Armor). Il se terminera dimanche. Retrouvez les photos de cette premi\u00e8re journ\u00e9e <a href=\"https:\/\/www.directvelo.com\/album\/4538\/championnat-de-france-sur-piste-de-lavenir-2025-j1\" target=\"_blank\" rel=\"noopener\"><strong>en cliquant ici<\/strong><\/a> ou sur l&rsquo;image ci-dessous.<\/p>\n<p class=\"text-center\"><a href=\"https:\/\/www.directvelo.com\/album\/4538\/championnat-de-france-sur-piste-de-lavenir-2025-j1\" target=\"_blank\" rel=\"noopener\"><img loading=\"lazy\" decoding=\"async\" src=\"https:\/\/www.europesays.com\/fr\/wp-content\/uploads\/2025\/10\/loudeac bois.jpg\" alt=\"\" width=\"600\" height=\"450\"\/><\/a><\/p>\n","protected":false},"excerpt":{"rendered":"Cr\u00e9dit photo DirectVelo Cr\u00e9dit photo DirectVelo Par DOMINIQUE TURGIS Le 29 octobre 2025, 22:05 Le Championnat de France\u00a0sur&hellip;\n","protected":false},"author":2,"featured_media":498807,"comment_status":"","ping_status":"","sticky":false,"template":"","format":"standard","meta":{"footnotes":""},"categories":[1411],"tags":[834,828,836,829,837,827,83,826,824,823,1154,207,814,817,815,816,822,821,832,211,839,1011,27,820,818,819,835,831,830,833,838,60,212,208,825],"class_list":{"0":"post-498806","1":"post","2":"type-post","3":"status-publish","4":"format-standard","5":"has-post-thumbnail","7":"category-cyclisme","8":"tag-attaque","9":"tag-belgique","10":"tag-braquet","11":"tag-bretagne","12":"tag-chute","13":"tag-competition","14":"tag-coupe-de-france","15":"tag-coureur","16":"tag-course-cyclisme","17":"tag-course-cycliste","18":"tag-cycling","19":"tag-cyclisme","20":"tag-direct","21":"tag-direct-velo","22":"tag-directvelo","23":"tag-directvelo-com","24":"tag-epreuve","25":"tag-epreuve-cycliste","26":"tag-federation-francaise-de-cyclisme","27":"tag-ffc","28":"tag-flandres","29":"tag-fr","30":"tag-france","31":"tag-live","32":"tag-live-course","33":"tag-live-epreuve","34":"tag-peloton","35":"tag-radio-peloton","36":"tag-radio-tour","37":"tag-ravitaillement","38":"tag-relance","39":"tag-sports","40":"tag-uci","41":"tag-velo","42":"tag-velos"},"share_on_mastodon":{"url":"https:\/\/pubeurope.com\/@fr\/115460254830579363","error":""},"_links":{"self":[{"href":"https:\/\/www.europesays.com\/fr\/wp-json\/wp\/v2\/posts\/498806","targetHints":{"allow":["GET"]}}],"collection":[{"href":"https:\/\/www.europesays.com\/fr\/wp-json\/wp\/v2\/posts"}],"about":[{"href":"https:\/\/www.europesays.com\/fr\/wp-json\/wp\/v2\/types\/post"}],"author":[{"embeddable":true,"href":"https:\/\/www.europesays.com\/fr\/wp-json\/wp\/v2\/users\/2"}],"replies":[{"embeddable":true,"href":"https:\/\/www.europesays.com\/fr\/wp-json\/wp\/v2\/comments?post=498806"}],"version-history":[{"count":0,"href":"https:\/\/www.europesays.com\/fr\/wp-json\/wp\/v2\/posts\/498806\/revisions"}],"wp:featuredmedia":[{"embeddable":true,"href":"https:\/\/www.europesays.com\/fr\/wp-json\/wp\/v2\/media\/498807"}],"wp:attachment":[{"href":"https:\/\/www.europesays.com\/fr\/wp-json\/wp\/v2\/media?parent=498806"}],"wp:term":[{"taxonomy":"category","embeddable":true,"href":"https:\/\/www.europesays.com\/fr\/wp-json\/wp\/v2\/categories?post=498806"},{"taxonomy":"post_tag","embeddable":true,"href":"https:\/\/www.europesays.com\/fr\/wp-json\/wp\/v2\/tags?post=498806"}],"curies":[{"name":"wp","href":"https:\/\/api.w.org\/{rel}","templated":true}]}}