{"id":49881,"date":"2025-04-24T19:08:18","date_gmt":"2025-04-24T19:08:18","guid":{"rendered":"https:\/\/www.europesays.com\/fr\/49881\/"},"modified":"2025-04-24T19:08:18","modified_gmt":"2025-04-24T19:08:18","slug":"un-yacht-sur-lill-on-a-teste-nao-le-service-exclusif-de-batorama-a-strasbourg","status":"publish","type":"post","link":"https:\/\/www.europesays.com\/fr\/49881\/","title":{"rendered":"Un yacht sur l&rsquo;Ill ? On a test\u00e9 NAO, le service \u00ab exclusif \u00bb de Batorama \u00e0 Strasbourg"},"content":{"rendered":"<p>    <img loading=\"lazy\" width=\"1800\" height=\"900\" src=\"https:\/\/www.europesays.com\/fr\/wp-content\/uploads\/2025\/04\/jeanne-callthepolice.jpg\" class=\"attachment-full size-full\" alt=\"\" id=\"imageLove\" decoding=\"async\"  \/><\/p>\n<p id=\"breadcrumbs\"><a href=\"https:\/\/pokaa.fr\/\" target=\"_blank\" rel=\"noopener\">Accueil<\/a> \/ <a href=\"https:\/\/pokaa.fr\/categories\/les-bonnes-adresses\/\" target=\"_blank\" rel=\"noopener\">Bonnes adresses<\/a> \/ Un yacht sur l\u2019Ill ? On a test\u00e9 NAO, le service \u00ab exclusif \u00bb de Batorama \u00e0 Strasbourg<\/p>\n<p>                    Bonnes adresses<\/p>\n<p><strong>Depuis 2021, une nouvelle offre de croisi\u00e8re a vu le jour \u00e0 Strasbourg. Nao, c\u2019est son nom, est une sorte de bateau de plaisance mis \u00e0 l\u2019eau pour transporter des voyageurs\/ses au fil de l\u2019Ill. Que ce soit pour aller d\u2019un point A \u00e0 un point B, pour se balader et d\u00e9couvrir le paysage ou pour c\u00e9l\u00e9brer un \u00e9v\u00e9nement, ce service a de quoi s\u00e9duire un large public. On a test\u00e9 et on vous dit tout.<br \/><\/strong><\/p>\n<p>Nao, ce n\u2019est ni un service de bateau qui transporte des centaines de personnes, ni un petit rafiot \u00e0 conduire soi-m\u00eame :<strong> c\u2019est un service de navigation sur mesure et priv\u00e9<\/strong>.<\/p>\n<p>Le fonctionnement est simple :\u00a0<strong>on choisit son embarcad\u00e8re de d\u00e9part et celui de l\u2019arriv\u00e9e, et on peut m\u00eame faire une boucle si \u00e7a nous chante.<\/strong> En tout, 10 points de d\u00e9part ou d\u2019arriv\u00e9e sont disponibles (centre-ville, institutions europ\u00e9ennes, presqu\u2019\u00eele Malraux).<\/p>\n<p>                <img width=\"667\" height=\"500\" src=\"https:\/\/www.europesays.com\/fr\/wp-content\/uploads\/2025\/04\/image00010-9.jpeg\" class=\"attachment-gallery size-gallery\" alt=\"Nao navette Batorama\" data-full-url=\"https:\/\/www.europesays.com\/fr\/wp-content\/uploads\/2025\/04\/image00010-9.jpeg\" decoding=\"async\" loading=\"lazy\"  \/>            <\/p>\n<p>                <img width=\"667\" height=\"500\" src=\"https:\/\/www.europesays.com\/fr\/wp-content\/uploads\/2025\/04\/image00017-7.jpeg\" class=\"attachment-gallery size-gallery\" alt=\"Nao navette Batorama\" data-full-url=\"https:\/\/www.europesays.com\/fr\/wp-content\/uploads\/2025\/04\/image00017-7.jpeg\" decoding=\"async\" loading=\"lazy\"  \/>            <\/p>\n<p>                <img width=\"667\" height=\"500\" src=\"https:\/\/www.europesays.com\/fr\/wp-content\/uploads\/2025\/04\/image00024-6.jpeg\" class=\"attachment-gallery size-gallery\" alt=\"Nao navette Batorama\" data-full-url=\"https:\/\/www.europesays.com\/fr\/wp-content\/uploads\/2025\/04\/image00024-6.jpeg\" decoding=\"async\" loading=\"lazy\"  \/>            <\/p>\n<p>                <img width=\"667\" height=\"500\" src=\"https:\/\/www.europesays.com\/fr\/wp-content\/uploads\/2025\/04\/image00034-3.jpeg\" class=\"attachment-gallery size-gallery\" alt=\"Nao navette Batorama\" data-full-url=\"https:\/\/www.europesays.com\/fr\/wp-content\/uploads\/2025\/04\/image00034-3.jpeg\" decoding=\"async\" loading=\"lazy\"  \/>            <\/p>\n<p>                    \u00a9 Bastien Pietronave \/ Pokaa<\/p>\n<p>Des instants privil\u00e9gi\u00e9s qui nous font d\u00e9couvrir la ville autrement<\/p>\n<p>Alain, notre capitaine, nous accueille avec un look qui met d\u00e9j\u00e0 dans l\u2019ambiance. Notre trajet du jour ?\u00a0<strong>Une balade d\u2019une heure qui nous emm\u00e8nera du pied de la cath\u00e9drale jusqu\u2019\u00e0 l\u2019\u00e9glise orthodoxe russe de Strasbourg.\u00a0<\/strong><\/p>\n<p>Depuis notre navire<strong>, on passe par le Palais Rohan, les quais de Strasbourg, l\u2019\u00e9glise Saint-Paul,<\/strong> on plonge dans un couloir de verdure, puis on croise Arte et les impressionnantes institutions europ\u00e9ennes qui se d\u00e9voilent sous un angle nouveau.<\/p>\n<p>                <img width=\"667\" height=\"500\" src=\"https:\/\/www.europesays.com\/fr\/wp-content\/uploads\/2025\/04\/image00023-8.jpeg\" class=\"attachment-gallery size-gallery\" alt=\"Nao navette Batorama\" data-full-url=\"https:\/\/www.europesays.com\/fr\/wp-content\/uploads\/2025\/04\/image00023-8.jpeg\" decoding=\"async\" loading=\"lazy\"  \/>            <\/p>\n<p>                <img width=\"375\" height=\"500\" src=\"https:\/\/www.europesays.com\/fr\/wp-content\/uploads\/2025\/04\/image00021-7.jpeg\" class=\"attachment-gallery size-gallery\" alt=\"Nao navette Batorama\" data-full-url=\"https:\/\/www.europesays.com\/fr\/wp-content\/uploads\/2025\/04\/image00021-7.jpeg\" decoding=\"async\" loading=\"lazy\"  \/>            <\/p>\n<p>                <img width=\"667\" height=\"500\" src=\"https:\/\/www.europesays.com\/fr\/wp-content\/uploads\/2025\/04\/image00018-7.jpeg\" class=\"attachment-gallery size-gallery\" alt=\"Nao navette Batorama\" data-full-url=\"https:\/\/www.europesays.com\/fr\/wp-content\/uploads\/2025\/04\/image00018-7.jpeg\" decoding=\"async\" loading=\"lazy\"  \/>            <\/p>\n<p>                <img width=\"667\" height=\"500\" src=\"https:\/\/www.europesays.com\/fr\/wp-content\/uploads\/2025\/04\/image00011-8.jpeg\" class=\"attachment-gallery size-gallery\" alt=\"Nao navette Batorama\" data-full-url=\"https:\/\/www.europesays.com\/fr\/wp-content\/uploads\/2025\/04\/image00011-8.jpeg\" decoding=\"async\" loading=\"lazy\"  \/>            <\/p>\n<p>                <img width=\"375\" height=\"500\" src=\"https:\/\/www.europesays.com\/fr\/wp-content\/uploads\/2025\/04\/image00002-10.jpeg\" class=\"attachment-gallery size-gallery\" alt=\"Nao navette Batorama\" data-full-url=\"https:\/\/www.europesays.com\/fr\/wp-content\/uploads\/2025\/04\/image00002-10.jpeg\" decoding=\"async\" loading=\"lazy\"  \/>            <\/p>\n<p>                <img width=\"667\" height=\"500\" src=\"https:\/\/www.europesays.com\/fr\/wp-content\/uploads\/2025\/04\/image00014-7.jpeg\" class=\"attachment-gallery size-gallery\" alt=\"Nao navette Batorama\" data-full-url=\"https:\/\/www.europesays.com\/fr\/wp-content\/uploads\/2025\/04\/image00014-7.jpeg\" decoding=\"async\" loading=\"lazy\"  \/>            <\/p>\n<p>                <img width=\"667\" height=\"500\" src=\"https:\/\/www.europesays.com\/fr\/wp-content\/uploads\/2025\/04\/image00006-10.jpeg\" class=\"attachment-gallery size-gallery\" alt=\"Nao navette Batorama\" data-full-url=\"https:\/\/www.europesays.com\/fr\/wp-content\/uploads\/2025\/04\/image00006-10.jpeg\" decoding=\"async\" loading=\"lazy\"  \/>            <\/p>\n<p>                    \u00a9 Bastien Pietronave \/ Pokaa<\/p>\n<p><strong>On s\u2019installe \u00e0 l\u2019avant ou \u00e0 l\u2019arri\u00e8re du bateau, un verre \u00e0 la main, et on se laisse bercer par le bateau \u00e9lectrique qui fend l\u2019eau sans faire de bruit<\/strong>. `<\/p>\n<p>L\u2019objectif : prendre son temps, chacun \u00e0 sa mani\u00e8re, et franchement, c\u2019est un moment assez rare qui fait son petit effet.<\/p>\n<p>    <img width=\"800\" height=\"573\" src=\"https:\/\/www.europesays.com\/fr\/wp-content\/uploads\/2025\/04\/image00027-6.jpeg\" class=\"attachment-image-size-L size-image-size-L\" alt=\"Nao navette Batorama\" decoding=\"async\" loading=\"lazy\"  \/>         \u00a9 Bastien Pietronave \/ Pokaa <\/p>\n<p>Les petits et gros +<\/p>\n<ul>\n<li><b>C\u2019est un moment que l\u2019on peut s\u2019offrir pour diff\u00e9rentes occasions <\/b>ou juste pour le plaisir, et \u00e7a vaut le d\u00e9tour.<\/li>\n<li>On prend le temps d\u2019appr\u00e9cier la ville autrement, sous un angle peu commun.<\/li>\n<li><a href=\"https:\/\/shop.batorama.com\/accueil\/accueilTaxi.jsp?process=1&amp;link_id=18973749183709184\" target=\"_blank\" rel=\"noopener\">Le moteur de r\u00e9servation en ligne<\/a> est vraiment simple d\u2019utilisation.<\/li>\n<li><b>Le silence du bateau \u00e9lectrique et son confort font toute la diff\u00e9rence.<\/b><b\/><\/li>\n<li>On peut m\u00eame aller sur le Rhin.<\/li>\n<li>Un service boisson + petite restauration est dispo \u00e0 bord sur demande au minimum 48h (jours ouvr\u00e9s) avant la sortie (<a href=\"https:\/\/shop.batorama.com\/cat\/fr-NAO-Gourmand.html?process=2\" target=\"_blank\" rel=\"noopener\">voir les offres<\/a>).<\/li>\n<li><b>Possibilit\u00e9 de mettre de la musique \u00e0 bord.<\/b><b\/><\/li>\n<\/ul>\n<p>    <img width=\"700\" height=\"466\" src=\"https:\/\/www.europesays.com\/fr\/wp-content\/uploads\/2025\/04\/batorama-carte-embarcaderes-nao-2022-grand_2.jpg\" class=\"attachment-image-size-L size-image-size-L\" alt=\"batorama-carte-embarcaderes-nao-2022-grand_2\" decoding=\"async\" loading=\"lazy\"  \/>         \u00a9\u00a0Batorama \/ Capture d&rsquo;\u00e9cran <\/p>\n<p>            NAO par Batorama<\/p>\n<p>            Quoi ?<br \/>\n            Balade\/visite en bateau privatisable        <\/p>\n<p>            o\u00f9 ?<br \/>\n            18 place de la Cath\u00e9drale, \u00e0 Strasbourg        <\/p>\n<p>                Plus d&rsquo;infos ?<\/p>\n<p>Tel : 0369744404<\/p>\n<p><a href=\"https:\/\/www.batorama.com\/fr\/NAO-bateau-electrique\" target=\"_blank\" rel=\"noreferrer noopener\">Le site web pour r\u00e9server<\/a><br \/><a href=\"https:\/\/www.instagram.com\/batorama\/\" target=\"_blank\" rel=\"noreferrer noopener\">La page Instagram<\/a><br \/><a href=\"https:\/\/www.facebook.com\/Batorama\" target=\"_blank\" rel=\"noreferrer noopener\">La page Facebook<\/a><\/p>\n<p>                <img width=\"667\" height=\"500\" src=\"https:\/\/www.europesays.com\/fr\/wp-content\/uploads\/2025\/04\/image00028-5.jpeg\" class=\"attachment-gallery size-gallery\" alt=\"Nao navette Batorama\" data-full-url=\"https:\/\/www.europesays.com\/fr\/wp-content\/uploads\/2025\/04\/image00028-5.jpeg\" decoding=\"async\" loading=\"lazy\"  \/>            <\/p>\n<p>                <img width=\"698\" height=\"500\" src=\"https:\/\/www.europesays.com\/fr\/wp-content\/uploads\/2025\/04\/image00022-8.jpeg\" class=\"attachment-gallery size-gallery\" alt=\"Nao navette Batorama\" data-full-url=\"https:\/\/www.europesays.com\/fr\/wp-content\/uploads\/2025\/04\/image00022-8.jpeg\" decoding=\"async\" loading=\"lazy\"  \/>            <\/p>\n<p>                <img width=\"375\" height=\"500\" src=\"https:\/\/www.europesays.com\/fr\/wp-content\/uploads\/2025\/04\/image00026-5.jpeg\" class=\"attachment-gallery size-gallery\" alt=\"Nao navette Batorama\" data-full-url=\"https:\/\/www.europesays.com\/fr\/wp-content\/uploads\/2025\/04\/image00026-5.jpeg\" decoding=\"async\" loading=\"lazy\"  \/>            <\/p>\n<p>                <img width=\"375\" height=\"500\" src=\"https:\/\/www.europesays.com\/fr\/wp-content\/uploads\/2025\/04\/image00013-8.jpeg\" class=\"attachment-gallery size-gallery\" alt=\"Nao navette Batorama\" data-full-url=\"https:\/\/www.europesays.com\/fr\/wp-content\/uploads\/2025\/04\/image00013-8.jpeg\" decoding=\"async\" loading=\"lazy\"  \/>            <\/p>\n<p>                <img width=\"667\" height=\"500\" src=\"https:\/\/www.europesays.com\/fr\/wp-content\/uploads\/2025\/04\/image00005-11.jpeg\" class=\"attachment-gallery size-gallery\" alt=\"Nao navette Batorama\" data-full-url=\"https:\/\/www.europesays.com\/fr\/wp-content\/uploads\/2025\/04\/image00005-11.jpeg\" decoding=\"async\" loading=\"lazy\"  \/>            <\/p>\n<p>                    \u00a9 Bastien Pietronave \/ Pokaa<\/p>\n<p><script async src=\"\/\/www.instagram.com\/embed.js\"><\/script><\/p>\n","protected":false},"excerpt":{"rendered":"Accueil \/ Bonnes adresses \/ Un yacht sur l\u2019Ill ? On a test\u00e9 NAO, le service \u00ab exclusif&hellip;\n","protected":false},"author":2,"featured_media":49882,"comment_status":"","ping_status":"","sticky":false,"template":"","format":"standard","meta":{"footnotes":""},"categories":[2820],"tags":[1111,11,14226,1777,674,1011,27,775,10284,14227,12,25,640,13430],"class_list":{"0":"post-49881","1":"post","2":"type-post","3":"status-publish","4":"format-standard","5":"has-post-thumbnail","7":"category-strasbourg","8":"tag-actu","9":"tag-actualites","10":"tag-batorama","11":"tag-eu","12":"tag-europe","13":"tag-fr","14":"tag-france","15":"tag-grand-est","16":"tag-location","17":"tag-nao","18":"tag-news","19":"tag-republique-francaise","20":"tag-strasbourg","21":"tag-taxi"},"share_on_mastodon":{"url":"https:\/\/pubeurope.com\/@fr\/114394518897426355","error":""},"_links":{"self":[{"href":"https:\/\/www.europesays.com\/fr\/wp-json\/wp\/v2\/posts\/49881","targetHints":{"allow":["GET"]}}],"collection":[{"href":"https:\/\/www.europesays.com\/fr\/wp-json\/wp\/v2\/posts"}],"about":[{"href":"https:\/\/www.europesays.com\/fr\/wp-json\/wp\/v2\/types\/post"}],"author":[{"embeddable":true,"href":"https:\/\/www.europesays.com\/fr\/wp-json\/wp\/v2\/users\/2"}],"replies":[{"embeddable":true,"href":"https:\/\/www.europesays.com\/fr\/wp-json\/wp\/v2\/comments?post=49881"}],"version-history":[{"count":0,"href":"https:\/\/www.europesays.com\/fr\/wp-json\/wp\/v2\/posts\/49881\/revisions"}],"wp:featuredmedia":[{"embeddable":true,"href":"https:\/\/www.europesays.com\/fr\/wp-json\/wp\/v2\/media\/49882"}],"wp:attachment":[{"href":"https:\/\/www.europesays.com\/fr\/wp-json\/wp\/v2\/media?parent=49881"}],"wp:term":[{"taxonomy":"category","embeddable":true,"href":"https:\/\/www.europesays.com\/fr\/wp-json\/wp\/v2\/categories?post=49881"},{"taxonomy":"post_tag","embeddable":true,"href":"https:\/\/www.europesays.com\/fr\/wp-json\/wp\/v2\/tags?post=49881"}],"curies":[{"name":"wp","href":"https:\/\/api.w.org\/{rel}","templated":true}]}}