{"id":498811,"date":"2025-10-30T00:25:04","date_gmt":"2025-10-30T00:25:04","guid":{"rendered":"https:\/\/www.europesays.com\/fr\/498811\/"},"modified":"2025-10-30T00:25:04","modified_gmt":"2025-10-30T00:25:04","slug":"greys-anatomy-s11-e22-partir-sans-un-mot-partie-1","status":"publish","type":"post","link":"https:\/\/www.europesays.com\/fr\/498811\/","title":{"rendered":"Grey&rsquo;s anatomy &#8211; S11 E22 &#8211; Partir sans un mot &#8211; partie 1"},"content":{"rendered":"<p id=\"descriptionPanel\" class=\"text-secondary mr-2 line-clamp-2 pr-2.5 overflow-visible\">Tout le Grey-Sloan est sous le choc en apprenant la mort de Derek. Peu de temps apr\u00e8s son enterrement, Meredith quitte Seattle avec ses enfants sans expliquer les raisons de son d\u00e9part et reste injoignable. Jos\u00e9phine et Jackson soignent pendant plusieurs mois deux femmes gri\u00e8vement br\u00fbl\u00e9es. Owen repart en service actif au Moyen-Orient pour soigner des soldats au front. Contre l\u2019avis de Jackson, April l\u2019accompagne pour une mission de trois mois, qu\u2019elle prolonge constamment. Bailey et Ben ont des points de vue divergents sur les soins qu\u2019ils d\u00e9sirent s\u2019ils se retrouvent en \u00e9tat de mort c\u00e9r\u00e9brale. Callie soigne un policier avec lequel elle avait eu un rendez-vous catastrophique.<\/p>\n<p>Afficher la version longue du r\u00e9sum\u00e9<a class=\"shrink-0\" href=\"https:\/\/www.tf1.fr\/tf1\/greys-anatomy\" target=\"_blank\" rel=\"noopener\"><img decoding=\"async\" src=\"https:\/\/www.europesays.com\/fr\/wp-content\/uploads\/2025\/08\/flux-program-card-portrait-1-greys-anatomy-saison-21-2693a1-f28875-d5f08c-0@1x.jpg\" width=\"138\" height=\"184\" alt=\"\" loading=\"eager\" fetchpriority=\"auto\" class=\"rounded-3px aspect-[3\/4] h-24 w-auto\" aria-hidden=\"true\"\/><\/a><\/p>\n","protected":false},"excerpt":{"rendered":"Tout le Grey-Sloan est sous le choc en apprenant la mort de Derek. Peu de temps apr\u00e8s son&hellip;\n","protected":false},"author":2,"featured_media":498812,"comment_status":"","ping_status":"","sticky":false,"template":"","format":"standard","meta":{"footnotes":""},"categories":[1356],"tags":[58,59,1365,43635,49673,41047,1011,27,43637,49674,43633,43645,43649,49672,49678,49680,49676,43641,43647,49679,43643,49677,252,1364,43639,49675],"class_list":{"0":"post-498811","1":"post","2":"type-post","3":"status-publish","4":"format-standard","5":"has-post-thumbnail","7":"category-television","8":"tag-divertissement","9":"tag-entertainment","10":"tag-episode","11":"tag-episode-greys-anatomy","12":"tag-episode-greys-anatomy-tf1","13":"tag-episode-tf1","14":"tag-fr","15":"tag-france","16":"tag-greys-anatomy-episode","17":"tag-greys-anatomy-episode-tf1","18":"tag-serie-greys-anatomy","19":"tag-serie-greys-anatomy-streaming","20":"tag-serie-greys-anatomy-streaming-gratuit","21":"tag-serie-greys-anatomy-tf1","22":"tag-serie-greys-anatomy-tf1-streaming","23":"tag-serie-greys-anatomy-tf1-streaming-gratuit","24":"tag-serie-greys-anatomy-tf1-video","25":"tag-serie-greys-anatomy-video","26":"tag-streaming-gratuit-serie-greys-anatomy","27":"tag-streaming-gratuit-serie-greys-anatomy-tf1","28":"tag-streaming-serie-greys-anatomy","29":"tag-streaming-serie-greys-anatomy-tf1","30":"tag-television","31":"tag-tv","32":"tag-video-serie-greys-anatomy","33":"tag-video-serie-greys-anatomy-tf1"},"share_on_mastodon":{"url":"","error":"Validation failed: Text character limit of 500 exceeded"},"_links":{"self":[{"href":"https:\/\/www.europesays.com\/fr\/wp-json\/wp\/v2\/posts\/498811","targetHints":{"allow":["GET"]}}],"collection":[{"href":"https:\/\/www.europesays.com\/fr\/wp-json\/wp\/v2\/posts"}],"about":[{"href":"https:\/\/www.europesays.com\/fr\/wp-json\/wp\/v2\/types\/post"}],"author":[{"embeddable":true,"href":"https:\/\/www.europesays.com\/fr\/wp-json\/wp\/v2\/users\/2"}],"replies":[{"embeddable":true,"href":"https:\/\/www.europesays.com\/fr\/wp-json\/wp\/v2\/comments?post=498811"}],"version-history":[{"count":0,"href":"https:\/\/www.europesays.com\/fr\/wp-json\/wp\/v2\/posts\/498811\/revisions"}],"wp:featuredmedia":[{"embeddable":true,"href":"https:\/\/www.europesays.com\/fr\/wp-json\/wp\/v2\/media\/498812"}],"wp:attachment":[{"href":"https:\/\/www.europesays.com\/fr\/wp-json\/wp\/v2\/media?parent=498811"}],"wp:term":[{"taxonomy":"category","embeddable":true,"href":"https:\/\/www.europesays.com\/fr\/wp-json\/wp\/v2\/categories?post=498811"},{"taxonomy":"post_tag","embeddable":true,"href":"https:\/\/www.europesays.com\/fr\/wp-json\/wp\/v2\/tags?post=498811"}],"curies":[{"name":"wp","href":"https:\/\/api.w.org\/{rel}","templated":true}]}}