{"id":498813,"date":"2025-10-30T00:26:16","date_gmt":"2025-10-30T00:26:16","guid":{"rendered":"https:\/\/www.europesays.com\/fr\/498813\/"},"modified":"2025-10-30T00:26:16","modified_gmt":"2025-10-30T00:26:16","slug":"partir-un-jour-de-la-creation-du-tube-au-retour-de-hype","status":"publish","type":"post","link":"https:\/\/www.europesays.com\/fr\/498813\/","title":{"rendered":"\u00ab\u00a0Partir un jour\u00a0\u00bb, de la cr\u00e9ation du tube au retour de hype"},"content":{"rendered":"<p>Le 13 mai, <a href=\"https:\/\/www.20minutes.fr\/arts-stars\/cinema\/festival_de_cannes\/4152922-20250513-festival-cannes-2025-juliette-armanet-fait-ouverture-partir-jour\" class=\"c-link c-link--is-underlined\" target=\"_blank\" rel=\"noopener\">en ouverture du dernier Festival de Cannes<\/a>, <a href=\"https:\/\/www.20minutes.fr\/arts-stars\/culture\/musique\/4153229-20250513-apres-version-piano-voix-juliette-armanet-prepare-remix-techno-boys-band-2be3\" class=\"c-link c-link--is-underlined\" target=\"_blank\" rel=\"noopener\">Juliette Armanet <\/a>d\u00e9voilait une version d\u00e9pouill\u00e9e de la chanson Partir un jour, qui donne son titre au film dans lequel elle fait ses d\u00e9buts de com\u00e9dienne. La s\u00e9rie <a href=\"https:\/\/www.20minutes.fr\/arts-stars\/serie\/4174322-20250921-culte-2be3-partis-rien-prets-tout-reussir\" class=\"c-link c-link--is-underlined\" target=\"_blank\" rel=\"noopener\">Culte\u00a0: 2Be3<\/a>, disponible sur Prime Video, relate de fa\u00e7on romanc\u00e9e la cr\u00e9ation de ce tube, initialement sorti en\u00a01996. Un single qui s\u2019est \u00e9coul\u00e9 \u00e0 450.000 exemplaires, propulsant le <a href=\"https:\/\/www.20minutes.fr\/dossier\/boys_band\" class=\"c-link c-link--is-underlined\" target=\"_blank\" rel=\"noopener\">boys band<\/a> au sommet.<\/p>\n<p>20 Minutes revient sur la vraie histoire derri\u00e8re ce tube, qui doit son succ\u00e8s \u00e0 une \u00ab\u00a0alchimie entre un texte, une musique, des interpr\u00e8tes et l\u2019air du temps\u00a0\u00bb, selon son compositeur, <a href=\"https:\/\/www.laurentmarimbert.com\/\" target=\"_blank\" class=\"c-link c-link--is-underlined\" rel=\"noopener\">Laurent Marimbert<\/a>.<\/p>\n<p>\u00ab\u00a0On a un boys band et on cherche des chansons\u00a0\u00bb<\/p>\n<p>\u00ab\u00a0J\u2019avais mont\u00e9 un studio d\u2019enregistrement avec un ing\u00e9nieur du son, Nicolas Varak, qui rentrait d\u2019Angleterre. Il avait l\u2019habitude de cette culture, de ce son pop, que faisaient les producteurs<a href=\"https:\/\/en.wikipedia.org\/wiki\/Stock_Aitken_Waterman\" rel=\"nofollow noopener\" target=\"_blank\" class=\"c-link c-link--is-underlined\"> Stock Aitken Waterman<\/a>, qui bossaient avec des gens comme Kylie Minogue \u00e0 l\u2019\u00e9poque. On a pr\u00e9sent\u00e9 une de nos premi\u00e8res productions \u00e0 une maison de disques, cela n\u2019a pas march\u00e9. Mais le directeur artistique nous a dit\u00a0: \u00ab\u00a0On a un boys band et on cherche des chansons pour eux\u00a0\u00bb\u00a0\u00bb, se souvient Laurent Marimbert.<\/p>\n<\/p>\n<p>Ce directeur artistique n\u2019est autre que <a href=\"https:\/\/www.20minutes.fr\/diaporama\/diaporama-4180642-images-veritables-personnalites-derriere-personnages-serie-culte-2be3\" class=\"c-link c-link--is-underlined\" target=\"_blank\" rel=\"noopener\">Laurent Manganas<\/a>, qui vient de signer les <a href=\"https:\/\/www.20minutes.fr\/arts-stars\/television\/4172596-20250915-fiction-docu-serie-pourquoi-2be3-nouveau-hype\" class=\"c-link c-link--is-underlined\" target=\"_blank\" rel=\"noopener\">2Be3 <\/a>chez EMI. \u00ab\u00a0Trois jours plus tard, je lui ai amen\u00e9 ce qui allait \u00eatre les trois premiers singles originaux des 2Be3\u00a0\u00bb, poursuit le compositeur. Ces trois m\u00e9lodies serviront pour les titres Partir un jour, Donne et 2Be3.<\/p>\n<p>\u00ab\u00a0Oui, \u00e7a sonne bien, c\u2019est pas mal\u00a0\u00bb<\/p>\n<p>P\u00e9n\u00e9lope Marcelin signe les paroles. \u00ab\u00a0Laurent Manganas m\u2019a appel\u00e9 quelques jours plus tard et me dit\u00a0: \u00ab\u00a0J\u2019ai un d\u00e9but de texte\u00a0\u00bb. Il m\u2019a fait lire le texte, qui n\u2019\u00e9tait pas tout \u00e0 fait la version d\u00e9finitive, mais pas loin. Il y avait d\u00e9j\u00e0 le refrain et toute l\u2019ossature de la chanson\u00a0\u00bb, se rem\u00e9more le compositeur.<\/p>\n<p>Ce dernier essaye de chanter ces paroles sur la musique qu\u2019il a compos\u00e9e\u00a0: \u00ab\u00a0Quand on re\u00e7oit un texte, le premier r\u00e9flexe d\u2019un compositeur, c\u2019est de chanter les mots pour voir si \u00e7a sonne bien, si le nombre de pieds est respect\u00e9, bref, pour v\u00e9rifier si \u00e7a colle.\u00a0\u00bb<\/p>\n<p>Verdict\u00a0? \u00ab\u00a0Je me suis dit \u00ab\u00a0Oui, \u00e7a sonne bien, c\u2019est pas mal\u00a0\u00bb. J\u2019aimais bien qu\u2019il y ait une double lecture dans le texte. A l\u2019\u00e9poque, tout le monde est pass\u00e9 \u00e0 c\u00f4t\u00e9. Je rends gr\u00e2ce \u00e0 Juliette Armanet d\u2019avoir fait une version tr\u00e8s diff\u00e9rente de cette chanson. Pas mal de personnes se sont rendu compte que derri\u00e8re ce texte d\u2019aspect un peu \u00ab\u00a0facile\u00a0\u00bb, il \u00e9voquait aussi une certaine nostalgie, des choses plus profondes.\u00a0\u00bb<\/p>\n<p>\u00ab\u00a0Un autre regard sur ce texte et cette musique\u00a0\u00bb<\/p>\n<p>Si le disque fait un tabac aupr\u00e8s du public, \u00ab\u00a0\u00e0 l\u2019\u00e9poque des 2Be3, ce n\u2019\u00e9tait pas tellement consid\u00e9r\u00e9\u00a0\u00bb, souligne Laurent Marimbert. Partir un jour conna\u00eet une forme de r\u00e9habilitation gr\u00e2ce aux reprises de Philippe Katerine en\u00a02010 et celle de Juliette Armanet en\u00a02025. \u00ab\u00a0Ces interpr\u00e8tes sont plus estim\u00e9s par une certaine critique musicale. Et du coup, on porte un autre regard sur ce texte et cette musique\u00a0\u00bb, se r\u00e9jouit Laurent Marimbert, qui se dit \u00ab\u00a0aussi heureux d\u2019avoir travaill\u00e9 avec les 2Be3 qu\u2019avec Daniel Darc ou Christophe\u00a0\u00bb<\/p>\n<p>\u00ab\u00a0Les 2Be3 ont beaucoup travaill\u00e9. Ils ont \u00e9t\u00e9 adul\u00e9s et on leur a, entre guillemets, crach\u00e9 dessus deux ou trois ans plus tard. C\u2019\u00e9tait d\u2019une extr\u00eame violence\u00a0\u00bb, estime Laurent Marimbert, qui garde \u00ab\u00a0d\u2019excellents souvenirs\u00a0\u00bb des sessions d\u2019enregistrements avec le trio originaire de Longjumeau. Et d\u2019ajouter\u00a0: \u00ab\u00a0On est toujours tr\u00e8s contents de se voir et on n\u2019a jamais perdu contact.\u00a0\u00bb<\/p>\n<p>\u00ab\u00a0Franck et Ad\u00e8le n\u2019ont pas chang\u00e9\u00a0\u00bb<\/p>\n<p>La cr\u00e9atrice de la s\u00e9rie Culte\u00a0: 2Be3, Ya\u00ebl Langmann, a contact\u00e9 Laurent Marimbert pour produire les chansons qu\u2019on entend dans la s\u00e9rie. \u00ab\u00a0J\u2019ai eu le plaisir de travailler sur de nouvelles versions de ces chansons trente ans apr\u00e8s\u00a0\u00bb, se r\u00e9jouit-il.<\/p>\n<p>Toute l\u2019\u00e9quipe cr\u00e9ative des ann\u00e9es\u00a01990 s\u2019est retrouv\u00e9e gr\u00e2ce \u00e0 la s\u00e9rie\u00a0: \u00ab\u00a0Franck et Ad\u00e8le n\u2019ont pas chang\u00e9. Ils sont venus avec leurs amis de l\u2019\u00e9poque, de Longjumeau que je voyais d\u00e9j\u00e0 tra\u00eener au studio il y a trente ans.\u00a0\u00bb<\/p>\n<p><a href=\"https:\/\/www.20minutes.fr\/arts-stars\/serie\/\" class=\"c-link c-btn c-btn--primary\" target=\"_blank\" rel=\"noopener\">Notre rubrique S\u00e9ries<\/a><\/p>\n<p>Et de conclure\u00a0: \u00ab\u00a0Je suis content que cette s\u00e9rie r\u00e9habilite le travail de ces trois gar\u00e7ons, m\u00eame s\u2019il ne faut pas oublier que c\u2019est une fiction. Mais en tout cas, la quantit\u00e9 de travail qu\u2019ils ont pu abattre \u00e0 l\u2019\u00e9poque, \u00e7a, ce n\u2019est pas une fiction.\u00a0\u00bb<\/p>\n","protected":false},"excerpt":{"rendered":"Le 13 mai, en ouverture du dernier Festival de Cannes, Juliette Armanet d\u00e9voilait une version d\u00e9pouill\u00e9e de la&hellip;\n","protected":false},"author":2,"featured_media":498814,"comment_status":"","ping_status":"","sticky":false,"template":"","format":"standard","meta":{"footnotes":""},"categories":[1355],"tags":[518,3037,251,58,59,1011,27,30213,1361,873,521],"class_list":{"0":"post-498813","1":"post","2":"type-post","3":"status-publish","4":"format-standard","5":"has-post-thumbnail","7":"category-musique","8":"tag-amazon-prime-video","9":"tag-boys-band","10":"tag-culture","11":"tag-divertissement","12":"tag-entertainment","13":"tag-fr","14":"tag-france","15":"tag-longjumeau","16":"tag-music","17":"tag-musique","18":"tag-serie"},"share_on_mastodon":{"url":"https:\/\/pubeurope.com\/@fr\/115460281677348271","error":""},"_links":{"self":[{"href":"https:\/\/www.europesays.com\/fr\/wp-json\/wp\/v2\/posts\/498813","targetHints":{"allow":["GET"]}}],"collection":[{"href":"https:\/\/www.europesays.com\/fr\/wp-json\/wp\/v2\/posts"}],"about":[{"href":"https:\/\/www.europesays.com\/fr\/wp-json\/wp\/v2\/types\/post"}],"author":[{"embeddable":true,"href":"https:\/\/www.europesays.com\/fr\/wp-json\/wp\/v2\/users\/2"}],"replies":[{"embeddable":true,"href":"https:\/\/www.europesays.com\/fr\/wp-json\/wp\/v2\/comments?post=498813"}],"version-history":[{"count":0,"href":"https:\/\/www.europesays.com\/fr\/wp-json\/wp\/v2\/posts\/498813\/revisions"}],"wp:featuredmedia":[{"embeddable":true,"href":"https:\/\/www.europesays.com\/fr\/wp-json\/wp\/v2\/media\/498814"}],"wp:attachment":[{"href":"https:\/\/www.europesays.com\/fr\/wp-json\/wp\/v2\/media?parent=498813"}],"wp:term":[{"taxonomy":"category","embeddable":true,"href":"https:\/\/www.europesays.com\/fr\/wp-json\/wp\/v2\/categories?post=498813"},{"taxonomy":"post_tag","embeddable":true,"href":"https:\/\/www.europesays.com\/fr\/wp-json\/wp\/v2\/tags?post=498813"}],"curies":[{"name":"wp","href":"https:\/\/api.w.org\/{rel}","templated":true}]}}