{"id":498823,"date":"2025-10-30T00:32:14","date_gmt":"2025-10-30T00:32:14","guid":{"rendered":"https:\/\/www.europesays.com\/fr\/498823\/"},"modified":"2025-10-30T00:32:14","modified_gmt":"2025-10-30T00:32:14","slug":"budget-lecornu-fragilise-par-une-alliance-gauche-rn-sur-la-fiscalite-des-multinationales-actualites","status":"publish","type":"post","link":"https:\/\/www.europesays.com\/fr\/498823\/","title":{"rendered":"Budget: Lecornu fragilis\u00e9 par une alliance gauche-RN sur la fiscalit\u00e9 des multinationales : Actualit\u00e9s"},"content":{"rendered":"<p class=\"lead \">Les d\u00e9put\u00e9s ont vot\u00e9 mercredi de nouvelles taxes visant les grandes entreprises, dans une alliance de circonstance entre la gauche et l&rsquo;extr\u00eame droite, rendant plus difficile l&rsquo;adoption du budget par le camp gouvernemental qui d\u00e9nonce une \u00ab\u00a0folie fiscale\u00a0\u00bb.<\/p>\n<p class=\"lead \">S\u00e9bastien Lecornu se retrouve face \u00e0 une \u00e9quation politique de plus en plus impossible, alors m\u00eame que les mesures les plus sensibles \u2013 notamment sur la taxation des hauts patrimoines, condition pos\u00e9e par les socialistes \u00e0 leur non-censure \u2013 n&rsquo;ont pas encore \u00e9t\u00e9 examin\u00e9es.<\/p>\n<p class=\"lead \">Jeudi, les d\u00e9put\u00e9s feront une pause dans les d\u00e9bats budg\u00e9taires, avec une journ\u00e9e r\u00e9serv\u00e9e \u00e0 l&rsquo;examen de textes propos\u00e9s par le Rassemblement national.<\/p>\n<p class=\"lead \">Mais ils reprendront vendredi, avec l&rsquo;examen prioritaire d\u00e8s 09H00 de l&rsquo;article 3 du projet de loi de Finances instaurant une taxe sur les holdings, suivi des amendements de la gauche pour cr\u00e9er une taxe Zucman. <\/p>\n<p class=\"lead \">Dans ce contexte d\u00e9j\u00e0 tendu, le gouvernement avait hauss\u00e9 le ton d\u00e8s mercredi matin. \u00ab\u00a0La justice fiscale a laiss\u00e9 place \u00e0 la surench\u00e8re fiscale\u00a0\u00bb, a mis en garde mercredi le ministre de l&rsquo;Economie Roland Lescure. Le Premier ministre s&rsquo;est lui inqui\u00e9t\u00e9 devant les s\u00e9nateurs d&rsquo;une d\u00e9connexion entre le d\u00e9bat fiscal et \u00ab\u00a0la question \u00e9conomique g\u00e9n\u00e9rale et globale\u00a0\u00bb.<\/p>\n<p class=\"lead \">Dans leur ligne de mire, le vote mardi par une alliance de la gauche et du RN d&rsquo;un \u00ab\u00a0imp\u00f4t universel\u00a0\u00bb sur les multinationales, pour lutter contre l&rsquo;\u00e9vasion et l&rsquo;optimisation fiscale.<\/p>\n<p class=\"lead \">Une mesure cens\u00e9e rapporter 26 milliards d&rsquo;euros, selon ses d\u00e9fenseurs, mais jug\u00e9e inop\u00e9rante, contraire \u00e0 la l\u00e9gislation et n\u00e9faste pour l&rsquo;\u00e9conomie fran\u00e7aise, par le gouvernement.<\/p>\n<p class=\"lead \">&#8211; \u00ab\u00a0Pas honteux\u00a0\u00bb &#8211;<\/p>\n<p class=\"lead \">Marine Le Pen, point\u00e9e du doigt par la droite pour son soutien, a d\u00e9fendu la mesure. \u00ab\u00a0Il s&rsquo;agit juste de faire respecter la loi\u00a0\u00bb, selon elle.<\/p>\n<p class=\"lead \">\u00ab\u00a0Pour l&rsquo;instant, ce qui a \u00e9t\u00e9 vot\u00e9\u00a0\u00bb \u00e0 l&rsquo;Assembl\u00e9e dans le cadre de l&rsquo;examen du budget de l&rsquo;Etat n&rsquo;est \u00ab\u00a0pas honteux, contrairement aux hurlements du gouvernement\u00a0\u00bb, a enfonc\u00e9 la cheffe des d\u00e9put\u00e9s RN.<\/p>\n<p class=\"lead \">Mais les mises en garde du camp gouvernemental n&rsquo;ont pas frein\u00e9 les d\u00e9put\u00e9s dans leur lanc\u00e9e, au contraire.<\/p>\n<p class=\"lead \">Dans l&rsquo;apr\u00e8s-midi, ils ont continu\u00e9 d&rsquo;adopter des mesures visant les grands groupes.<\/p>\n<p class=\"lead \">L\u00e0 encore, ce sont les votes r\u00e9unis de la gauche et du RN qui ont permis l&rsquo;adoption d&rsquo;une mesure port\u00e9e par LFI visant \u00e0 \u00e9largir le champ d&rsquo;application de l&rsquo;imp\u00f4t minimum de 15% sur les b\u00e9n\u00e9fices des multinationales. <\/p>\n<p class=\"lead \">C&rsquo;est \u00ab\u00a0une autoroute vers le contentieux\u00a0\u00bb, qui fragiliserait les efforts coordonn\u00e9s avec l&rsquo;OCDE pour lutter contre l&rsquo;\u00e9vasion fiscale, a fustig\u00e9 dans l&rsquo;h\u00e9micycle le ministre de la Fonction publique, David Amiel.<\/p>\n<p class=\"lead \">\u00ab\u00a0On assume \u00e0 100%\u00a0\u00bb ce vote, a martel\u00e9 le d\u00e9put\u00e9 RN Jean-Philippe Tanguy.<\/p>\n<p class=\"lead \">Dans la foul\u00e9e, le gouvernement a essuy\u00e9 deux nouveaux revers: le RN a r\u00e9ussi \u00e0 faire adopter de justesse un amendement pour alourdir la taxation sur les rachats d&rsquo;actions, afin de lutter contre la sp\u00e9culation. Les d\u00e9put\u00e9s de gauche se sont pour la plupart abstenus. Puis c&rsquo;est la France Insoumise qui a r\u00e9ussi \u00e0 faire adopter, lors d&rsquo;un vote tr\u00e8s serr\u00e9, un amendement instaurant une taxe exceptionnelle sur les superdividendes.<\/p>\n<p class=\"lead \">Ces derniers votes ne devraient pas faciliter la t\u00e2che de S\u00e9bastien Lecornu.<\/p>\n<p class=\"lead \">Mercredi matin, le pr\u00e9sident de LR Bruno Retailleau avait d\u00e9nonc\u00e9 une \u00ab\u00a0folie fiscale\u00a0\u00bb, et \u00ab\u00a0le co\u00fbt de la stabilit\u00e9 politique exorbitant\u00a0\u00bb. Le chef des d\u00e9put\u00e9s MoDem Marc Fesneau estime aussi que le texte \u00ab\u00a0devient totalement invotable\u00a0\u00bb.<\/p>\n<p class=\"lead \">&#8211; Amendement de compromis ? &#8211;<\/p>\n<p class=\"lead \">A l&rsquo;issue du Conseil des ministres, la porte-parole du gouvernement, Maud Bregeon, avait relativis\u00e9 les votes de la veille, rappelant qu&rsquo;on n&rsquo;est \u00ab\u00a0qu&rsquo;au tout d\u00e9but du processus parlementaire\u00a0\u00bb.<\/p>\n<p class=\"lead \">M. Retailleau pense d&rsquo;ailleurs que la premi\u00e8re partie du budget sur les recettes \u00ab\u00a0sera refus\u00e9e par l&rsquo;Assembl\u00e9e\u00a0\u00bb et donc que ce sera le S\u00e9nat \u00ab\u00a0qui devra reprendre la copie\u00a0\u00bb.<\/p>\n<p class=\"lead \">Sous couvert d&rsquo;anonymat, plusieurs cadres de la coalition gouvernementale disent s&rsquo;attendre \u00e0 ce qu&rsquo;il n&rsquo;y ait \u00ab\u00a0pas de budget\u00a0\u00bb et que le gouvernement doive se contenter d&rsquo;une \u00ab\u00a0loi sp\u00e9ciale\u00a0\u00bb, qui lui permet de reconduire en 2026 les imp\u00f4ts et d\u00e9penses de 2025.<\/p>\n<p class=\"lead \">Autre option: l&rsquo;adoption d&rsquo;un budget par ordonnances, comme l&rsquo;autorise la Constitution si les d\u00e9lais d&rsquo;examen du texte sont d\u00e9pass\u00e9s, et comme s&rsquo;en inqui\u00e8te le RN.<\/p>\n<p class=\"lead \">Les groupes politiques ont accept\u00e9 de retirer une partie de leurs amendements afin d&rsquo;acc\u00e9l\u00e9rer les d\u00e9bats.<\/p>\n<p class=\"lead \">La fiscalit\u00e9 va continuer d&rsquo;alimenter les tensions d\u00e8s la reprise vendredi matin. <\/p>\n<p class=\"lead \">Du fait de l&rsquo;opposition r\u00e9solue du bloc central, de la droite et du RN, la taxe Zucman n&rsquo;a gu\u00e8re de chance d&rsquo;\u00eatre vot\u00e9e, que ce soit dans sa forme initiale (un imp\u00f4t minimum de 2% sur les patrimoines de plus de 100 millions d&rsquo;euros) ou modifi\u00e9e (3% \u00e0 partir de 10 millions d&rsquo;euros, mais en excluant les entreprises innovantes et familiales).<\/p>\n<p class=\"lead \">Un amendement de compromis pourrait donc \u00eatre encore pr\u00e9sent\u00e9 par le gouvernement au moment des d\u00e9bats. \u00ab\u00a0Il y a encore du travail\u00a0\u00bb, a reconnu Mme Bregeon.<\/p>\n<p class=\"small font-weight-bold text-gray3 \"> publi\u00e9 le 30 octobre \u00e0 00h24, AFP<\/p>\n<p>                             Partager<\/p>\n","protected":false},"excerpt":{"rendered":"Les d\u00e9put\u00e9s ont vot\u00e9 mercredi de nouvelles taxes visant les grandes entreprises, dans une alliance de circonstance entre&hellip;\n","protected":false},"author":2,"featured_media":498824,"comment_status":"","ping_status":"","sticky":false,"template":"","format":"standard","meta":{"footnotes":""},"categories":[6],"tags":[1003,35,33,34,590,4608,1011,27,1050,3848,316],"class_list":{"0":"post-498823","1":"post","2":"type-post","3":"status-publish","4":"format-standard","5":"has-post-thumbnail","7":"category-economie","8":"tag-budget","9":"tag-business","10":"tag-economie","11":"tag-economy","12":"tag-finance","13":"tag-fiscalit","14":"tag-fr","15":"tag-france","16":"tag-parlement","17":"tag-partis","18":"tag-politique"},"share_on_mastodon":{"url":"https:\/\/pubeurope.com\/@fr\/115460305411810139","error":""},"_links":{"self":[{"href":"https:\/\/www.europesays.com\/fr\/wp-json\/wp\/v2\/posts\/498823","targetHints":{"allow":["GET"]}}],"collection":[{"href":"https:\/\/www.europesays.com\/fr\/wp-json\/wp\/v2\/posts"}],"about":[{"href":"https:\/\/www.europesays.com\/fr\/wp-json\/wp\/v2\/types\/post"}],"author":[{"embeddable":true,"href":"https:\/\/www.europesays.com\/fr\/wp-json\/wp\/v2\/users\/2"}],"replies":[{"embeddable":true,"href":"https:\/\/www.europesays.com\/fr\/wp-json\/wp\/v2\/comments?post=498823"}],"version-history":[{"count":0,"href":"https:\/\/www.europesays.com\/fr\/wp-json\/wp\/v2\/posts\/498823\/revisions"}],"wp:featuredmedia":[{"embeddable":true,"href":"https:\/\/www.europesays.com\/fr\/wp-json\/wp\/v2\/media\/498824"}],"wp:attachment":[{"href":"https:\/\/www.europesays.com\/fr\/wp-json\/wp\/v2\/media?parent=498823"}],"wp:term":[{"taxonomy":"category","embeddable":true,"href":"https:\/\/www.europesays.com\/fr\/wp-json\/wp\/v2\/categories?post=498823"},{"taxonomy":"post_tag","embeddable":true,"href":"https:\/\/www.europesays.com\/fr\/wp-json\/wp\/v2\/tags?post=498823"}],"curies":[{"name":"wp","href":"https:\/\/api.w.org\/{rel}","templated":true}]}}