{"id":498844,"date":"2025-10-30T00:44:21","date_gmt":"2025-10-30T00:44:21","guid":{"rendered":"https:\/\/www.europesays.com\/fr\/498844\/"},"modified":"2025-10-30T00:44:21","modified_gmt":"2025-10-30T00:44:21","slug":"lassociation-bouchons-276-recherche-un-entrepot-a-caen-ou-dans-son-agglomeration","status":"publish","type":"post","link":"https:\/\/www.europesays.com\/fr\/498844\/","title":{"rendered":"L\u2019association Bouchons 276\u00a0recherche un entrep\u00f4t \u00e0 Caen ou dans son agglom\u00e9ration"},"content":{"rendered":"<p><a href=\"https:\/\/rennes.maville.com\/actu\/actudet_-handicap-en-normandie-la-collecte-de-bouchons-en-plastique-en-baisse-_53511-5291241_actu.Htm\" target=\"_self\" rel=\"nofollow noopener\">L\u2019association r\u00e9gionale Bouchons 276\u00a0\u0153uvre au profit du handicap<\/a> en Normandie depuis 2003.\u00a0Elle recherche, \u00e0 Caen (Calvados) ou dans son agglom\u00e9ration, un entrep\u00f4t de 100\u00a0m\u00b2 minimum <strong>\u00ab\u00a0mis \u00e0 disposition gratuitement par une\u00a0entreprise ou une mairie, avec la possibilit\u00e9 d\u2019\u00e9tablir un re\u00e7u de don pour une d\u00e9duction fiscale pour le pr\u00eat du local\u00a0\u00bb. <\/strong>Avec un acc\u00e8s pour permettre \u00e0 un camion de charger les bouchons afin de les transporter chez le recycleur.<\/p>\n<p>919\u00a0personnes aid\u00e9es<\/p>\n<p><a href=\"https:\/\/trouville-deauville.maville.com\/actu\/actudet_-a-dives-sur-mer-les-lyceens-decouvrent-le-recyclage-des-bouchons-_4-6482702_actu.Htm\" target=\"_self\" rel=\"nofollow noopener\">Cela permettra d\u2019am\u00e9liorer les collectes<\/a> de l\u2019association et d\u2019y stocker 12 \u00e0 13\u00a0tonnes de bouchons mais aussi aux b\u00e9n\u00e9voles de les r\u00e9ceptionner et les trier. Une fois ces \u00e9tapes r\u00e9alis\u00e9es, le recycleur qui les r\u00e9ceptionne r\u00e9mun\u00e8re l\u2019association \u00e0 la tonne de bouchons collect\u00e9e. <strong>\u00ab\u00a0Tous les bouchons et couvercles en plastique sont bons\u00a0: bouchons de dentifrice, ketchup, chocolat en poudre, produits d\u2019entretien, d\u2019eau, de jus de fruit, de soda, de moutarde, de p\u00e2te \u00e0 tartiner, de caf\u00e9 soluble, de d\u00e9odorant, de bain moussant, de lait, de lessive\u2026\u00a0\u00bb, <\/strong>rappelle l\u2019association.<\/p>\n<p>En vingt\u00a0ans d\u2019existence, l\u2019association a ainsi pu collecter\u00a0866\u00a0555\u00a0\u20ac, revers\u00e9s \u00e0 919\u00a0personnes en situation de Handicap.<\/p>\n<p>\u00a0<\/p>\n","protected":false},"excerpt":{"rendered":"L\u2019association r\u00e9gionale Bouchons 276\u00a0\u0153uvre au profit du handicap en Normandie depuis 2003.\u00a0Elle recherche, \u00e0 Caen (Calvados) ou dans&hellip;\n","protected":false},"author":2,"featured_media":498845,"comment_status":"","ping_status":"","sticky":false,"template":"","format":"standard","meta":{"footnotes":""},"categories":[9587],"tags":[62108,1111,11,38929,4077,7050,5492,42364,1777,674,1011,27,12,5161,959,25,9590],"class_list":{"0":"post-498844","1":"post","2":"type-post","3":"status-publish","4":"format-standard","5":"has-post-thumbnail","7":"category-rouen","8":"tag-62108","9":"tag-actu","10":"tag-actualites","11":"tag-agglomeration","12":"tag-association","13":"tag-bouchons","14":"tag-caen","15":"tag-entrepot","16":"tag-eu","17":"tag-europe","18":"tag-fr","19":"tag-france","20":"tag-news","21":"tag-normandie","22":"tag-recherche","23":"tag-republique-francaise","24":"tag-rouen"},"share_on_mastodon":{"url":"https:\/\/pubeurope.com\/@fr\/115460352572481382","error":""},"_links":{"self":[{"href":"https:\/\/www.europesays.com\/fr\/wp-json\/wp\/v2\/posts\/498844","targetHints":{"allow":["GET"]}}],"collection":[{"href":"https:\/\/www.europesays.com\/fr\/wp-json\/wp\/v2\/posts"}],"about":[{"href":"https:\/\/www.europesays.com\/fr\/wp-json\/wp\/v2\/types\/post"}],"author":[{"embeddable":true,"href":"https:\/\/www.europesays.com\/fr\/wp-json\/wp\/v2\/users\/2"}],"replies":[{"embeddable":true,"href":"https:\/\/www.europesays.com\/fr\/wp-json\/wp\/v2\/comments?post=498844"}],"version-history":[{"count":0,"href":"https:\/\/www.europesays.com\/fr\/wp-json\/wp\/v2\/posts\/498844\/revisions"}],"wp:featuredmedia":[{"embeddable":true,"href":"https:\/\/www.europesays.com\/fr\/wp-json\/wp\/v2\/media\/498845"}],"wp:attachment":[{"href":"https:\/\/www.europesays.com\/fr\/wp-json\/wp\/v2\/media?parent=498844"}],"wp:term":[{"taxonomy":"category","embeddable":true,"href":"https:\/\/www.europesays.com\/fr\/wp-json\/wp\/v2\/categories?post=498844"},{"taxonomy":"post_tag","embeddable":true,"href":"https:\/\/www.europesays.com\/fr\/wp-json\/wp\/v2\/tags?post=498844"}],"curies":[{"name":"wp","href":"https:\/\/api.w.org\/{rel}","templated":true}]}}