{"id":498846,"date":"2025-10-30T00:45:38","date_gmt":"2025-10-30T00:45:38","guid":{"rendered":"https:\/\/www.europesays.com\/fr\/498846\/"},"modified":"2025-10-30T00:45:38","modified_gmt":"2025-10-30T00:45:38","slug":"rouen-feno-le-festival-du-made-in-normandie-couronne-de-succes","status":"publish","type":"post","link":"https:\/\/www.europesays.com\/fr\/498846\/","title":{"rendered":"Rouen : F\u00caNO, le festival du Made in Normandie, couronn\u00e9 de succ\u00e8s"},"content":{"rendered":"<p>Cette ann\u00e9e, F\u00caNO a r\u00e9uni diverses entreprises, dont des jeunes pousses en premi\u00e8re participation et des acteurs familiers du rendez-vous, autour des savoir-faire normands: cosm\u00e9tique, laine, industrie agroalimentaire et enseignement sup\u00e9rieur.<\/p>\n<p>\u00ab F\u00caNO est devenu pour nous un rendez-vous annuel incontournable ! C\u2019est notre deuxi\u00e8me participation, mais une premi\u00e8re \u00e0 Rouen. Plus de 50 % de nos clients rencontr\u00e9s l\u2019ann\u00e9e derni\u00e8re \u00e0 Caen sont de retour cette ann\u00e9e \u00e0 Rouen : nous avons multipli\u00e9 par deux notre chiffre d\u2019affaires de l\u2019\u00e9dition pr\u00e9c\u00e9dente ! F\u00caNO, c\u2019est aussi l\u2019occasion de rencontrer les acteurs \u00e9conomiques qui font la force de la Normandie. \u00bb , affirment Melinda Briant et Nathalie Bovis, co-fondatrices de la marque de cosm\u00e9tiques Les B\u00e9n\u00e9fiques. <\/p>\n<p><strong>Premi\u00e8res fois \u00e0 F\u00caNO: les jeunes entreprises s\u2019expriment<\/strong><\/p>\n<p>Parmi les exposants pr\u00e9sents, des entreprises sp\u00e9cialis\u00e9es en cosm\u00e9tiques naturels, artisans et des start-ups de l\u2019industries agro-alimentaires. <\/p>\n<p>\u00ab Quel bonheur de participer \u00e0 F\u00caNO pour la premi\u00e8re fois ! Tout est parfait, merci \u00e0 la R\u00e9gion Normandie de donner \u00e0 de jeunes entreprises comme la n\u00f4tre la possibilit\u00e9 de profiter de la notori\u00e9t\u00e9 de ce festival. Si j\u2019avais lanc\u00e9 mon entreprise ailleurs qu\u2019en Normandie, jamais je n\u2019aurais pu saisir ce genre d\u2019opportunit\u00e9. Rendez-vous \u00e0 Caen l\u2019ann\u00e9e prochaine ! \u00bb, se f\u00e9licite Marine Issautier, fondatrice de la marque de cosm\u00e9tique \u00e9coresponsable F\u00f4me<\/p>\n<p>Autre jeune entreprise pr\u00e9sente, Plantation Petite Rivi\u00e8re, productrice de poivre, \u00e0 Saint-Maurice-en-Cotentin. Marine Rivi\u00e8re, \u00e0 la t\u00eate du projet,\u00a0insiste sur l\u2019importance de l\u2019accompagnement r\u00e9gional et les outils mis \u00e0 sa disposition d\u00e8s le d\u00e9marrage.<\/p>\n<p> \u00ab J\u2019adore faire rayonner la Normandie, et quel meilleur moyen que F\u00caNO pour y parvenir ? \u2026Je me sens tr\u00e8s chanceuse d\u2019\u00eatre si bien accompagn\u00e9e par la R\u00e9gion, qui a mis \u00e0 ma disposition des outils efficaces d\u00e8s le d\u00e9but de la cr\u00e9ation de mon entreprise\u2026\u00bb, explique Marine Rivi\u00e8re.<\/p>\n<p><strong>Retour d\u2019exp\u00e9rience: participants fid\u00e8les et fili\u00e8res solidaires<\/strong><\/p>\n<p>Parmi les exposants fid\u00e8les et d\u00e9j\u00e0 pr\u00e9sents lors d\u2019\u00e9ditions ant\u00e9rieures, Laines en Normandie, au stand collectif des lainiers. \u00ab C\u2019est ma 5e participation \u00e0 F\u00caNO, et je ne manquerais une \u00e9dition pour rien au monde !&#13;<br \/>\n\u00bb, pr\u00e9cise le repr\u00e9sentant du collectif en \u00e9voquant l\u2019importance de l\u2019\u00e9v\u00e9nement pour mettre en lumi\u00e8re une fili\u00e8re enti\u00e8re et nourrir des projets compl\u00e9mentaires, comme l\u2019\u00e9mergence d\u2019un festival sur le th\u00e8me de la laine en Normandie, en cours de pr\u00e9paration. <\/p>\n<p>Quant \u00e0 Barbaques, artisan charcutier-salaisonnier, F\u00caNO est un v\u00e9ritable atout pour valoriser les artisans locaux et la r\u00e9ussite culinaire partag\u00e9e entre visiteurs et producteurs.<\/p>\n<p>\u00ab Chez Barbaques, nous sommes extr\u00eamement fiers de repr\u00e9senter la Normandie et surtout les artisans du territoire\u2026 Cette ann\u00e9e, l\u2019\u00e9quipe organisatrice nous a confi\u00e9 la grande mission de concocter des plats pour les visiteurs, et nous avons explos\u00e9 les compteurs lors de cette \u00e9dition rouennaise ! \u00bb, se r\u00e9jouit Bryan Girard, artisan charcutier salaisonnier.<\/p>\n<p><strong> Vers une dynamique r\u00e9gionale de formation et de recherche <\/strong><\/p>\n<p>Autre volet fort du salon: les \u00e9changes entre les universit\u00e9s, les centres de recherche et les entreprises, qui renforcent les partenariats en mati\u00e8re d\u2019innovation et de formation. L\u2019Universit\u00e9 de Normandie, repr\u00e9sentante du secteur enseignement-innovation, rappelle l\u2019int\u00e9r\u00eat andragogique et prospectif d\u2019un tel rendez-vous: \u00ab F\u00caNO est une exp\u00e9rience tr\u00e8s enrichissante pour nos universit\u00e9s, laboratoires de recherche et \u00e9coles d\u2019ing\u00e9nieurs et d\u2019art \u00bb. Cette dynamique inspire les fili\u00e8res, favorise les \u00e9changes avec les acteurs \u00e9conomiques et renforce l\u2019image de la Normandie comme territoire d\u2019excellence en mati\u00e8re de formation, de recherche et de m\u00e9tiers.<\/p>\n","protected":false},"excerpt":{"rendered":"Cette ann\u00e9e, F\u00caNO a r\u00e9uni diverses entreprises, dont des jeunes pousses en premi\u00e8re participation et des acteurs familiers&hellip;\n","protected":false},"author":2,"featured_media":498847,"comment_status":"","ping_status":"","sticky":false,"template":"","format":"standard","meta":{"footnotes":""},"categories":[9587],"tags":[1111,11,1777,674,1011,27,12,5161,25,9590],"class_list":{"0":"post-498846","1":"post","2":"type-post","3":"status-publish","4":"format-standard","5":"has-post-thumbnail","7":"category-rouen","8":"tag-actu","9":"tag-actualites","10":"tag-eu","11":"tag-europe","12":"tag-fr","13":"tag-france","14":"tag-news","15":"tag-normandie","16":"tag-republique-francaise","17":"tag-rouen"},"share_on_mastodon":{"url":"https:\/\/pubeurope.com\/@fr\/115460356391916758","error":""},"_links":{"self":[{"href":"https:\/\/www.europesays.com\/fr\/wp-json\/wp\/v2\/posts\/498846","targetHints":{"allow":["GET"]}}],"collection":[{"href":"https:\/\/www.europesays.com\/fr\/wp-json\/wp\/v2\/posts"}],"about":[{"href":"https:\/\/www.europesays.com\/fr\/wp-json\/wp\/v2\/types\/post"}],"author":[{"embeddable":true,"href":"https:\/\/www.europesays.com\/fr\/wp-json\/wp\/v2\/users\/2"}],"replies":[{"embeddable":true,"href":"https:\/\/www.europesays.com\/fr\/wp-json\/wp\/v2\/comments?post=498846"}],"version-history":[{"count":0,"href":"https:\/\/www.europesays.com\/fr\/wp-json\/wp\/v2\/posts\/498846\/revisions"}],"wp:featuredmedia":[{"embeddable":true,"href":"https:\/\/www.europesays.com\/fr\/wp-json\/wp\/v2\/media\/498847"}],"wp:attachment":[{"href":"https:\/\/www.europesays.com\/fr\/wp-json\/wp\/v2\/media?parent=498846"}],"wp:term":[{"taxonomy":"category","embeddable":true,"href":"https:\/\/www.europesays.com\/fr\/wp-json\/wp\/v2\/categories?post=498846"},{"taxonomy":"post_tag","embeddable":true,"href":"https:\/\/www.europesays.com\/fr\/wp-json\/wp\/v2\/tags?post=498846"}],"curies":[{"name":"wp","href":"https:\/\/api.w.org\/{rel}","templated":true}]}}