{"id":49885,"date":"2025-04-24T19:10:09","date_gmt":"2025-04-24T19:10:09","guid":{"rendered":"https:\/\/www.europesays.com\/fr\/49885\/"},"modified":"2025-04-24T19:10:09","modified_gmt":"2025-04-24T19:10:09","slug":"francois-morel-etait-linvite-de-prestige-du-lycee-guillaume-apollinaire-de-nice-ce-jeudi-24-avril","status":"publish","type":"post","link":"https:\/\/www.europesays.com\/fr\/49885\/","title":{"rendered":"Fran\u00e7ois Morel \u00e9tait l\u2019invit\u00e9 de prestige du lyc\u00e9e Guillaume-Apollinaire de Nice ce jeudi 24 avril"},"content":{"rendered":"<p>\u00ab\u00a0\u00c9teindre son t\u00e9l\u00e9phone pour se couper de ce monde et en d\u00e9couvrir un autre\u00a0\u00bb. Tels \u00e9taient les mots d\u2019introduction de Daniel Benoin, directeur du th\u00e9\u00e2tre Anth\u00e9a d\u2019Antibes pour pr\u00e9senter la rencontre du jour: celle avec Fran\u00e7ois Morel, acteur, metteur en sc\u00e8ne, humoriste, chanteur, \u00e9crivain mais aussi chroniqueur pour France Info, avec les lyc\u00e9ens de Guillaume-Apollinaire, ce jeudi 24 avril.<\/p>\n<p>Une centaine d\u2019\u00e9tudiants, en sp\u00e9cialit\u00e9 arts ou th\u00e9\u00e2tre, ont pu profiter de cette rencontre organis\u00e9e par la Ville de Nice pour aborder l\u2019actualit\u00e9 du com\u00e9dien de 66 ans.<\/p>\n<p>Et plus pr\u00e9cis\u00e9ment de la pi\u00e8ce de th\u00e9\u00e2tre, Art, dont il assure la mise en sc\u00e8ne en plus d\u2019un r\u00f4le. Il y partage d\u2019ailleurs la sc\u00e8ne avec deux de ses anciens comp\u00e8res dans Les Deschiens (1), Olivier Broche et Olivier Saladin.<\/p>\n<p>\u00ab\u00a0C\u2019est un texte qui porte sur l\u2019art et son sens, d\u00e9taille Fran\u00e7ois Morel. C\u2019est une pi\u00e8ce qui provoque beaucoup d\u2019\u00e9clats de rire, ainsi qu\u2019une connexion entre le public et les artistes. Les acteurs jouent sur la r\u00e9alit\u00e9 et les sentiments. C\u2019est ce qui est super beau au th\u00e9\u00e2tre.\u00a0\u00bb<\/p>\n<p><strong>\u00ab\u00a0Souvent eu peur de prendre la parole en public\u00a0\u00bb<\/strong><\/p>\n<p>La com\u00e9die \u00e9tait, pour lui, une \u00e9vidence: \u00ab\u00a0J\u2019\u00e9tais fascin\u00e9 par les acteurs et les com\u00e9diens que je voyais \u00e0 la t\u00e9l\u00e9. C\u2019est ce qui m\u2019int\u00e9ressait et c\u2019est ce que j\u2019ai cherch\u00e9 \u00e0 d\u00e9velopper. J\u2019ai d\u00e9but\u00e9 au th\u00e9\u00e2tre o\u00f9 les r\u00e9alisateurs viennent chercher de nouveaux talents. C\u2019est comme \u00e7a que j\u2019ai \u00e9t\u00e9 rep\u00e9r\u00e9 et que j\u2019ai jou\u00e9 dans Le bonheur est dans le Pr\u00e9\u00a0\u00bb.<\/p>\n<p>Depuis, il a encha\u00een\u00e9 les r\u00f4les au th\u00e9\u00e2tre et au cin\u00e9ma. Et m\u00eame parfois totalement \u00e0 l\u2019oppos\u00e9 de sa personnalit\u00e9 parce que \u00ab\u00a0le plaisir, que ce soit au th\u00e9\u00e2tre ou au cin\u00e9ma, c\u2019est de jouer ce que l\u2019on n\u2019est pas\u00a0\u00bb.<\/p>\n<p>Face \u00e0 un public tr\u00e8s attentif et parfois impressionn\u00e9, il n\u2019a pas h\u00e9sit\u00e9 \u00e0 distiller de pr\u00e9cieux conseils aux \u00e9l\u00e8ves de terminale, qui affronteront l\u2019\u00e9preuve redout\u00e9e du grand oral en fin d\u2019ann\u00e9e.<\/p>\n<p>Le com\u00e9dien reconna\u00eet avoir \u00ab\u00a0souvent eu peur de prendre la parole en public\u00a0\u00bb dans sa jeunesse \u00e0 cause de sa timidit\u00e9. \u00ab\u00a0Le plus important, c\u2019est de ma\u00eetriser son sujet, assure-t-il. Ce sera alors plus facile pour d\u00e9fendre votre opinion ou faire passer votre message.\u00a0\u00bb<\/p>\n<p><strong>\u00ab\u00a0Il n\u2019y a pas de raison de ne pas r\u00e9ussir, si c\u2019est votre passion\u00a0\u00bb<\/strong><\/p>\n<p>Fran\u00e7ois Morel cumule les casquettes. Un rythme qui inqui\u00e8te certains \u00e9l\u00e8ves qui se demandent comment il arrive \u00e0 tout g\u00e9rer. \u00ab\u00a0Chacun s\u2019invente son m\u00e9tier en fonction de ses go\u00fbts, de ses int\u00e9r\u00eats et de ce qu\u2019il est capable de faire, confie-t-il. J\u2019aime beaucoup la chanson donc j\u2019en ai \u00e9crit. Je fais \u00e9galement des chroniques \u00e0 la radio sur France Inter tous les vendredis matin.\u00a0\u00bb <\/p>\n<p>Il poursuit: \u00ab\u00a0Quand on aime ce qu\u2019on fait, on arrive toujours \u00e0 s\u2019organiser pour pouvoir vivre pleinement de ses passions\u00a0\u00bb.<\/p>\n<p>\u00e0 ceux qui r\u00eavent de marcher sur ses pas, il conseille le travail: \u00ab\u00a0Jouez des sc\u00e8nes qui vous plaisent avec des amis, allez au cin\u00e9ma, au th\u00e9\u00e2tre forc\u00e9ment, il n\u2019y a pas de raison de ne pas r\u00e9ussir, si c\u2019est votre passion. Il faut vous faire confiance.\u00a0\u00bb Mais aussi de \u00ab\u00a0s\u2019entourer d\u2019autres personnes pour \u00e9changer des id\u00e9es\u00a0\u00bb..<\/p>\n<p>Apr\u00e8s avoir discut\u00e9 individuellement avec plusieurs \u00e9l\u00e8ves venus lui pr\u00e9senter leurs croquis, l\u2019auteur du livre Oh la belle vie \u2013 dans lequel il donne 32 conseils pour aller mieux \u2013 a salu\u00e9 l\u2019attention et la curiosit\u00e9 des \u00e9l\u00e8ves: \u00ab\u00a0Vous vous int\u00e9ressez au monde et vous avez envie de le raconter \u00e0 votre mani\u00e8re. Vous avez l\u2019avenir du monde entre vos mains et on compte sur vous pour l\u2019am\u00e9liorer.\u00a0\u00bb<\/p>\n<p>1. S\u00e9rie t\u00e9l\u00e9vis\u00e9e de sketchs diffus\u00e9e au d\u00e9but des ann\u00e9es qui fut son premier grand succ\u00e8s.<\/p>\n","protected":false},"excerpt":{"rendered":"\u00ab\u00a0\u00c9teindre son t\u00e9l\u00e9phone pour se couper de ce monde et en d\u00e9couvrir un autre\u00a0\u00bb. Tels \u00e9taient les mots&hellip;\n","protected":false},"author":2,"featured_media":49886,"comment_status":"","ping_status":"","sticky":false,"template":"","format":"standard","meta":{"footnotes":""},"categories":[2819],"tags":[1111,11,1057,1777,674,332,1011,27,12,2401,882,25],"class_list":{"0":"post-49885","1":"post","2":"type-post","3":"status-publish","4":"format-standard","5":"has-post-thumbnail","7":"category-nice","8":"tag-actu","9":"tag-actualites","10":"tag-education","11":"tag-eu","12":"tag-europe","13":"tag-faits-de-societe","14":"tag-fr","15":"tag-france","16":"tag-news","17":"tag-nice","18":"tag-provence-alpes-cote-dazur","19":"tag-republique-francaise"},"share_on_mastodon":{"url":"https:\/\/pubeurope.com\/@fr\/114394524895072825","error":""},"_links":{"self":[{"href":"https:\/\/www.europesays.com\/fr\/wp-json\/wp\/v2\/posts\/49885","targetHints":{"allow":["GET"]}}],"collection":[{"href":"https:\/\/www.europesays.com\/fr\/wp-json\/wp\/v2\/posts"}],"about":[{"href":"https:\/\/www.europesays.com\/fr\/wp-json\/wp\/v2\/types\/post"}],"author":[{"embeddable":true,"href":"https:\/\/www.europesays.com\/fr\/wp-json\/wp\/v2\/users\/2"}],"replies":[{"embeddable":true,"href":"https:\/\/www.europesays.com\/fr\/wp-json\/wp\/v2\/comments?post=49885"}],"version-history":[{"count":0,"href":"https:\/\/www.europesays.com\/fr\/wp-json\/wp\/v2\/posts\/49885\/revisions"}],"wp:featuredmedia":[{"embeddable":true,"href":"https:\/\/www.europesays.com\/fr\/wp-json\/wp\/v2\/media\/49886"}],"wp:attachment":[{"href":"https:\/\/www.europesays.com\/fr\/wp-json\/wp\/v2\/media?parent=49885"}],"wp:term":[{"taxonomy":"category","embeddable":true,"href":"https:\/\/www.europesays.com\/fr\/wp-json\/wp\/v2\/categories?post=49885"},{"taxonomy":"post_tag","embeddable":true,"href":"https:\/\/www.europesays.com\/fr\/wp-json\/wp\/v2\/tags?post=49885"}],"curies":[{"name":"wp","href":"https:\/\/api.w.org\/{rel}","templated":true}]}}