{"id":498860,"date":"2025-10-30T00:55:27","date_gmt":"2025-10-30T00:55:27","guid":{"rendered":"https:\/\/www.europesays.com\/fr\/498860\/"},"modified":"2025-10-30T00:55:27","modified_gmt":"2025-10-30T00:55:27","slug":"gifles-injures-il-terrorisait-sa-famille-pres-de-nantes-depuis-5-ans","status":"publish","type":"post","link":"https:\/\/www.europesays.com\/fr\/498860\/","title":{"rendered":"Gifles, injures\u2026 il terrorisait sa famille pr\u00e8s de Nantes depuis 5 ans"},"content":{"rendered":"<p>            Par<br \/>\n        <strong><br \/>\n            <a href=\"https:\/\/actu.fr\/auteur\/laurent-fortin\" title=\"Consulter tous les articles de Laurent Fortin\" target=\"_blank\" rel=\"noopener\">Laurent Fortin<\/a><br \/>\n        <\/strong><\/p>\n<p>        Publi\u00e9 le<\/p>\n<p>            29 oct. 2025 \u00e0 16h16        <\/p>\n<p>Le <b>18\u00a0octobre 2024<\/b>, une femme de<a href=\"https:\/\/actu.fr\/pays-de-la-loire\/haute-goulaine_44071\" target=\"_blank\" rel=\"noopener\"> <b>Haute-Goulaine<\/b><\/a> avait port\u00e9 plainte contre son conjoint \u00e0 la <b>gendarmerie de Basse-Goulaine <\/b>avec qui elle vivait \u00ab\u2009depuis cinq ans<b> dans une violence permanente\u2009<\/b>\u00bb. Elle jugeait <b>ce compagnon \u00ab\u2009tr\u00e8s agressif\u2009\u00bb<\/b> \u00e0 l\u2019\u00e9gard de ses deux enfants, dont leur fille alors \u00e2g\u00e9e de 3\u00a0ans. Elle-m\u00eame avait <b>re\u00e7u \u00ab\u2009une claque pendant sa grossesse\u2009\u00bb<\/b> et avait fait \u00ab\u2009une chute sur le dos\u2009\u00bb.<\/p>\n<blockquote class=\"ac-article-quote wall-content\">\n<p>Je suis tellement petite et fragile qu\u2019il n\u2019a pas besoin de beaucoup de force.<\/p>\n<\/blockquote>\n<p class=\" wall-content\">Elle avait fait cette d\u00e9claration aux gendarmes.<\/p>\n<p class=\" wall-content\">Depuis les faits, cette femme est<b> partie vivre dans le Morbihan<\/b>. Son fils, n\u00e9 d\u2019une premi\u00e8re union, avait <b>aussi \u00e9t\u00e9 trait\u00e9 de \u00ab\u2009petit con\u2009\u00bb, <\/b>avait \u00e9t\u00e9 \u00ab\u2009<b>pouss\u00e9\u2009<\/b>\u00bb et \u00ab<b>\u2009jet\u00e9 contre le lit<\/b>\u2009\u00bb par son beau-p\u00e8re.<\/p>\n<blockquote class=\"ac-article-quote wall-content\">\n<p>\u00c0 l\u2019\u00e9poque je travaillais \u00e0 Saint-Colomban\u2009: pour ne pas \u00eatre en retard au boulot, il fallait donc partir \u00e0 7\u2009h\u200915 de la maison pour \u00eatre \u00e0 7\u2009h\u200930 \u00e0 l\u2019accueil p\u00e9riscolaire. Mais il n\u2019avan\u00e7ait pas\u2009: il pr\u00e9f\u00e9rait jouer plut\u00f4t que de se laver<\/p>\n<p>Le beau-p\u00e8re pour justifier son \u00e9nervement.<\/p><\/blockquote>\n<blockquote class=\"ac-article-quote wall-content\">\n<p>Quand je le contredis, il a l\u2019impression que je bafoue son autorit\u00e9 et son r\u00f4le d\u2019\u00e9ducateur. \u00c0 l\u2019inverse, il attend qu\u2019on lui dise toujours bonjour avec le sourire\u2009: nos \u00e9tats d\u2019\u00e2me n\u2019ont pas leur place avec lui.<\/p>\n<p>Son ex-compagne<\/p><\/blockquote>\n<p>Votre r\u00e9gion, votre actu !<\/p>\n<p>Recevez chaque jour les infos qui comptent pour vous.<\/p>\n<p>\t<a href=\"https:\/\/actu.fr\/newsletter\" class=\"ac-btn ac-btn--corner ac-btn--medium ac-btn--blue800\" target=\"_blank\" rel=\"noopener\">S&rsquo;incrire<\/a><br \/>\n\u00ab\u2009Je me suis pris pour Superman\u2009\u00bb<\/p>\n<p class=\" wall-content\">Ce <b>sp\u00e9cialiste de triathlon <\/b>et d<b>\u2019ultra-trail <\/b>intimait celle qu\u2019il <b>qualifiait de \u00ab\u2009n\u00e9vros\u00e9e\u2009\u00bb<\/b> de <b>\u00ab\u2009ne pas venir le faire chier avec son m\u00e9nage\u2009\u00bb<\/b>.<\/p>\n<blockquote class=\"ac-article-quote wall-content\">\n<p>Elle me mettait la pression d\u00e8s 6\u2009h du matin\u2009: il faut savoir qu\u2019elle est capable de faire le m\u00e9nage trois fois par jour. Comme elle se couchait aussi \u00e0 21\u2009h, il fallait manger \u00e0 18\u2009h, alors que moi j\u2019\u00e9tais encore dans les bouchons \u00e0 Saint-Herblain.<\/p>\n<p>Le pr\u00e9venu quadrag\u00e9naire, \u00e0 l\u2019audience.<\/p><\/blockquote>\n<blockquote class=\"ac-article-quote wall-content\">\n<p>Quand j\u2019ai rencontr\u00e9 madame, j\u2019\u00e9tais en pleine force de l\u2019\u00e2ge et elle venait de perdre sa s\u0153ur d\u2019un suicide par m\u00e9dicaments. Je me suis un peu pris pour Superman qui allait sauver le monde\u2009: pour moi, c\u2019\u00e9tait une question de six mois, tout au plus, et elle allait reprendre go\u00fbt \u00e0 la vie. Au final, on ne s\u2019est jamais aim\u00e9s au m\u00eame moment\u2009: le seul moment o\u00f9 on a \u00e9t\u00e9 en symbiose, c\u2019est quand on a d\u00e9cid\u00e9 de faire notre fille.<\/p>\n<\/blockquote>\n<p class=\" wall-content\">Depuis les faits,<b> cet homme\u00a0jusqu\u2019alors inconnu de la justice<\/b> a entam\u00e9 \u00ab\u2009un suivi chez<b> une psychologue de Vertou\u2009<\/b>\u00bb. <b>Le procureur de la R\u00e9publique<\/b> avait requis <b>neuf mois de prison avec sursis probatoire<\/b> pour cet \u00ab\u2009associ\u00e9 d\u2019une Scop depuis 2023\u2009\u00bb.<\/p>\n<p class=\" wall-content\">Olivier Renard, l\u2019avocat du pr\u00e9venu, avait quant \u00e0 lui <b>plaid\u00e9 pour un \u00ab\u2009sursis simple\u2009\u00bb\u2009:<\/b><\/p>\n<blockquote class=\"ac-article-quote wall-content\">\n<p>Les soins, ils sont d\u00e9j\u00e0 l\u00e0.<\/p>\n<\/blockquote>\n<p class=\" wall-content\">Le<b> tribunal correctionnel de Nantes s\u2019est rang\u00e9 \u00e0 son avis<\/b>\u2009: l\u2019homme a \u00e9cop\u00e9 de <b>neuf mois de prison avec sursis simple <\/b>et devra accomplir \u00e0 ses frais <b>un stage de sensibilisation aux violences intrafamiliales <\/b>(VIF). Sur le plan civil, il <b>devra verser 3\u2009800\u00a0\u20ac de dommages et int\u00e9r\u00eats \u00e0 son ex et 4\u2009500\u00a0\u20ac \u00e0 son fils.<\/b><\/p>\n<p class=\" wall-content\">Personnalisez votre actualit\u00e9 en ajoutant vos villes et m\u00e9dias en favori avec <a href=\"https:\/\/moncompte.actu.fr\" title=\"D\u00e9couvez Mon Actu\" rel=\"nofollow noopener\" data-trk=\"{&quot;cta&quot;:{&quot;action&quot;:&quot;https:\\\/\\\/moncompte.actu.fr&quot;,&quot;category&quot;:&quot;mon compte&quot;,&quot;from&quot;:&quot;article footer&quot;,&quot;name&quot;:&quot;Mon actu&quot;,&quot;type&quot;:&quot;cta&quot;}}\" target=\"_blank\">Mon Actu<\/a>.<\/p>\n","protected":false},"excerpt":{"rendered":"Par Laurent Fortin Publi\u00e9 le 29 oct. 2025 \u00e0 16h16 Le 18\u00a0octobre 2024, une femme de Haute-Goulaine avait&hellip;\n","protected":false},"author":2,"featured_media":498861,"comment_status":"","ping_status":"","sticky":false,"template":"","format":"standard","meta":{"footnotes":""},"categories":[2818],"tags":[1111,11,1777,674,118,1011,27,303,766,12,2636,25,2900,798],"class_list":{"0":"post-498860","1":"post","2":"type-post","3":"status-publish","4":"format-standard","5":"has-post-thumbnail","7":"category-nantes","8":"tag-actu","9":"tag-actualites","10":"tag-eu","11":"tag-europe","12":"tag-faits-divers","13":"tag-fr","14":"tag-france","15":"tag-justice","16":"tag-nantes","17":"tag-news","18":"tag-pays-de-la-loire","19":"tag-republique-francaise","20":"tag-vignoble-nantais","21":"tag-violences-conjugales"},"share_on_mastodon":{"url":"https:\/\/pubeurope.com\/@fr\/115460395788001138","error":""},"_links":{"self":[{"href":"https:\/\/www.europesays.com\/fr\/wp-json\/wp\/v2\/posts\/498860","targetHints":{"allow":["GET"]}}],"collection":[{"href":"https:\/\/www.europesays.com\/fr\/wp-json\/wp\/v2\/posts"}],"about":[{"href":"https:\/\/www.europesays.com\/fr\/wp-json\/wp\/v2\/types\/post"}],"author":[{"embeddable":true,"href":"https:\/\/www.europesays.com\/fr\/wp-json\/wp\/v2\/users\/2"}],"replies":[{"embeddable":true,"href":"https:\/\/www.europesays.com\/fr\/wp-json\/wp\/v2\/comments?post=498860"}],"version-history":[{"count":0,"href":"https:\/\/www.europesays.com\/fr\/wp-json\/wp\/v2\/posts\/498860\/revisions"}],"wp:featuredmedia":[{"embeddable":true,"href":"https:\/\/www.europesays.com\/fr\/wp-json\/wp\/v2\/media\/498861"}],"wp:attachment":[{"href":"https:\/\/www.europesays.com\/fr\/wp-json\/wp\/v2\/media?parent=498860"}],"wp:term":[{"taxonomy":"category","embeddable":true,"href":"https:\/\/www.europesays.com\/fr\/wp-json\/wp\/v2\/categories?post=498860"},{"taxonomy":"post_tag","embeddable":true,"href":"https:\/\/www.europesays.com\/fr\/wp-json\/wp\/v2\/tags?post=498860"}],"curies":[{"name":"wp","href":"https:\/\/api.w.org\/{rel}","templated":true}]}}