{"id":498880,"date":"2025-10-30T01:06:13","date_gmt":"2025-10-30T01:06:13","guid":{"rendered":"https:\/\/www.europesays.com\/fr\/498880\/"},"modified":"2025-10-30T01:06:13","modified_gmt":"2025-10-30T01:06:13","slug":"beaucoup-de-tristesse-et-de-frustration-a-lyon-apres-leffondrement-face-au-paris-fc","status":"publish","type":"post","link":"https:\/\/www.europesays.com\/fr\/498880\/","title":{"rendered":"\u00abBeaucoup de tristesse et de frustration\u00bb \u00e0 Lyon apr\u00e8s l\u2019effondrement face au Paris\u00a0FC"},"content":{"rendered":"<p>\n    Jorge Maciel, entra\u00eeneur-adjoint de Paulo Fonseca \u00e0 l\u2019OL, a point\u00e9 du doigt les lacunes mentales de l\u2019\u00e9quipe apr\u00e8s le match nul conc\u00e9d\u00e9 sur la pelouse du Paris\u00a0FC en Ligue\u00a01 mercredi (3-3).<\/p>\n<p class=\"fig-paragraph\">Jorge Maciel, adjoint de Paulo Fonseca, apr\u00e8s\u00a0<a href=\"http:\/\/www.lefigaro.fr\/sports\/football\/ligue-1\/tolisso-l-artiste-scenario-irreel-le-fiasco-ikone-coups-de-coeur-et-coups-de-griffe-apres-paris-fc-lyon-20251029\" data-fig-type=\"NewsFlash\" data-gtm-custom-categorie=\"navigation\" data-gtm-custom-action=\"crossclick\" data-gtm-custom-label=\"Contextuel\" data-gtm-event=\"customEventSPE\" data-fig-domain=\"LEFIGARO\" target=\"_blank\" rel=\"noopener\">le match nul de l\u2019OL<\/a>\u00a0chez le Paris\u00a0FC (3-3)\u00a0: \u00abJe pense que c\u2019\u00e9tait surtout une question mentale. On n\u2019avan\u00e7ait plus, on n\u2019arrivait pas \u00e0 sortir le ballon. Les milieux ne s\u2019accompagnaient pas. \u00c7a nous a mis un peu en difficult\u00e9. Apr\u00e8s, si on regarde, le premier but, c\u2019est sur un coup de pied arr\u00eat\u00e9. Le deuxi\u00e8me but, c\u2019est dans le couloir o\u00f9 (Ilan) Kebbal est tr\u00e8s fort. Il rentre avec son pied gauche et il tire. [&#8230;] Il y a beaucoup de choses qu\u2019on n\u2019a pas faites bien. Sinon, on aurait gagn\u00e9 le match. Mais il y a des choses qu\u2019on a faites bien. C\u2019est \u00e7a qu\u2019il faut analyser avec un peu plus de recul. On a la possibilit\u00e9 de faire des choses incroyables.<\/p>\n<p class=\"fig-paragraph\">La seule chose qu\u2019on garde d\u2019aujourd\u2019hui, c\u2019est un point. C\u2019est quand m\u00eame important. Mais beaucoup de tristesse et de frustration, parce qu\u2019on pouvait gagner. L\u2019expulsion d\u2019Abner change aussi le match. Il nous d\u00e9sorganise un peu. Ce type d\u2019action, \u00e0 3-0, il ne faut pas s\u2019exposer. \u00c7a a chang\u00e9 compl\u00e8tement la deuxi\u00e8me mi-temps. C\u2019est l\u00e0 la maturit\u00e9 d\u2019un groupe. \u00c0 10 contre 10, on a plus d\u2019espace, on peut avoir plus de ballons, on peut faire mal. Et finalement, on a arr\u00eat\u00e9 de jouer. On a recul\u00e9. On n\u2019a pas r\u00e9ussi \u00e0 cr\u00e9er des situations. C\u2019est dommage. C\u2019est un \u00e9v\u00e9nement qui va nous peser.<\/p>\n<p>                                    <a class=\"fig-a11y-skip a11y-hidden\" href=\"#fig-a11y-skip-main-inarticle\"><br \/>\n        Passer la publicit\u00e9<br \/>\n    <\/a><\/p>\n<p>\u00abLa Ligue\u00a01 est plus forte que la ligue espagnole\u00bb<\/p>\n<p class=\"fig-paragraph\">Je trouve que la Ligue 1 est plus forte que la ligue espagnole, elle est plus \u00e9quilibr\u00e9e dans le haut et le bas du classement. Aujourd\u2019hui, on a vu les \u00e9quipes qui se battent pour leur maintien gagner contre des \u00e9quipes qui se battent pour d\u2019autres choses. Je pense que le niveau est vraiment fort. Je pense qu\u2019on a un produit qui est tr\u00e8s int\u00e9ressant. C\u2019est \u00e0 vous et \u00e0 nous de donner le meilleur visage des \u00e9quipes et des matches. Aujourd\u2019hui, on a encore une fois un stade plein. Nos supporters, je les remercie. Je ne m\u2019y attendais m\u00eame pas parce que je pensais qu\u2019ils \u00e9taient interdits de d\u00e9placement et finalement, on les a entendus.\u00bb<\/p>\n<p class=\"fig-paragraph\">Propos recueillis en conf\u00e9rence de presse<\/p>\n","protected":false},"excerpt":{"rendered":"Jorge Maciel, entra\u00eeneur-adjoint de Paulo Fonseca \u00e0 l\u2019OL, a point\u00e9 du doigt les lacunes mentales de l\u2019\u00e9quipe apr\u00e8s&hellip;\n","protected":false},"author":2,"featured_media":498881,"comment_status":"","ping_status":"","sticky":false,"template":"","format":"standard","meta":{"footnotes":""},"categories":[1889],"tags":[1111,11,2430,1777,674,1011,27,2428,12,978,445,25],"class_list":{"0":"post-498880","1":"post","2":"type-post","3":"status-publish","4":"format-standard","5":"has-post-thumbnail","7":"category-lyon","8":"tag-actu","9":"tag-actualites","10":"tag-auvergne-rhone-alpes","11":"tag-eu","12":"tag-europe","13":"tag-fr","14":"tag-france","15":"tag-lyon","16":"tag-news","17":"tag-olympique-lyonnais","18":"tag-paris-fc","19":"tag-republique-francaise"},"share_on_mastodon":{"url":"https:\/\/pubeurope.com\/@fr\/115460438959837653","error":""},"_links":{"self":[{"href":"https:\/\/www.europesays.com\/fr\/wp-json\/wp\/v2\/posts\/498880","targetHints":{"allow":["GET"]}}],"collection":[{"href":"https:\/\/www.europesays.com\/fr\/wp-json\/wp\/v2\/posts"}],"about":[{"href":"https:\/\/www.europesays.com\/fr\/wp-json\/wp\/v2\/types\/post"}],"author":[{"embeddable":true,"href":"https:\/\/www.europesays.com\/fr\/wp-json\/wp\/v2\/users\/2"}],"replies":[{"embeddable":true,"href":"https:\/\/www.europesays.com\/fr\/wp-json\/wp\/v2\/comments?post=498880"}],"version-history":[{"count":0,"href":"https:\/\/www.europesays.com\/fr\/wp-json\/wp\/v2\/posts\/498880\/revisions"}],"wp:featuredmedia":[{"embeddable":true,"href":"https:\/\/www.europesays.com\/fr\/wp-json\/wp\/v2\/media\/498881"}],"wp:attachment":[{"href":"https:\/\/www.europesays.com\/fr\/wp-json\/wp\/v2\/media?parent=498880"}],"wp:term":[{"taxonomy":"category","embeddable":true,"href":"https:\/\/www.europesays.com\/fr\/wp-json\/wp\/v2\/categories?post=498880"},{"taxonomy":"post_tag","embeddable":true,"href":"https:\/\/www.europesays.com\/fr\/wp-json\/wp\/v2\/tags?post=498880"}],"curies":[{"name":"wp","href":"https:\/\/api.w.org\/{rel}","templated":true}]}}