{"id":498886,"date":"2025-10-30T01:10:22","date_gmt":"2025-10-30T01:10:22","guid":{"rendered":"https:\/\/www.europesays.com\/fr\/498886\/"},"modified":"2025-10-30T01:10:22","modified_gmt":"2025-10-30T01:10:22","slug":"lorient-psg-diffusion-tv-et-en-clair-streaming-et-compos-probables","status":"publish","type":"post","link":"https:\/\/www.europesays.com\/fr\/498886\/","title":{"rendered":"Lorient &#8211; PSG : Diffusion TV et en clair, streaming et compos probables"},"content":{"rendered":"<p>Le football n\u2019attendra pas une semaine pour revenir sur les pelouses de Ligue 1. Trois jours apr\u00e8s la cl\u00f4ture de la neuvi\u00e8me journ\u00e9e, le championnat fran\u00e7ais aborde son dixi\u00e8me \u00e9pisode ce mercredi avec plusieurs matchs au programme dont un int\u00e9ressant duel \u00e0 suivre le FC Lorient et le Paris Saint-Germain.\u00a0<\/p>\n<p>Lorient s\u2019enfonce dans la tourmente<\/p>\n<p>Battu dimanche sur la pelouse d\u2019Angers (2-0), le FC Lorient (16e, 8 pts) traverse une p\u00e9riode d\u00e9licate. Ce nouveau revers, combin\u00e9 aux bons r\u00e9sultats de ses concurrents directs, plonge le club breton dans la zone rouge. Le champion de Ligue 2 en titre occupe d\u00e9sormais la place de barragiste, \u00e0 un point seulement du premier non rel\u00e9gable. Cette d\u00e9faite confirme une dynamique inqui\u00e9tante pour les hommes d\u2019Olivier Pantaloni, d\u00e9j\u00e0 battus au d\u00e9but du mois par le Paris FC (2-0). Malgr\u00e9 une tr\u00eave internationale cens\u00e9e permettre de repartir sur de meilleures bases, les Merlus n\u2019ont pas su enrayer la spirale n\u00e9gative, conc\u00e9dant un match nul spectaculaire face \u00e0 Brest (3-3) lors de la reprise.<\/p>\n<p><img class=\"fco-image__image\" alt=\"FBL-FRA-L1-PSG-TRAINING\"   loading=\"lazy\" decoding=\"async\" fetchpriority=\"auto\" width=\"2403\" height=\"1602\" src=\"https:\/\/www.europesays.com\/fr\/wp-content\/uploads\/2025\/10\/GettyImages-2243339105.jpg\" style=\"aspect-ratio:2403 \/ 1602;width:100%;height:100%\"\/>Getty Images<\/p>\n<p>Le PSG reprend la main en Ligue 1<\/p>\n<p>Pendant ce temps, le Paris Saint-Germain (1er, 20 pts) continue d\u2019imposer son rythme en haut du classement. Le quadruple champion de France en titre a r\u00e9cup\u00e9r\u00e9 la t\u00eate de la Ligue 1 au d\u00e9triment de Marseille, <a href=\"https:\/\/www.goal.com\/fr\/listes\/dembele-et-le-psg-dominent-brest-sans-trembler-3-0\/blta58038f8123b539c\" target=\"_self\" rel=\"nofollow noopener\">gr\u00e2ce \u00e0 sa victoire nette \u00e0 Brest (0-3)<\/a>. L\u2019\u00e9quipe de Luis Enrique devance d\u00e9sormais Lens (2e, 19 pts) d\u2019un point et l\u2019OM (3e, 18 pts) de deux longueurs. Si les Parisiens ont connu un l\u00e9ger coup d\u2019arr\u00eat d\u00e9but octobre avec deux nuls cons\u00e9cutifs face \u00e0 Lille (1-1) et Strasbourg (3-3), ils ont vite redress\u00e9 la barre. Leur domination s\u2019\u00e9tend \u00e9galement sur la sc\u00e8ne europ\u00e9enne : leaders de la phase de ligue de la Ligue des champions, ils restent sur une impressionnante victoire \u00e0 Leverkusen (2-7), confirmant la mont\u00e9e en puissance d\u2019un collectif toujours aussi redoutable.<\/p>\n<p>Sur quelle chaine suivre le match Lorient &#8211; Paris Saint-Germain ?<\/p>\n<p>La rencontre entre le FC Lorient et le Paris Saint-Germain sera \u00e0 suivre ce mercredi 29 octobre 2025 \u00e0 19h sur Ligue 1+, la cha\u00eene officielle de la LFP, disponible sur DAZN ou Amazon Prime avec un abonnement. Vous pouvez \u00e9galement vous abonner \u00e0 la cha\u00eene en passant par RMC Sport, votre FAI ou directement via le site ou l&rsquo;application Ligue 1+.<\/p>\n<p>Comment regarder de partout avec VPN<\/p>\n<p>Si vous \u00eates \u00e0 l&rsquo;\u00e9tranger, vous devrez peut-\u00eatre utiliser un r\u00e9seau priv\u00e9 virtuel (VPN) pour regarder les matchs en utilisant votre service de streaming habituel. Un VPN, tel que <a class=\"fco-affiliate-link\" href=\"https:\/\/clicks.trx-hub.com\/xid\/footballco_f4b0b_goal?q=https%3A%2F%2Fgo.nordvpn.net%2Faff_c%3Foffer_id%3D252%26aff_id%3D105807%26url_id%3D22451&amp;event_type=click&amp;countrycode=US\" target=\"_blank\" data-link-wrapper-provider=\"TRACKONOMICS\" rel=\"sponsored nofollow noopener\"><strong>NordVPN<\/strong><\/a>, vous permet d&rsquo;\u00e9tablir une connexion s\u00e9curis\u00e9e en ligne lors du streaming. Si vous ne savez pas quel VPN utiliser, consultez le guide de <strong>GOAL<\/strong> sur les <a href=\"https:\/\/www.goal.com\/en\/lists\/best-vpn-services\/bltac51bd1cc961a015\" target=\"_blank\" rel=\"nofollow noopener\">meilleurs VPN pour le streaming sportif<\/a>.<\/p>\n<p>Horaire et lieu du match Lorient &#8211; Paris Saint-Germain ?<\/p>\n<p>La rencontre entre Lorient et le PSG se tiendra ce mercredi 29 octobre au Stade Moustoir de Lorient, \u00e0 partir de 19h, heure fran\u00e7aise.<\/p>\n<p>Infos des \u00e9quipes et effectifsLorient vs Paris Saint-Germain compositionsBlessures et joueurs suspendusInfos sur l&rsquo;\u00e9quipe de Lorient<\/p>\n<p>Le FC Lorient doit toujours composer avec plusieurs absences importantes. Isaak Tour\u00e9, pilier de la d\u00e9fense, ainsi que le milieu offensif Fadiga et la recrue Sanusi, encore en attente de leurs premi\u00e8res minutes, figurent parmi les joueurs indisponibles. Le piston droit Katseris poursuit \u00e9galement sa convalescence, tandis que le d\u00e9fenseur central Faye, victime d\u2019une blessure de longue dur\u00e9e, ne devrait pas retrouver les terrains avant janvier. \u00c0 ces forfaits s\u2019ajoute celui de Bamba Dieng, l\u2019ancien attaquant de l\u2019OM, r\u00e9cemment contraint \u00e0 un r\u00f4le limit\u00e9 en sortie de banc. C\u2019est donc Aiyegun Tosin qui devrait d\u00e9buter \u00e0 la pointe de l\u2019attaque face au PSG. Derri\u00e8re le B\u00e9ninois, Olivier Pantaloni devrait miser sur Makengo et Pagis en attaque et le quatuor Le Bris &#8211; Abergel &#8211; Cadiou &#8211; Kouassi dans l\u2019entrejeu. L\u2019entraineur des Merlus devrait reconduire Mvogo dans les buts avec une d\u00e9fense compos\u00e9e de M\u00e9it\u00e9, Silva, Yongwa et Talbi.\u00a0<\/p>\n<p>Infos sur l&rsquo;\u00e9quipe du PSG<\/p>\n<p>De son c\u00f4t\u00e9, le PSG aborde cette nouvelle rencontre avec un effectif quasiment au complet. L\u2019infirmerie s\u2019est consid\u00e9rablement all\u00e9g\u00e9e durant la tr\u00eave internationale : Fabian Ruiz et Jo\u00e3o Neves ont tous deux repris l\u2019entra\u00eenement collectif. Toutefois, seul le milieu portugais a \u00e9t\u00e9 jug\u00e9 suffisamment pr\u00eat pour participer au d\u00e9placement en Bretagne, o\u00f9 les Parisiens entendent poursuivre leur s\u00e9rie de victoires. Mais Joao Neves ne devrait pas d\u00e9buter face aux Merlus puisque le milieu parisien devrait \u00eatre anim\u00e9 par Kang-In Lee, Vitinha et Mayulu. En d\u00e9fense, Luis Enrique devrait miser sur un quatuor compos\u00e9 de Zaire-Emery, Marquinhos, Pacho, et Nuno Mendes. Dans les buts, il est fort probable que le technicien espagnol m\u00e9nage Lucas Chevalier, ce qui permettra \u00e0 Matvey Safonov de s\u2019illustrer. Du c\u00f4t\u00e9 de l\u2019attaque, Ousmane Demb\u00e9l\u00e9 devrait avoir sa premi\u00e8re titularisation aux c\u00f4t\u00e9s d\u2019Ibrahim Mbaye et Bradley Barcola.<\/p>\n<p>La forme des deux \u00e9quipes<\/p>\n<dl class=\"statistics_statistics__mw2he component-statistics\">\n<dt class=\"statistics_statistic-term__q2TPr\">Buts marqu\u00e9s (encaiss\u00e9s)<\/dt>\n<dd class=\"statistics_statistic-value__t97Eh\">7\/9<\/dd>\n<dt class=\"statistics_statistic-term__q2TPr\">Match \u00e0 plus de 2,5 buts<\/dt>\n<dd class=\"statistics_statistic-value__t97Eh\">2\/5<\/dd>\n<dt class=\"statistics_statistic-term__q2TPr\">Les deux \u00e9quipes ont marqu\u00e9<\/dt>\n<dd class=\"statistics_statistic-value__t97Eh\">3\/5<\/dd>\n<\/dl>\n<dl class=\"statistics_statistics__mw2he component-statistics\">\n<dt class=\"statistics_statistic-term__q2TPr\">Buts marqu\u00e9s (encaiss\u00e9s)<\/dt>\n<dd class=\"statistics_statistic-value__t97Eh\">16\/7<\/dd>\n<dt class=\"statistics_statistic-term__q2TPr\">Match \u00e0 plus de 2,5 buts<\/dt>\n<dd class=\"statistics_statistic-value__t97Eh\">4\/5<\/dd>\n<dt class=\"statistics_statistic-term__q2TPr\">Les deux \u00e9quipes ont marqu\u00e9<\/dt>\n<dd class=\"statistics_statistic-value__t97Eh\">4\/5<\/dd>\n<\/dl>\n<p>Pr\u00e9c\u00e9dentes confrontations<\/p>\n<dl class=\"statistics_statistics__mw2he component-statistics\">\n<dt class=\"statistics_statistic-term__q2TPr\">Match \u00e0 plus de 2,5 buts<\/dt>\n<dd class=\"statistics_statistic-value__t97Eh\">4\/5<\/dd>\n<dt class=\"statistics_statistic-term__q2TPr\">Les deux \u00e9quipes ont marqu\u00e9<\/dt>\n<dd class=\"statistics_statistic-value__t97Eh\">4\/5<\/dd>\n<\/dl>\n<p>Classement<\/p>\n","protected":false},"excerpt":{"rendered":"Le football n\u2019attendra pas une semaine pour revenir sur les pelouses de Ligue 1. Trois jours apr\u00e8s la&hellip;\n","protected":false},"author":2,"featured_media":498887,"comment_status":"","ping_status":"","sticky":false,"template":"","format":"standard","meta":{"footnotes":""},"categories":[1888],"tags":[1111,1928,11,1927,1777,674,1011,27,66,1781,62110,12,1926,626,1925,91,25],"class_list":{"0":"post-498886","1":"post","2":"type-post","3":"status-publish","4":"format-standard","5":"has-post-thumbnail","7":"category-paris","8":"tag-actu","9":"tag-actu-paris","10":"tag-actualites","11":"tag-actualites-paris","12":"tag-eu","13":"tag-europe","14":"tag-fr","15":"tag-france","16":"tag-ligue-1","17":"tag-lorient","18":"tag-lorient-vs-paris-saint-germain","19":"tag-news","20":"tag-news-paris","21":"tag-paris","22":"tag-paris-news","23":"tag-paris-saint-germain","24":"tag-republique-francaise"},"share_on_mastodon":{"url":"https:\/\/pubeurope.com\/@fr\/115460454807763911","error":""},"_links":{"self":[{"href":"https:\/\/www.europesays.com\/fr\/wp-json\/wp\/v2\/posts\/498886","targetHints":{"allow":["GET"]}}],"collection":[{"href":"https:\/\/www.europesays.com\/fr\/wp-json\/wp\/v2\/posts"}],"about":[{"href":"https:\/\/www.europesays.com\/fr\/wp-json\/wp\/v2\/types\/post"}],"author":[{"embeddable":true,"href":"https:\/\/www.europesays.com\/fr\/wp-json\/wp\/v2\/users\/2"}],"replies":[{"embeddable":true,"href":"https:\/\/www.europesays.com\/fr\/wp-json\/wp\/v2\/comments?post=498886"}],"version-history":[{"count":0,"href":"https:\/\/www.europesays.com\/fr\/wp-json\/wp\/v2\/posts\/498886\/revisions"}],"wp:featuredmedia":[{"embeddable":true,"href":"https:\/\/www.europesays.com\/fr\/wp-json\/wp\/v2\/media\/498887"}],"wp:attachment":[{"href":"https:\/\/www.europesays.com\/fr\/wp-json\/wp\/v2\/media?parent=498886"}],"wp:term":[{"taxonomy":"category","embeddable":true,"href":"https:\/\/www.europesays.com\/fr\/wp-json\/wp\/v2\/categories?post=498886"},{"taxonomy":"post_tag","embeddable":true,"href":"https:\/\/www.europesays.com\/fr\/wp-json\/wp\/v2\/tags?post=498886"}],"curies":[{"name":"wp","href":"https:\/\/api.w.org\/{rel}","templated":true}]}}