{"id":498888,"date":"2025-10-30T01:11:14","date_gmt":"2025-10-30T01:11:14","guid":{"rendered":"https:\/\/www.europesays.com\/fr\/498888\/"},"modified":"2025-10-30T01:11:14","modified_gmt":"2025-10-30T01:11:14","slug":"les-improbables-un-spectacle-exceptionnel-loufoque-et-poetique-de-et-avec-edi-rudo-a-factorielle-52","status":"publish","type":"post","link":"https:\/\/www.europesays.com\/fr\/498888\/","title":{"rendered":"\u00ab\u00a0Les improbables\u00a0\u00bb : un spectacle exceptionnel, loufoque et po\u00e9tique de et avec Edi Rudo \u00e0 Factorielle 52 !"},"content":{"rendered":"<p><strong>Les trap\u00e9zistes auraient pr\u00e9f\u00e9r\u00e9 une plus grande hauteur sous plafond.<\/strong><\/p>\n<p>Le magicien Edi Rudo, artiste cam\u00e9l\u00e9on aux multiples visages, r\u00e9unit dans la salle chaleureuse du Factorielle 52, une trentaine d\u2019artistes iconoclastes qu\u2019il a rencontr\u00e9s durant ses voyages. Fakirs punks, acrobates disloqu\u00e9s, magiciens malgr\u00e9 eux\u2026<\/p>\n<p>[Source : communiqu\u00e9 de presse]<\/p>\n<p><a href=\"https:\/\/www.clubartistikrezo.com\/\" rel=\"nofollow noopener\" target=\"_blank\"><b>\u00c9v\u00e9nement partenaire du Club Artistik Rezo<\/b><\/a><\/p>\n","protected":false},"excerpt":{"rendered":"Les trap\u00e9zistes auraient pr\u00e9f\u00e9r\u00e9 une plus grande hauteur sous plafond. Le magicien Edi Rudo, artiste cam\u00e9l\u00e9on aux multiples&hellip;\n","protected":false},"author":2,"featured_media":498889,"comment_status":"","ping_status":"","sticky":false,"template":"","format":"standard","meta":{"footnotes":""},"categories":[1888],"tags":[1111,11,4763,1777,674,1011,27,29658,12,626,25,3140],"class_list":{"0":"post-498888","1":"post","2":"type-post","3":"status-publish","4":"format-standard","5":"has-post-thumbnail","7":"category-paris","8":"tag-actu","9":"tag-actualites","10":"tag-agenda","11":"tag-eu","12":"tag-europe","13":"tag-fr","14":"tag-france","15":"tag-magie","16":"tag-news","17":"tag-paris","18":"tag-republique-francaise","19":"tag-spectacle"},"share_on_mastodon":{"url":"","error":""},"_links":{"self":[{"href":"https:\/\/www.europesays.com\/fr\/wp-json\/wp\/v2\/posts\/498888","targetHints":{"allow":["GET"]}}],"collection":[{"href":"https:\/\/www.europesays.com\/fr\/wp-json\/wp\/v2\/posts"}],"about":[{"href":"https:\/\/www.europesays.com\/fr\/wp-json\/wp\/v2\/types\/post"}],"author":[{"embeddable":true,"href":"https:\/\/www.europesays.com\/fr\/wp-json\/wp\/v2\/users\/2"}],"replies":[{"embeddable":true,"href":"https:\/\/www.europesays.com\/fr\/wp-json\/wp\/v2\/comments?post=498888"}],"version-history":[{"count":0,"href":"https:\/\/www.europesays.com\/fr\/wp-json\/wp\/v2\/posts\/498888\/revisions"}],"wp:featuredmedia":[{"embeddable":true,"href":"https:\/\/www.europesays.com\/fr\/wp-json\/wp\/v2\/media\/498889"}],"wp:attachment":[{"href":"https:\/\/www.europesays.com\/fr\/wp-json\/wp\/v2\/media?parent=498888"}],"wp:term":[{"taxonomy":"category","embeddable":true,"href":"https:\/\/www.europesays.com\/fr\/wp-json\/wp\/v2\/categories?post=498888"},{"taxonomy":"post_tag","embeddable":true,"href":"https:\/\/www.europesays.com\/fr\/wp-json\/wp\/v2\/tags?post=498888"}],"curies":[{"name":"wp","href":"https:\/\/api.w.org\/{rel}","templated":true}]}}