{"id":498892,"date":"2025-10-30T01:13:17","date_gmt":"2025-10-30T01:13:17","guid":{"rendered":"https:\/\/www.europesays.com\/fr\/498892\/"},"modified":"2025-10-30T01:13:17","modified_gmt":"2025-10-30T01:13:17","slug":"le-drone-sous-marin-a-capacite-nucleaire-de-poutine-quon-ne-peut-pas-intercepter","status":"publish","type":"post","link":"https:\/\/www.europesays.com\/fr\/498892\/","title":{"rendered":"le drone sous-marin \u00e0 capacit\u00e9 nucl\u00e9aire de Poutine qu\u2019on \u201cne peut pas intercepter\u201d"},"content":{"rendered":"\n<p>Au moment de pr\u00e9senter les caract\u00e9ristiques de cette nouvelle arme, Vladimir Poutine n\u2019a pas \u00e9t\u00e9 avare en compliments. \u201cEn mati\u00e8re de vitesse et de profondeur d\u2019action, il n\u2019y a rien de semblable au monde \u00e0 cet engin sans pilote, s\u2019est enorgueilli le pr\u00e9sident de la F\u00e9d\u00e9ration russe, <a class=\"ithalc\" data-ithal=\"lien_externe\" data-ithalc=\"[nav_article]\" target=\"_blank\" href=\"https:\/\/www.washingtonpost.com\/world\/2025\/10\/29\/russia-putin-nuclear-poseidon-drone-burevestnik-missile\/daed127e-b4cd-11f0-88c1-4e2f98984a34_story.html\" rel=\"noopener\">dont <strong>The Washington Post <\/strong>relaie les propos<\/a>.\u00a0Il est peu probable de voir appara\u00eetre quoi que ce soit de similaire dans un avenir proche. Et il n\u2019y a aucun moyen de l\u2019intercepter.\u201d<\/p>\n<p>Le prototype en question qui, selon les mots prononc\u00e9s par le chef du Kremlin mercredi 29\u00a0octobre, a \u00e9t\u00e9 test\u00e9 avec succ\u00e8s mardi, s\u2019appelle \u201cPos\u00e9idon\u201d. Un nom, celui du dieu de la mer de la Gr\u00e8ce antique, qui n\u2019a pas \u00e9t\u00e9 choisi au hasard, puisque l\u2019on parle l\u00e0 d\u2019un drone sous-marin \u00e0 capacit\u00e9 nucl\u00e9aire.<\/p>\n<p>\u201cSelon les m\u00e9dias russes, pr\u00e9cise le quotidien de la capitale am\u00e9ricaine, le Pos\u00e9idon est con\u00e7u pour atteindre une vitesse maximale de 200\u00a0km\/h, soit une vitesse nettement sup\u00e9rieure \u00e0 celle des torpilles ou des navires de guerre existants.\u201d L\u2019arme en question, <a class=\"ithalc\" data-ithal=\"lien_externe\" data-ithalc=\"[nav_article]\" target=\"_blank\" href=\"https:\/\/www.nytimes.com\/2025\/10\/29\/world\/europe\/russia-missile-poseidon-putin-nuclear-tests.html\" rel=\"noopener\">compl\u00e8te de son c\u00f4t\u00e9 <strong>The New York Times<\/strong><\/a><strong>,<\/strong> \u201cest con\u00e7ue pour \u00e9chapper aux d\u00e9fenses et provoquer un tsunami suffisamment puissant pour d\u00e9vaster une ville c\u00f4ti\u00e8re\u201d.<\/p>\n<p>                    \u201cPoutine est revenu \u00e0 sa rh\u00e9torique nucl\u00e9aire\u201d       <\/p>\n<p>Du c\u00f4t\u00e9 de la presse d\u2019outre-Atlantique, le timing de l\u2019annonce de Poutine laisse peu de doute sur les intentions du pr\u00e9sident russe\u00a0: ce dernier a voulu lancer un message \u00e0 Donald Trump. Dimanche 26\u00a0octobre, d\u00e9j\u00e0, rappelle d\u2019ailleurs le quotidien progressiste, \u201cPoutine avait annonc\u00e9 que la Russie avait test\u00e9 avec succ\u00e8s <a href=\"https:\/\/www.courrierinternational.com\/article\/geopolitique-un-missile-performant-et-une-offre-de-dialogue-le-double-jeu-de-moscou-avec-washington_236743\" target=\"_blank\" rel=\"noopener\">le missile nucl\u00e9aire Bourevestnik<\/a> \u00e0 capacit\u00e9 nucl\u00e9aire et se pr\u00e9parait \u00e0 le d\u00e9ployer\u201d. Une d\u00e9claration qui \u00e9tait survenue quelques jours apr\u00e8s <a href=\"https:\/\/www.courrierinternational.com\/article\/diplomatie-le-sommet-trump-poutine-sur-la-guerre-en-ukraine-reporte-sine-die_236565\" target=\"_blank\" rel=\"noopener\">l\u2019\u00e9chec d\u2019un sommet pr\u00e9vu entre le leader russe et son homologue am\u00e9ricain<\/a>, Trump affirmant ne pas vouloir \u201cperdre son temps\u201d.<\/p>\n<p>Depuis ces paroles du locataire de la Maison-Blanche, analyse \u00e9galement le Washington Post, \u201cPoutine est revenu \u00e0 sa rh\u00e9torique nucl\u00e9aire\u201d, le chef du Kremlin ayant probablement voulu aussi riposter aux mesures de Trump qui, le 22\u00a0octobre, a lanc\u00e9 ses premi\u00e8res sanctions majeures contre la Russie depuis son retour au pouvoir.<\/p>\n<p>Lundi 27\u00a0octobre, Trump avait r\u00e9agi aux annonces de Poutine sur le missile Bourevestnik en critiquant le pr\u00e9sident russe et en qualifiant les essais d\u2019un missile \u00e0 propulsion nucl\u00e9aire d\u2019\u201cinappropri\u00e9s\u201d, avant d\u2019exhorter le Kremlin \u00e0 se concentrer plut\u00f4t sur les pourparlers de paix. Un \u201cconseil\u201d qui n\u2019a visiblement pas produit l\u2019effet escompt\u00e9.<\/p>\n","protected":false},"excerpt":{"rendered":"Au moment de pr\u00e9senter les caract\u00e9ristiques de cette nouvelle arme, Vladimir Poutine n\u2019a pas \u00e9t\u00e9 avare en compliments.&hellip;\n","protected":false},"author":2,"featured_media":498893,"comment_status":"","ping_status":"","sticky":false,"template":"","format":"standard","meta":{"footnotes":""},"categories":[1591],"tags":[11,3822,674,1887,1892,12,15077,1885,1886,132,770,135],"class_list":{"0":"post-498892","1":"post","2":"type-post","3":"status-publish","4":"format-standard","5":"has-post-thumbnail","7":"category-russie","8":"tag-actualites","9":"tag-amu00e9riques","10":"tag-europe","11":"tag-federation-de-russie","12":"tag-gu00e9opolitique","13":"tag-news","14":"tag-nuclu00e9aire","15":"tag-russia","16":"tag-russian-federation","17":"tag-russie","18":"tag-u00e9tats-unis","19":"tag-vladimir-poutine"},"share_on_mastodon":{"url":"https:\/\/pubeurope.com\/@fr\/115460466565650279","error":""},"_links":{"self":[{"href":"https:\/\/www.europesays.com\/fr\/wp-json\/wp\/v2\/posts\/498892","targetHints":{"allow":["GET"]}}],"collection":[{"href":"https:\/\/www.europesays.com\/fr\/wp-json\/wp\/v2\/posts"}],"about":[{"href":"https:\/\/www.europesays.com\/fr\/wp-json\/wp\/v2\/types\/post"}],"author":[{"embeddable":true,"href":"https:\/\/www.europesays.com\/fr\/wp-json\/wp\/v2\/users\/2"}],"replies":[{"embeddable":true,"href":"https:\/\/www.europesays.com\/fr\/wp-json\/wp\/v2\/comments?post=498892"}],"version-history":[{"count":0,"href":"https:\/\/www.europesays.com\/fr\/wp-json\/wp\/v2\/posts\/498892\/revisions"}],"wp:featuredmedia":[{"embeddable":true,"href":"https:\/\/www.europesays.com\/fr\/wp-json\/wp\/v2\/media\/498893"}],"wp:attachment":[{"href":"https:\/\/www.europesays.com\/fr\/wp-json\/wp\/v2\/media?parent=498892"}],"wp:term":[{"taxonomy":"category","embeddable":true,"href":"https:\/\/www.europesays.com\/fr\/wp-json\/wp\/v2\/categories?post=498892"},{"taxonomy":"post_tag","embeddable":true,"href":"https:\/\/www.europesays.com\/fr\/wp-json\/wp\/v2\/tags?post=498892"}],"curies":[{"name":"wp","href":"https:\/\/api.w.org\/{rel}","templated":true}]}}