{"id":498916,"date":"2025-10-30T01:30:12","date_gmt":"2025-10-30T01:30:12","guid":{"rendered":"https:\/\/www.europesays.com\/fr\/498916\/"},"modified":"2025-10-30T01:30:12","modified_gmt":"2025-10-30T01:30:12","slug":"cyclisme-analyse-les-10-plus-grands-talents-a-suivre-de-la-generation-2004","status":"publish","type":"post","link":"https:\/\/www.europesays.com\/fr\/498916\/","title":{"rendered":"Cyclisme. Analyse &#8211; Les 10 plus grands talents \u00e0 suivre de la g\u00e9n\u00e9ration 2004"},"content":{"rendered":"<p> Lire la suite de l&rsquo;article&#13;<\/p>\n<p>\u00a0<\/p>\n<p>&#13;<br \/>\n10. Pavel Novak&#13;<\/p>\n<p><strong>Movistar Team (MBH Bank Ballan CSB en 2025) &#8211; R\u00e9publique Tch\u00e8que &#8211; 03\/12\/2004 &#8211; Pas dans notre classement en 2024 (new)<\/strong><\/p>\n<p>&#13;<\/p>\n<p>Peu connu parmi les suiveurs du v\u00e9lo, Pavel Novak sera sans nul doute l&rsquo;un des \u00ab\u00a0rookies\u00a0\u00bb \u00e0 suivre en 2026. Apr\u00e8s trois ann\u00e9es espoirs pass\u00e9es dans les rangs de la\u00a0MBH Bank Ballan CSB, le Tch\u00e8que va rejoindre les rangs de la Movistar. Assez inconstant dans ses r\u00e9sultats, Novak a \u00e9t\u00e9 capable de beaux coups d&rsquo;\u00e9clats ces derni\u00e8res ann\u00e9es, \u00e0 l&rsquo;image de sa 3e place et de sa victoire d&rsquo;\u00e9tape sur le dernier Giro Next Gen. Pur grimpeur, il faudra qui trouve sa place au sein d&rsquo;un solide effectif Movistar pour briller.<\/p>\n<p>&#13;<\/p>\n<p>\u00a0<\/p>\n<p>&#13;<br \/>\n9. Pau Marti&#13;<\/p>\n<p><strong>Israel-Premier Tech (<\/strong><strong>Israel-Premier Tech Academy<\/strong><strong>\u00a0en 2025) &#8211; Espagne &#8211; 24\/11\/2004 &#8211; Pas dans notre classement en 2024\u00a0<\/strong><strong>(new)<\/strong><\/p>\n<p>&#13;<\/p>\n<p>A l&rsquo;inverse de Novak, qui marche lui plut\u00f4t aux\u00a0coups d&rsquo;\u00e9clats, Pau Marti a lui su montrer une vraie constance ces derni\u00e8res ann\u00e9es. Vainqueur de la course de la Paix Espoirs 2025, vainqueur d&rsquo;\u00e9tape sur le Tour du Portugal 2025, 3e du Giro Next Gen en 2024&#8230; l&rsquo;Espagnol s&rsquo;est montr\u00e9 capable de briller sur de nombreux terrains, notamment sur des \u00e9tapes pour puncheurs. Il passera donc en WorldTour en 2026 avec Israel-Premier Tech.<\/p>\n<p>&#13;<\/p>\n<p>\u00a0<\/p>\n<p>&#13;<br \/>\n8. Luke Tuckwell&#13;<\/p>\n<p><strong>Red Bull-BORA-hansgrohe (<\/strong><strong>Red Bull-BORA-hansgrohe Rookies<\/strong><strong>\u00a0en 2025) &#8211; Australie &#8211; 21\/06\/2004 &#8211; Pas dans notre classement en 2024\u00a0<\/strong><strong>(new)<\/strong><\/p>\n<p>&#13;<\/p>\n<p>Une grande majorit\u00e9 des suiveurs on d\u00e9couvert Luke Tuckwell \u00e0 l&rsquo;occasion du Giro Next Gen cette ann\u00e9e. Longtemps porteur du maillot rose, l&rsquo;Australien avait finalement \u00e9t\u00e9 battu sur la derni\u00e8re \u00e9tape et avait d\u00fb se contenter de la 2e place. Solide grimpeur, ce qui a \u00e9t\u00e9 confirm\u00e9 par sa 10e place au Tour de l&rsquo;Avenir, il va passer pro au sein de la\u00a0Red Bull-BORA-hansgrohe\u00a0en 2026. S&rsquo;il n&rsquo;aura sans doute pas un r\u00f4le de leader d\u00e8s sa premi\u00e8re ann\u00e9e, nul doute qu&rsquo;il poss\u00e8de un beau potentiel.<\/p>\n<p>&#13;<\/p>\n<blockquote class=\"twitter-tweet\" style=\"width:100%!important;max-width:550px!important;min-width:250px;height:500px;\"><p>&#13;<\/p>\n<p dir=\"ltr\" lang=\"fr\">Transfert &#8211; La Red Bull-BORA-hansgrohe Rookies avec une \u00e9quipe ultra solide en 2026 <a href=\"https:\/\/twitter.com\/hashtag\/redbullborahansgrohe?src=hash&amp;ref_src=twsrc%5Etfw\" target=\"_blank\" rel=\"noopener\">#redbullborahansgrohe<\/a> <a href=\"https:\/\/twitter.com\/hashtag\/rbh?src=hash&amp;ref_src=twsrc%5Etfw\" target=\"_blank\" rel=\"noopener\">#rbh<\/a> <a href=\"https:\/\/twitter.com\/hashtag\/Finn?src=hash&amp;ref_src=twsrc%5Etfw\" target=\"_blank\" rel=\"noopener\">#Finn<\/a> <a href=\"https:\/\/twitter.com\/hashtag\/RBHRookies?src=hash&amp;ref_src=twsrc%5Etfw\" target=\"_blank\" rel=\"noopener\">#RBHRookies<\/a> <a href=\"https:\/\/t.co\/1xHKkkxtUi\">https:\/\/t.co\/1xHKkkxtUi<\/a><\/p>\n<p>&#13;<br \/>\n\u2014 Cyclism&rsquo;Actu (@cyclismactu) <a href=\"https:\/\/twitter.com\/cyclismactu\/status\/1980634244310335916?ref_src=twsrc%5Etfw\" target=\"_blank\" rel=\"noopener\">October 21, 2025<\/a><\/p><\/blockquote>\n<p>&#13;<br \/>\n&#13;<\/p>\n<p>\u00a0<\/p>\n<p>&#13;<br \/>\n7. Johannes Kulset&#13;<\/p>\n<p><strong>Uno-X Mobility<\/strong><strong>\u00a0&#8211; Norv\u00e8ge &#8211; 14\/04\/2004 &#8211; Pas dans notre classement en 2024\u00a0<\/strong><strong>(new)<\/strong><\/p>\n<p>&#13;<\/p>\n<p>Il n&rsquo;est sans doute pas le nom le plus connu de cette liste, mais il n&rsquo;en reste pas moins tr\u00e8s talentueux. Plus jeune coureur au d\u00e9part du Tour de France 2024, Johannes Kulset a ensuite confirm\u00e9 tout son talent en 2025 en \u00e9tant tr\u00e8s r\u00e9gulier tout au long de la saison. Excellent grimpeur, il a notamment termin\u00e9 3e de l&rsquo;AlUla Tour, 5e du Tour de Turquie, 6e du Tour de Slov\u00e9nie, 9e du Tour de Burgos&#8230;<\/p>\n<p>&#13;<\/p>\n<p>\u00a0<\/p>\n<p>&#13;<br \/>\n6. Noah Hobbs&#13;<\/p>\n<p><strong>EF Education-EasyPost (<\/strong><strong>EF Education-Aevolo en 2025)\u00a0<\/strong><strong>&#8211; Grande-Bretagne &#8211; 23\/06\/2004 &#8211; Pas dans notre classement en 2024\u00a0<\/strong><strong>(new)<\/strong><\/p>\n<p>&#13;<\/p>\n<p>En 20-21 ans, Noah Hobbs a montr\u00e9 cette saison qu&rsquo;il \u00e9tait le meilleur sprinteur de la cat\u00e9gorie Espoirs. Un pur sprinteur, comme on n&rsquo;en fait plus beaucoup. Pass\u00e9 au sein de la Conti Groupama-FDJ, le Britannique a finalement rebondi chez EF Education-EasyPost, chez qui il va passer en WorldTour en 2026. L&rsquo;objectif pour Hobbs sera sans nul doute d&rsquo;engranger les victoires, d&rsquo;abord sur les courses d&rsquo;un niveau plus modeste et enfin pourquoi pas s&rsquo;imposer au plus haut niveau.<\/p>\n<p>&#13;<\/p>\n<p>\u00a0<\/p>\n<p>&#13;<br \/>\n5. Thibaud Gruel&#13;<\/p>\n<p><strong>Groupama-FDJ<\/strong><strong>\u00a0&#8211; France &#8211; 01\/05\/2004 &#8211; Pas dans notre classement en 2024\u00a0<\/strong><strong>(new)<\/strong><\/p>\n<p>&#13;<\/p>\n<p>Pour sa premi\u00e8re saison compl\u00e8te chez les professionnels, Thibaud Gruel a r\u00e9alis\u00e9 une tr\u00e8s belle ann\u00e9e 2025. 2 victoires, des tops 10 \u00e0 la pelle et une tr\u00e8s belle prestation sur Paris-Tours pour conclure la saison&#8230; le Fran\u00e7ais s&rsquo;est affich\u00e9 comme l&rsquo;un des hommes \u00e0 suivre lors des prochaines ann\u00e9es. Excellent puncheur-sprinteur, capable \u00e9galement de briller sur les Classiques et les prologues, il sera l&rsquo;un des hommes forts de la Groupama-FDJ dans le futur.<\/p>\n<p>&#13;<\/p>\n<p>\u00a0<\/p>\n<p>&#13;<br \/>\n4. Antonio Morgado&#13;<\/p>\n<p><strong>UAE Team Emirates XRG<\/strong><strong>\u00a0&#8211; Portugal &#8211; 28\/01\/2004 &#8211;\u00a0<\/strong><strong>2e\u00a0de notre classement en 2024 (-2)<\/strong><\/p>\n<p>&#13;<\/p>\n<p>Voil\u00e0 la d\u00e9finition d&rsquo;un diamant \u00e0 polir : Antonio Morgado. Le Portugais a d\u00e9montr\u00e9 tout son talent \u00e0 de nombreuses reprises, \u00e0 l&rsquo;image de sa 4e place sur le Tour de Flandres 2024, \u00e0 20 ans, ou de ses 6 victoires chez les professionnels. Un \u00ab\u00a0crack\u00a0\u00bb comme on aime \u00e0 les appeler, mais qui est cependant tr\u00e8s irr\u00e9gulier. Apr\u00e8s des d\u00e9buts de saisons flamboyants, que ce soit en 2024 ou en 2025, Morgado a \u00e0 chaque fois grandement baiss\u00e9 de r\u00e9gime sur la deuxi\u00e8me partie de saison. Un probl\u00e8me qui reste \u00e0 r\u00e9gler pour UAE Team Emirates XRG, mais qui n&rsquo;enl\u00e8ve rien de son talent de puncheur-classicman d&rsquo;\u00e9lite.<\/p>\n<p>&#13;<\/p>\n<p style=\"text-align: center;\">\n<p>&#13;<\/p>\n<p>\u00a0<\/p>\n<p>&#13;<br \/>\n3. Jan Christen&#13;<\/p>\n<p><strong>UAE Team Emirates XRG<\/strong><strong>\u00a0&#8211; Suisse &#8211; 26\/06\/2004 &#8211;\u00a0<\/strong><strong>2e\u00a0de notre classement en 2024 (+1)<\/strong><\/p>\n<p>&#13;<\/p>\n<p>A la bataille pour le podium avec son co\u00e9quipier de chez\u00a0UAE Team Emirates XRG, Jan Christen s&rsquo;offre cette 3e place gr\u00e2ce \u00e0 sa r\u00e9gularit\u00e9. S&rsquo;il a lui aussi plusieurs d\u00e9fauts, avec un sens tactique peu aiguis\u00e9 et une personnalit\u00e9 bien tremp\u00e9e voire l\u00e9g\u00e8rement \u00e9go\u00efste, le Suisse a surtout un grand talent.\u00a0A seulement 21 ans, Christen est d\u00e9j\u00e0 consid\u00e9r\u00e9 comme l&rsquo;un des meilleurs puncheurs du monde, comme l&rsquo;attestent ses 5 victoires professionnelles. Reste maintenant pour lui \u00e0 passer un dernier cap afin d&rsquo;aller en chercher une \u00ab\u00a0belle\u00a0\u00bb.<\/p>\n<p>&#13;<\/p>\n<p>\u00a0<\/p>\n<p>&#13;<br \/>\n2. Joshua Tarling&#13;<\/p>\n<p><strong>INEOS Grenadiers<\/strong><strong>\u00a0&#8211; Grande-Bretagne &#8211; 15\/02\/2004 &#8211;\u00a0<\/strong><strong>1er de notre classement en 2024 (<\/strong><strong>-1<\/strong><strong>)<\/strong><\/p>\n<p>&#13;<\/p>\n<p>En 2023, Joshua Tarling est arriv\u00e9 comme une bombe chez les \u00c9lites, en d\u00e9crochant d\u00e8s sa premi\u00e8re ann\u00e9e 4 succ\u00e8s, dont le titre europ\u00e9en sur le contre-la-montre. S&rsquo;il semble l\u00e9g\u00e8rement \u00ab\u00a0stagner\u00a0\u00bb depuis, notamment \u00e0 cause d&rsquo;une grosse chute subit sur le dernier Giro, le Britannique n&rsquo;en reste pas moins impressionnant. Depuis 3 saisons, Tarling fait partie des trois meilleurs rouleurs du peloton&#8230; en esp\u00e9rant pour lui qu&rsquo;il puisse d&rsquo;ici peu concurrencer Remco Evenepoel et aller d\u00e9crocher un titre mondial dans la discipline.<\/p>\n<p>&#13;<\/p>\n<p>\u00a0<\/p>\n<p>&#13;<br \/>\n1. Paul Magnier&#13;<\/p>\n<p><strong>Soudal Quick-Step<\/strong><strong>\u00a0&#8211; France &#8211; 14\/04\/2004 &#8211;\u00a0<\/strong><strong>3e de notre classement en 2024 (<\/strong><strong>+2<\/strong><strong>)<\/strong><\/p>\n<p>&#13;<\/p>\n<p>Que dire sur Paul Magnier qui n&rsquo;a pas encore \u00e9t\u00e9 dit ? Un chiffre qui en dit long : 19 ! Son nombre de victoires en 2025, dont 6 en WorldTour. Le Fran\u00e7ais de la Soudal Quick-Step avait d\u00e9j\u00e0 fait forte impression pour ses d\u00e9buts en 2024, mais a pass\u00e9 un vrai cap en 2025. S&rsquo;il n&rsquo;a pas encore d\u00e9croch\u00e9 de victoire de prestige, comme sur une grosse course-par-\u00e9tapes ou une Classique, Magnier peut \u00eatre consid\u00e9r\u00e9 comme LE sprinteur le plus prometteur de la nouvelle g\u00e9n\u00e9ration.<\/p>\n<p>&#13;<\/p>\n<p>\u00a0<\/p>\n<p>&#13;<br \/>\nMentions Honorables&#13;<\/p>\n<p>Parmi les coureurs que nous aurions pu citer dans cette liste, mais  qui, par raison de concurrence, ne sont pas rentr\u00e9s dedans, nous pouvons nommer le grimpeur belge <strong>Aaron Dockx<\/strong> (Alpecin-Deceuninck) ou son compatriote puncheur-sprinteur<strong> Vlad Van Mechelen<\/strong> (Bahrain Victorious), mais aussi le grimpeur italien <strong>Ludovico Crescioli <\/strong>(Polti VisitMalta) ou le rouleur <strong>Michael Leonard<\/strong> (INEOS Grenadiers)<\/p>\n<p>&#13;<\/p>\n<p>En plus de <strong>Dockx<\/strong>, <strong>Leonard <\/strong>et<strong> Van Mechelen<\/strong>, trois autres coureurs sont aussi sorti de ce top 10 en la pr\u00e9sence du puncheur n\u00e9erlandais <strong>Menno Huising<\/strong> (Visma | Lease a Bike), du rouleur norv\u00e9gien <strong>Henrik Pedersen<\/strong> (Uno-X Mobility) et du polyvalent allemand <strong>Emil Herzog<\/strong> (Red Bull-BORA-hansgrohe). Tous ayant v\u00e9cu une saison en de\u00e7\u00e0 des attentes.<\/p>\n<p><script async src=\"https:\/\/platform.twitter.com\/widgets.js\" charset=\"utf-8\"><\/script><\/p>\n","protected":false},"excerpt":{"rendered":"Lire la suite de l&rsquo;article&#13; \u00a0 &#13; 10. Pavel Novak&#13; Movistar Team (MBH Bank Ballan CSB en 2025)&hellip;\n","protected":false},"author":2,"featured_media":498917,"comment_status":"","ping_status":"","sticky":false,"template":"","format":"standard","meta":{"footnotes":""},"categories":[1411],"tags":[1020,1154,207,211,1011,27,209,60,210,212,208,213],"class_list":{"0":"post-498916","1":"post","2":"type-post","3":"status-publish","4":"format-standard","5":"has-post-thumbnail","7":"category-cyclisme","8":"tag-analyse","9":"tag-cycling","10":"tag-cyclisme","11":"tag-ffc","12":"tag-fr","13":"tag-france","14":"tag-route","15":"tag-sports","16":"tag-tour-de-france","17":"tag-uci","18":"tag-velo","19":"tag-world-tour"},"share_on_mastodon":{"url":"https:\/\/pubeurope.com\/@fr\/115460533600663654","error":""},"_links":{"self":[{"href":"https:\/\/www.europesays.com\/fr\/wp-json\/wp\/v2\/posts\/498916","targetHints":{"allow":["GET"]}}],"collection":[{"href":"https:\/\/www.europesays.com\/fr\/wp-json\/wp\/v2\/posts"}],"about":[{"href":"https:\/\/www.europesays.com\/fr\/wp-json\/wp\/v2\/types\/post"}],"author":[{"embeddable":true,"href":"https:\/\/www.europesays.com\/fr\/wp-json\/wp\/v2\/users\/2"}],"replies":[{"embeddable":true,"href":"https:\/\/www.europesays.com\/fr\/wp-json\/wp\/v2\/comments?post=498916"}],"version-history":[{"count":0,"href":"https:\/\/www.europesays.com\/fr\/wp-json\/wp\/v2\/posts\/498916\/revisions"}],"wp:featuredmedia":[{"embeddable":true,"href":"https:\/\/www.europesays.com\/fr\/wp-json\/wp\/v2\/media\/498917"}],"wp:attachment":[{"href":"https:\/\/www.europesays.com\/fr\/wp-json\/wp\/v2\/media?parent=498916"}],"wp:term":[{"taxonomy":"category","embeddable":true,"href":"https:\/\/www.europesays.com\/fr\/wp-json\/wp\/v2\/categories?post=498916"},{"taxonomy":"post_tag","embeddable":true,"href":"https:\/\/www.europesays.com\/fr\/wp-json\/wp\/v2\/tags?post=498916"}],"curies":[{"name":"wp","href":"https:\/\/api.w.org\/{rel}","templated":true}]}}