{"id":498925,"date":"2025-10-30T01:36:13","date_gmt":"2025-10-30T01:36:13","guid":{"rendered":"https:\/\/www.europesays.com\/fr\/498925\/"},"modified":"2025-10-30T01:36:13","modified_gmt":"2025-10-30T01:36:13","slug":"a-46-ans-nelly-furtado-annonce-mettre-fin-a-sa-carriere","status":"publish","type":"post","link":"https:\/\/www.europesays.com\/fr\/498925\/","title":{"rendered":"\u00e0 46 ans, Nelly Furtado annonce mettre fin \u00e0 sa carri\u00e8re"},"content":{"rendered":"<p>\n    Le 24 octobre dernier, la chanteuse a partag\u00e9 sur son compte Instagram un long message annon\u00e7ant la fin de la carri\u00e8re musicale. Ces derniers temps, elle avait fait l\u2019objet d\u2019une vague de haine et de grossophobie.<\/p>\n<p class=\"fig-paragraph\">L\u2019ic\u00f4ne des ann\u00e9es 1990-2000 ne remontera pas sur sc\u00e8ne. Vendredi 24 octobre,<a href=\"http:\/\/madame.lefigaro.fr\/celebrites\/actu-people\/cette-surprenante-video-de-meghan-markle-au-cote-de-nelly-furtado-et-le-prince-harry-en-arriere-plan-20250210\" data-fig-type=\"Article\" data-gtm-custom-categorie=\"navigation\" data-gtm-custom-action=\"crossclick\" data-gtm-custom-label=\"Contextuel\" data-gtm-event=\"customEventSPE\" data-fig-domain=\"MADAME\" rel=\"nofollow noopener\" target=\"_blank\">\u00a0Nelly Furtado<\/a>\u00a0a partag\u00e9 sur son\u00a0<a href=\"https:\/\/www.instagram.com\/p\/DQLkry9jQL0\/?utm_source=ig_web_copy_link&amp;igsh=MzRlODBiNWFlZA==\" target=\"_blank\" rel=\"sponsored noopener nofollow\" data-gtm-custom-categorie=\"navigation\" data-gtm-custom-action=\"crossclick\" data-gtm-custom-label=\"Contextuel\" data-gtm-event=\"customEventSPE\">compte Instagram<\/a>\u00a0un long message annon\u00e7ant mettre fin \u00e0 sa carri\u00e8re. \u00abIl y a 25 aujourd\u2019hui, mon premier album Whoa, Nelly! sortait dans les bacs\u00bb, a-t-elle \u00e9crit en l\u00e9gende d\u2019une photo d\u2019elle \u00e0 ses d\u00e9buts et d\u2019une vid\u00e9o r\u00e9cente sur laquelle elle est en train de saluer son public sur sc\u00e8ne. \u00abSur la premi\u00e8re diapositive, j\u2019ai 20 ans et je m\u2019appr\u00eate \u00e0 donner mon premier concert en tant qu\u2019artiste professionnelle au [festival] Lilith Fair\u00bb, a d\u00e9crit l\u2019artiste de 46 ans tout en pr\u00e9cisant \u00eatre all\u00e9e, \u00e0 l\u2019\u00e9poque, acheter la robe rose qu\u2019elle porte sur le clich\u00e9 et \u00abdes chaussures \u00e0 semelles compens\u00e9es scintillantes\u00bb pour l\u2019occasion. \u00abC\u2019\u00e9tait tellement significatif et je me sentais tellement \u00e9panouie en tant qu\u2019artiste.\u00bb<\/p>\n<p class=\"fig-paragraph\">Au fil des ann\u00e9es, Nelly Furtado a vu le succ\u00e8s de sa musique rena\u00eetre. Ces derniers temps, une toute nouvelle g\u00e9n\u00e9ration de fans a ainsi d\u00e9couvert des titres comme Promiscuous ou encore I\u2019m Like A Bird, devenus des morceaux tr\u00e8s tendances sur TikTok. \u00abJe n\u2019aurais jamais pu imaginer qu\u2019il y aurait autant de nouvelles fa\u00e7ons de d\u00e9couvrir de la \u201cvieille\u201d musique en 2025\u00a0!\u00bb, a \u00e9crit l\u2019artiste dans son message. \u00abLe fait que tant de personnes red\u00e9couvrent ma musique a \u00e9t\u00e9 une exp\u00e9rience surr\u00e9aliste et r\u00e9jouissante. J\u2019ai pris beaucoup de plaisir \u00e0 saisir cette opportunit\u00e9, \u00e0 remonter sur sc\u00e8ne et \u00e0 constater de pr\u00e8s le pouvoir durable de la bonne musique. Cela m\u2019a vraiment fait croire \u00e0 la magie.\u00bb<\/p>\n<p class=\"fig-body-link&#10;    \">\n            \u00c0 lire aussi<br \/>\n        <a class=\"fig-body-link__link\" href=\"http:\/\/madame.lefigaro.fr\/celebrites\/actu-people\/voila-qui-tue-le-mythe-la-chanteuse-alizee-de-nouveau-victime-de-grossophobie-durant-son-concert-a-l-olympia-20250910\" data-fig-type=\"Article\" data-gtm-custom-categorie=\"navigation\" data-gtm-custom-action=\"crossclick\" data-gtm-custom-label=\"Contextuel\" data-gtm-event=\"customEventSPE\" data-fig-domain=\"MADAME\" rel=\"nofollow noopener\" target=\"_blank\"><br \/>\n        \u00abVoil\u00e0 qui tue le mythe\u00bb\u00a0: la chanteuse Aliz\u00e9e de nouveau victime de grossophobie durant son concert \u00e0 l\u2019Olympia<\/a>\n<\/p>\n<p>                                    <a class=\"fig-a11y-skip a11y-hidden\" href=\"#fig-a11y-skip-main-inarticle\"><br \/>\n        Passer la publicit\u00e9<br \/>\n    <\/a><\/p>\n<p>\u00abMe consacrer \u00e0 d\u2019autres projets cr\u00e9atifs\u00bb<\/p>\n<p class=\"fig-paragraph\">Mais le succ\u00e8s et l\u2019amour des fans ne font pas tout. \u00abCela dit, j\u2019ai d\u00e9cid\u00e9 de m\u2019\u00e9loigner de la sc\u00e8ne pour l\u2019instant et de me consacrer \u00e0 d\u2019autres projets cr\u00e9atifs et personnels qui, selon moi, correspondent mieux \u00e0 cette nouvelle phase de ma vie\u00bb, a ensuite \u00e9crit Nelly Furtado. \u00abJ\u2019ai \u00e9norm\u00e9ment appr\u00e9ci\u00e9 ma carri\u00e8re et j\u2019aime toujours \u00e9crire de la musique, car j\u2019ai toujours consid\u00e9r\u00e9 cela comme un passe-temps que j\u2019ai eu la chance de transformer en carri\u00e8re. Je me d\u00e9finirai toujours comme auteur-compositeur.\u00bb Elle remercie ainsi ses fans, se disant \u00abreconnaissante envers tous ceux qui ont \u00e9cout\u00e9 et vibr\u00e9\u00bb avec sa musique, et les personnes qui l\u2019ont aid\u00e9 tout au long de sa carri\u00e8re.<\/p>\n<p class=\"fig-paragraph\">Si ces derniers mois ont \u00e9t\u00e9 riches en applaudissements, Nelly Furtado a aussi \u00e9t\u00e9 victime d\u2019une vague de haine. En ao\u00fbt dernier, alors qu\u2019elle se produisait sur la sc\u00e8ne du festival Boardmasters, au Royaume-Uni, la chanteuse a \u00e9t\u00e9 la cible de critiques grossophobes. Ce n\u2019est pas la premi\u00e8re fois qu\u2019elle est victime de ce genre de commentaire. En janvier dernier,\u00a0<a href=\"http:\/\/madame.lefigaro.fr\/beaute\/sans-maquillage-et-en-bikini-la-chanteuse-nelly-furtado-se-devoile-au-naturel-comme-jamais-20250106\" data-fig-type=\"Article\" data-gtm-custom-categorie=\"navigation\" data-gtm-custom-action=\"crossclick\" data-gtm-custom-label=\"Contextuel\" data-gtm-event=\"customEventSPE\" data-fig-domain=\"MADAME\" rel=\"nofollow noopener\" target=\"_blank\">elle s\u2019\u00e9tait d\u2019ailleurs exprim\u00e9e \u00e0 ce sujet sur son compte Instagram<\/a>. \u00abCette ann\u00e9e, j\u2019ai pris conscience de la pression esth\u00e9tique li\u00e9e \u00e0 mon m\u00e9tier d\u2019une mani\u00e8re totalement nouvelle, tout en exp\u00e9rimentant de nouveaux niveaux d\u2019amour-propre et de confiance int\u00e9rieure\u00bb, avait-elle \u00e9crit en l\u00e9gende de deux photos d\u2019elle en maillot de bain. \u00abMon maquilleur utilise parfois du face tape, ma styliste du body tape. Et oui, le maquillage, les sourcils, la coiffure, les sous-v\u00eatements bien choisis&#8230; tout cela peut transformer un look. Le maquillage peut faire des merveilles.\u00bb Elle n\u2019a toutefois pas \u00e9voqu\u00e9 cette vague de critiques sur son physique comme raison de l\u2019arr\u00eat de carri\u00e8re.<\/p>\n<p>                                        <script async src=\"\/\/www.instagram.com\/embed.js\"><\/script><\/p>\n","protected":false},"excerpt":{"rendered":"Le 24 octobre dernier, la chanteuse a partag\u00e9 sur son compte Instagram un long message annon\u00e7ant la fin&hellip;\n","protected":false},"author":2,"featured_media":498926,"comment_status":"","ping_status":"","sticky":false,"template":"","format":"standard","meta":{"footnotes":""},"categories":[1355],"tags":[1282,58,59,1011,27,44767,1361,873],"class_list":{"0":"post-498925","1":"post","2":"type-post","3":"status-publish","4":"format-standard","5":"has-post-thumbnail","7":"category-musique","8":"tag-carriere","9":"tag-divertissement","10":"tag-entertainment","11":"tag-fr","12":"tag-france","13":"tag-grossophobie","14":"tag-music","15":"tag-musique"},"share_on_mastodon":{"url":"https:\/\/pubeurope.com\/@fr\/115460556966694772","error":""},"_links":{"self":[{"href":"https:\/\/www.europesays.com\/fr\/wp-json\/wp\/v2\/posts\/498925","targetHints":{"allow":["GET"]}}],"collection":[{"href":"https:\/\/www.europesays.com\/fr\/wp-json\/wp\/v2\/posts"}],"about":[{"href":"https:\/\/www.europesays.com\/fr\/wp-json\/wp\/v2\/types\/post"}],"author":[{"embeddable":true,"href":"https:\/\/www.europesays.com\/fr\/wp-json\/wp\/v2\/users\/2"}],"replies":[{"embeddable":true,"href":"https:\/\/www.europesays.com\/fr\/wp-json\/wp\/v2\/comments?post=498925"}],"version-history":[{"count":0,"href":"https:\/\/www.europesays.com\/fr\/wp-json\/wp\/v2\/posts\/498925\/revisions"}],"wp:featuredmedia":[{"embeddable":true,"href":"https:\/\/www.europesays.com\/fr\/wp-json\/wp\/v2\/media\/498926"}],"wp:attachment":[{"href":"https:\/\/www.europesays.com\/fr\/wp-json\/wp\/v2\/media?parent=498925"}],"wp:term":[{"taxonomy":"category","embeddable":true,"href":"https:\/\/www.europesays.com\/fr\/wp-json\/wp\/v2\/categories?post=498925"},{"taxonomy":"post_tag","embeddable":true,"href":"https:\/\/www.europesays.com\/fr\/wp-json\/wp\/v2\/tags?post=498925"}],"curies":[{"name":"wp","href":"https:\/\/api.w.org\/{rel}","templated":true}]}}