{"id":498929,"date":"2025-10-30T01:38:11","date_gmt":"2025-10-30T01:38:11","guid":{"rendered":"https:\/\/www.europesays.com\/fr\/498929\/"},"modified":"2025-10-30T01:38:11","modified_gmt":"2025-10-30T01:38:11","slug":"ce-risque-rare-mais-reel-davc-que-peu-de-gens-connaissent","status":"publish","type":"post","link":"https:\/\/www.europesays.com\/fr\/498929\/","title":{"rendered":"ce risque rare mais r\u00e9el d&rsquo;AVC que peu de gens connaissent"},"content":{"rendered":"<p>\u00ab Est-ce que vous \u00eates all\u00e9s chez le coiffeur r\u00e9cemment ? \u00bb Cette question, pos\u00e9e par des <a href=\"https:\/\/www.futura-sciences.com\/formation\/metiers\/metiers-neurologue-468\/\" rel=\"nofollow noopener\" target=\"_blank\">neurologues<\/a> \u00e0 Julien apr\u00e8s son <a href=\"https:\/\/www.futura-sciences.com\/sante\/dossiers\/medecine-atherosclerose-maladie-arteres-997\/page\/5\/\" title=\"L&#039;AVC, cons\u00e9quence de l&#039;ath\u00e9roscl\u00e9rose\" rel=\"nofollow noopener\" target=\"_blank\">AVC<\/a>, peut sembler surprenante. Sur son compte <a href=\"https:\/\/www.futura-sciences.com\/tech\/definitions\/informatique-instagram-17147\/\" rel=\"nofollow noopener\" target=\"_blank\">Instagram<\/a>, le jeune homme t\u00e9moigne pourtant de l&rsquo;accident qu&rsquo;il a subi apr\u00e8s un <a href=\"https:\/\/www.futura-sciences.com\/sante\/actualites\/cancer-sang-certains-shampoings-secs-contiennent-substances-cancerigenes-104245\/\" title=\"Certains shampoings secs contiennent des substances canc\u00e9rig\u00e8nes\" rel=\"nofollow noopener\" target=\"_blank\">shampooing<\/a>. <a href=\"https:\/\/www.futura-sciences.com\/tech\/definitions\/logiciels-zoom-27755\/\" rel=\"nofollow noopener\" target=\"_blank\">Zoom<\/a> sur un ph\u00e9nom\u00e8ne rare mais bien r\u00e9el : <a href=\"https:\/\/www.sciencedirect.com\/science\/article\/abs\/pii\/S0735675725001159?utm%20-\" title=\"Accident vasculaire c\u00e9r\u00e9bral chez le coiffeur : une revue exploratoire du syndrome d\u2019accident vasculaire c\u00e9r\u00e9bral en salon de beaut\u00e9\" rel=\"nofollow noopener\" target=\"_blank\">le syndrome du coiffeur<\/a> (ou syndrome du salon de coiffure).<\/p>\n<p>Qui aurait imagin\u00e9 qu&rsquo;un simple shampooing chez le coiffeur puisse, dans de rares cas, \u00eatre \u00e0 l&rsquo;origine d&rsquo;un accident vasculaire c\u00e9r\u00e9bral (AVC) ? Ce syndrome, identifi\u00e9 pour la premi\u00e8re fois en 1992 par le neurologue am\u00e9ricain Michael Weintraub, survient lorsque la t\u00eate est trop bascul\u00e9e en arri\u00e8re pendant le <a href=\"https:\/\/www.futura-sciences.com\/sante\/questions-reponses\/cheveux-laver-cheveux-frequence-adopter-23066\/\" title=\"Laver ses cheveux : quelle fr\u00e9quence adopter ?\" rel=\"nofollow noopener\" target=\"_blank\">lavage des cheveux<\/a>.<\/p>\n<p>\u00ab Cette position peut \u00e9tirer ou comprimer les art\u00e8res du cou, et dans de rares cas, provoquer une dissection art\u00e9rielle, \u00e0 l&rsquo;origine d&rsquo;un AVC \u00bb, explique Julien, 39 ans qui a partag\u00e9 son exp\u00e9rience sur Instagram (<a href=\"https:\/\/www.instagram.com\/julien.avc\/\" rel=\"nofollow noopener\" target=\"_blank\">julien.avc<\/a>).<\/p>\n<p>La nuque comprim\u00e9e<\/p>\n<p>Rappelons qu&rsquo;un accident vasculaire c\u00e9r\u00e9bral est une attaque caus\u00e9e par une r\u00e9duction soudaine du flux sanguin vers le cerveau. Il r\u00e9sulte g\u00e9n\u00e9ralement d&rsquo;un blocage par un <a href=\"https:\/\/www.futura-sciences.com\/sante\/definitions\/medecine-caillot-12120\/\" rel=\"nofollow noopener\" target=\"_blank\">caillot<\/a> ou de la d\u00e9chirure d&rsquo;un vaisseau sanguin majeur dans le cerveau, ce qui r\u00e9duit l&rsquo;apport en oxyg\u00e8ne, endommageant ainsi les cellules c\u00e9r\u00e9brales.<\/p>\n<p>Comme l&rsquo;explique le Dr Arun L Naik, neurochirurgien en Inde, \u00ab <a href=\"https:\/\/pmc.ncbi.nlm.nih.gov\/articles\/PMC9799011\/\" rel=\"nofollow noopener\" target=\"_blank\">le syndrome du coiffeur<\/a> peut survenir lorsque le cou est en hyperextension ou en position inconfortable (comme c&rsquo;est le cas au moment du shampooing, ndlr), ce qui comprime ou endommage les art\u00e8res cervicales qui traversent le cou et irriguent le cerveau. Cette perturbation du flux sanguin peut entra\u00eener des <a href=\"https:\/\/www.futura-sciences.com\/sante\/definitions\/medecine-symptome-834\/\" rel=\"nofollow noopener\" target=\"_blank\">sympt\u00f4mes<\/a> tels que des \u00e9tourdissements, une vision floue, des engourdissements, des troubles de l&rsquo;\u00e9locution, voire un <a href=\"https:\/\/www.futura-sciences.com\/sante\/questions-reponses\/medecine-avc-sont-signes-reagir-60\/\" title=\"AVC : quels sont les signes et comment r\u00e9agir ?\" rel=\"nofollow noopener\" target=\"_blank\">AVC<\/a> complet \u00bb.<\/p>\n<p>Bien entendu, et heureusement, la grande majorit\u00e9 des shampooings se d\u00e9roulent sans incident. Cependant, la connaissance de ce <a href=\"https:\/\/www.futura-sciences.com\/sciences\/actualites\/art-sciences-syndrome-stendhal-beaute-rend-malade-104960\/\" title=\"Le syndrome de Stendhal, quand la beaut\u00e9 rend malade\" rel=\"nofollow noopener\" target=\"_blank\">syndrome<\/a> permet d&rsquo;adopter des pr\u00e9cautions simples qui peuvent \u00e9viter des complications rares mais potentiellement graves.<\/p>\n<p>Quelles pr\u00e9cautions prendre ?<\/p>\n<ul>\n<li>Demandez au coiffeur ou \u00e0 la coiffeuse d&rsquo;ajuster le fauteuil afin que votre nuque ne soit pas trop \u00e9tir\u00e9e vers l&rsquo;arri\u00e8re.<\/li>\n<li>Si vous restez assis(e) longtemps dans une position inconfortable, faites des pauses ou changez de position pour soulager les tensions dans votre nuque.<\/li>\n<li>Si vous commencez \u00e0 ressentir des \u00e9tourdissements, des <a href=\"https:\/\/www.futura-sciences.com\/sante\/questions-reponses\/oreille-interne-traiter-vertiges-dus-cristaux-oreille-interne-14173\/\" title=\"Comment traiter les vertiges dus aux cristaux dans l&#039;oreille interne\" rel=\"nofollow noopener\" target=\"_blank\">vertiges<\/a> ou des sympt\u00f4mes inhabituels pendant ou apr\u00e8s votre <a href=\"https:\/\/www.futura-sciences.com\/maison\/comparatifs\/meilleure-lessive-comparatif\/\" title=\"Comparatif lessive\" class=\"link-type-comparo\" rel=\"nofollow noopener\" target=\"_blank\">lavage<\/a> de cheveux, pr\u00e9venez le coiffeur et consultez imm\u00e9diatement un m\u00e9decin.<\/li>\n<\/ul>\n<p>Cette vigilance s&rsquo;applique particuli\u00e8rement aux personnes \u00e2g\u00e9es, aux personnes souffrant d&rsquo;<a href=\"https:\/\/www.futura-sciences.com\/sante\/definitions\/medecine-arthrose-cervicale-19190\/\" rel=\"nofollow noopener\" target=\"_blank\">arthrose cervicale<\/a> ou ayant des ant\u00e9c\u00e9dents de probl\u00e8mes vasculaires, qui pr\u00e9sentent un risque l\u00e9g\u00e8rement plus \u00e9lev\u00e9.<\/p>\n<p><script async src=\"\/\/www.instagram.com\/embed.js\"><\/script><\/p>\n","protected":false},"excerpt":{"rendered":"\u00ab Est-ce que vous \u00eates all\u00e9s chez le coiffeur r\u00e9cemment ? \u00bb Cette question, pos\u00e9e par des neurologues&hellip;\n","protected":false},"author":2,"featured_media":498930,"comment_status":"","ping_status":"","sticky":false,"template":"","format":"standard","meta":{"footnotes":""},"categories":[10],"tags":[868,62122,62124,62127,860,26468,62126,62120,62129,62128,62125,1011,27,72,222,62123,71,62121,62130,34946],"class_list":{"0":"post-498929","1":"post","2":"type-post","3":"status-publish","4":"format-standard","5":"has-post-thumbnail","7":"category-sante","8":"tag-accident-vasculaire-cerebral","9":"tag-afflux-sanguin","10":"tag-arteres","11":"tag-arteres-cervicales","12":"tag-avc","13":"tag-coiffeur","14":"tag-cou","15":"tag-dissection-arterielle","16":"tag-engourdissement","17":"tag-etourdissement","18":"tag-flux-sanguin","19":"tag-fr","20":"tag-france","21":"tag-health","22":"tag-neurologie","23":"tag-nuque","24":"tag-sante","25":"tag-shampooing","26":"tag-vertiges","27":"tag-vision-floue"},"share_on_mastodon":{"url":"https:\/\/pubeurope.com\/@fr\/115460564904950458","error":""},"_links":{"self":[{"href":"https:\/\/www.europesays.com\/fr\/wp-json\/wp\/v2\/posts\/498929","targetHints":{"allow":["GET"]}}],"collection":[{"href":"https:\/\/www.europesays.com\/fr\/wp-json\/wp\/v2\/posts"}],"about":[{"href":"https:\/\/www.europesays.com\/fr\/wp-json\/wp\/v2\/types\/post"}],"author":[{"embeddable":true,"href":"https:\/\/www.europesays.com\/fr\/wp-json\/wp\/v2\/users\/2"}],"replies":[{"embeddable":true,"href":"https:\/\/www.europesays.com\/fr\/wp-json\/wp\/v2\/comments?post=498929"}],"version-history":[{"count":0,"href":"https:\/\/www.europesays.com\/fr\/wp-json\/wp\/v2\/posts\/498929\/revisions"}],"wp:featuredmedia":[{"embeddable":true,"href":"https:\/\/www.europesays.com\/fr\/wp-json\/wp\/v2\/media\/498930"}],"wp:attachment":[{"href":"https:\/\/www.europesays.com\/fr\/wp-json\/wp\/v2\/media?parent=498929"}],"wp:term":[{"taxonomy":"category","embeddable":true,"href":"https:\/\/www.europesays.com\/fr\/wp-json\/wp\/v2\/categories?post=498929"},{"taxonomy":"post_tag","embeddable":true,"href":"https:\/\/www.europesays.com\/fr\/wp-json\/wp\/v2\/tags?post=498929"}],"curies":[{"name":"wp","href":"https:\/\/api.w.org\/{rel}","templated":true}]}}