{"id":498947,"date":"2025-10-30T01:47:13","date_gmt":"2025-10-30T01:47:13","guid":{"rendered":"https:\/\/www.europesays.com\/fr\/498947\/"},"modified":"2025-10-30T01:47:13","modified_gmt":"2025-10-30T01:47:13","slug":"loire-ces-domaines-ou-faire-une-escapade-automnale","status":"publish","type":"post","link":"https:\/\/www.europesays.com\/fr\/498947\/","title":{"rendered":"Loire\u00a0: ces domaines o\u00f9 faire une escapade automnale"},"content":{"rendered":"<p class=\"is-style-chapo\">Le froid est de retour, les jours raccourcissent, et les vacances sont d\u00e9sormais loin. A l\u2019approche de l\u2019hiver, et apr\u00e8s une balade dans des for\u00eats lig\u00e9riennes par\u00e9es de mille couleurs, une ambiance cocooning est la bienvenue. Pourquoi ne pas profiter de cette p\u00e9riode pour partir le temps d\u2019un week-end\u00a0? La r\u00e9daction a s\u00e9lectionn\u00e9 pour vous des domaines o\u00f9 faire une escapade automnale dans la Loire.<\/p>\n<p><img loading=\"lazy\" decoding=\"async\" width=\"1024\" height=\"576\" src=\"https:\/\/www.europesays.com\/fr\/wp-content\/uploads\/2025\/10\/lhf1sflupwjhlzpvfmgz-1024x576.jpg\" alt=\"domaines\" class=\"wp-image-80873\"  \/>\u00a9Domaine For Rest<\/p>\n<p>1 \u2013 Domaine et ch\u00e2teau de Valinches<\/p>\n<p>A Marols, le <a href=\"https:\/\/www.domaine-valinches.fr\/\" target=\"_blank\" rel=\"noreferrer noopener\">Domaine et ch\u00e2teau de Valinches<\/a> offre une parenth\u00e8se bucolique \u00e0 ses visiteurs, au c\u0153ur d\u2019un parc de 15 hectares. Sur place, un parcours sant\u00e9 de 2km fait le tour du domaine, pour d\u00e9couvrir le site et son patrimoine, avant de d\u00e9couvrir les bons petits plats du restaurant.<\/p>\n<p>2 \u2013 Domaine des Grands C\u00e8dres<\/p>\n<p>Cap sur le nord de la Loire, \u00e0 Cordelle. Le <a href=\"https:\/\/www.domaine-des-grands-cedres.fr\/fr\" target=\"_blank\" rel=\"noreferrer noopener\">Domaine des grands c\u00e8dres<\/a> propose des chambres d\u2019h\u00f4tes dans l\u2019aile Est du ch\u00e2teau, ou des cabanes dans les arbres, dont certaines disposent d\u2019un jacuzzi privatif. Certains week-ends, il est possible de r\u00e9server un stage de poterie durant son s\u00e9jour, comme une invitation \u00e0 ralentir.<\/p>\n<p>3 \u2013 Ch\u00e2teau de Villars<\/p>\n<p>A La Chapelle Villars, au c\u0153ur du <a href=\"https:\/\/www.if-saint-etienne.fr\/politique-societe\/adhesion-au-parc-du-pilat-les-communes-ont-quatre-mois-pour-se-prononcer\" target=\"_blank\" rel=\"noreferrer noopener\">Parc naturel r\u00e9gional du Pilat<\/a>, des chambres et un restaurant ont \u00e9t\u00e9 am\u00e9nag\u00e9s dans les d\u00e9pendances du <a href=\"https:\/\/chateauchapellevillars.com\/\" target=\"_blank\" rel=\"noreferrer noopener\">ch\u00e2teau de Villars<\/a>, lui-m\u00eame en cours de r\u00e9novation. Une exp\u00e9rience unique pour s\u2019\u00e9vader et d\u00e9couvrir le patrimoine avec des lodges qui devraient ouvrir cet automne. Chacune dispose d\u2019une terrasse et d\u2019un spa privatif, en pleine nature.<\/p>\n<p>4 \u2013 Domaine For Rest<\/p>\n<p>A Lay, entre Tarare et Roanne, le <a href=\"https:\/\/www.domaine-for-rest.com\/fr\" target=\"_blank\" rel=\"noreferrer noopener\">Domaine For Rest<\/a> propose des chambres d\u2019h\u00f4tes, mais aussi des h\u00e9bergements insolites. Imm\u00e9diatement, vous serez plong\u00e9 dans un d\u00e9cor de saison digne d\u2019un film. Entour\u00e9 d\u2019un parc en pleine nature, l\u2019endroit est magique. Comme son nom l\u2019indique, il invite au repos, parfait pour une escapade automnale dans la Loire.<\/p>\n<p>5 \u2013 Domaine de Champlong<\/p>\n<p>H\u00f4tel, restaurants, spa, golf\u2026 A Villerest, le <a href=\"https:\/\/www.domaine-de-champlong.com\/\" target=\"_blank\" rel=\"noreferrer noopener\">Domaine de Champlong<\/a> est un \u00e9tablissement d\u2019exception qui propose de nombreuses prestations pour se d\u00e9tendre. Parmi elles, des ateliers de cuisine avec le chef qui vous d\u00e9voilera toutes ses astuces pour concocter une entr\u00e9e, un plat et un dessert. Id\u00e9al pour se ressourcer dans la Loire.<\/p>\n<p>6 \u2013 Domaine de la Plagnette<\/p>\n<p>Dans le Haut-Forez, le <a href=\"https:\/\/www.domaine-plagnette.com\/\" target=\"_blank\" rel=\"noreferrer noopener\">Domaine de la Plagnette<\/a> dispose d\u2019un site en pleine nature, parfait pour d\u00e9connecter le temps d\u2019un week-end. L\u2019h\u00f4tel compte dix chambres et est un point de d\u00e9part id\u00e9al pour parcourir les Bois noirs dans le Parc naturel r\u00e9gional du Livradois Forez. Ensuite, rien de tel que de poursuivre au restaurant du domaine, Colette, r\u00e9compens\u00e9 cette ann\u00e9e par un <a href=\"https:\/\/www.if-saint-etienne.fr\/culture-loisirs\/tendances-gastronomie\/guide-michelin-les-bib-gourmand-de-la-loire\" target=\"_blank\" rel=\"noreferrer noopener\">Bib Gourmand<\/a>.<\/p>\n<p><img loading=\"lazy\" decoding=\"async\" width=\"1024\" height=\"576\" src=\"https:\/\/www.europesays.com\/fr\/wp-content\/uploads\/2025\/10\/IMG_2985_Original-1-1024x576.jpg\" alt=\"\" class=\"wp-image-80874\"  \/>Vue depuis le Ch\u00e2teau de Villars. \u00a9JT\/ If Saint-Etienne<\/p>\n","protected":false},"excerpt":{"rendered":"Le froid est de retour, les jours raccourcissent, et les vacances sont d\u00e9sormais loin. A l\u2019approche de l\u2019hiver,&hellip;\n","protected":false},"author":2,"featured_media":498948,"comment_status":"","ping_status":"","sticky":false,"template":"","format":"standard","meta":{"footnotes":""},"categories":[9653],"tags":[1111,11,2430,62131,62132,62133,62134,1777,674,1011,27,12,14430,25,4001],"class_list":{"0":"post-498947","1":"post","2":"type-post","3":"status-publish","4":"format-standard","5":"has-post-thumbnail","7":"category-saint-etienne","8":"tag-actu","9":"tag-actualites","10":"tag-auvergne-rhone-alpes","11":"tag-chateau-la-chapelle-villars","12":"tag-domaine-de-valinches","13":"tag-domaine-des-grands-cedres","14":"tag-domaine-for-rest","15":"tag-eu","16":"tag-europe","17":"tag-fr","18":"tag-france","19":"tag-news","20":"tag-recreatif","21":"tag-republique-francaise","22":"tag-saint-etienne"},"share_on_mastodon":{"url":"https:\/\/pubeurope.com\/@fr\/115460600865121365","error":""},"_links":{"self":[{"href":"https:\/\/www.europesays.com\/fr\/wp-json\/wp\/v2\/posts\/498947","targetHints":{"allow":["GET"]}}],"collection":[{"href":"https:\/\/www.europesays.com\/fr\/wp-json\/wp\/v2\/posts"}],"about":[{"href":"https:\/\/www.europesays.com\/fr\/wp-json\/wp\/v2\/types\/post"}],"author":[{"embeddable":true,"href":"https:\/\/www.europesays.com\/fr\/wp-json\/wp\/v2\/users\/2"}],"replies":[{"embeddable":true,"href":"https:\/\/www.europesays.com\/fr\/wp-json\/wp\/v2\/comments?post=498947"}],"version-history":[{"count":0,"href":"https:\/\/www.europesays.com\/fr\/wp-json\/wp\/v2\/posts\/498947\/revisions"}],"wp:featuredmedia":[{"embeddable":true,"href":"https:\/\/www.europesays.com\/fr\/wp-json\/wp\/v2\/media\/498948"}],"wp:attachment":[{"href":"https:\/\/www.europesays.com\/fr\/wp-json\/wp\/v2\/media?parent=498947"}],"wp:term":[{"taxonomy":"category","embeddable":true,"href":"https:\/\/www.europesays.com\/fr\/wp-json\/wp\/v2\/categories?post=498947"},{"taxonomy":"post_tag","embeddable":true,"href":"https:\/\/www.europesays.com\/fr\/wp-json\/wp\/v2\/tags?post=498947"}],"curies":[{"name":"wp","href":"https:\/\/api.w.org\/{rel}","templated":true}]}}