{"id":498957,"date":"2025-10-30T01:53:21","date_gmt":"2025-10-30T01:53:21","guid":{"rendered":"https:\/\/www.europesays.com\/fr\/498957\/"},"modified":"2025-10-30T01:53:21","modified_gmt":"2025-10-30T01:53:21","slug":"wwt-champions-de-montpellier-tous-les-chinois-elimines-dentree-une-premiere-historique-2","status":"publish","type":"post","link":"https:\/\/www.europesays.com\/fr\/498957\/","title":{"rendered":"WWT Champions de Montpellier. Tous les chinois \u00e9limin\u00e9s d\u2019entr\u00e9e, une premi\u00e8re historique ."},"content":{"rendered":"<p>C\u2019est un \u00e9norme coup de tonnerre qui vient de frapper la Chine et la plan\u00e8te du tennis de table\u00a0! Malgr\u00e9 le forfait de ses deux meilleurs joueurs au <a href=\"https:\/\/www.ouest-france.fr\/sport\/tennis-de-table\/direct-wtt-champions-de-montpellier-suivez-les-entrees-de-pavade-lutz-bardet-et-gauzy-en-live-84759de0-f9d5-4fb2-937e-72ba791c60ba\" target=\"_self\" rel=\"noopener\">WTT Champions de Montpellier<\/a>, Wang Chuqin et Lin Shidong, les Chinois restent les ma\u00eetres incontest\u00e9s de leur sport et dominent sans partage la plupart des grands rendez-vous du ping mondial. Mais au WTT Champions de Montpellier, dans un tournoi \u00e9quivalent \u00e0 un Masters 1\u00a0000\u00a0au tennis, aucun des trois joueurs chinois engag\u00e9s ne s\u2019est qualifi\u00e9 pour le deuxi\u00e8me tour, une premi\u00e8re dans l\u2019histoire du tennis de table.<\/p>\n<blockquote class=\"instagram-media\" data-instgrm-captioned=\"\" data-instgrm-permalink=\"https:\/\/www.instagram.com\/p\/DQZs33IjQVf\/?utm_source=ig_embed&amp;utm_campaign=loading\" data-instgrm-version=\"14\" style=\" background:#FFF; border:0; border-radius:3px; box-shadow:0 0 1px 0 rgba(0,0,0,0.5),0 1px 10px 0 rgba(0,0,0,0.15); margin: 1px; max-width:540px; min-width:326px; padding:0; width:99.375%; width:-webkit-calc(100% - 2px); width:calc(100% - 2px);\" wp_automatic_readability=\"-0.22826086956522\"\/>\n<p>Un tableau plus ouvert pour les Fran\u00e7ais<\/p>\n<p>Peng Xiang (9e mondial), Yuanyu Chen (23e mondial) et Ruibo Wen (36e mondial) se sont tous inclin\u00e9s pour leur entr\u00e9e en lice. Une journ\u00e9e noire \u00e0 oublier pour les Chinois, qui n\u2019avait encore jamais connu telle d\u00e9route sur un tournoi aussi prestigieux.<\/p>\n<p><strong>Lire aussi\u00a0:<\/strong> <a href=\"https:\/\/montpellier.maville.com\/sport\/detail_-wtt-champions-de-montpellier.-felix-lebrun-facile-pour-son-entree-en-lice-_45541-7040888_actu.Htm\" target=\"_self\" rel=\"noopener\">WTT Champions de Montpellier. F\u00e9lix Lebrun facile pour son entr\u00e9e en lice<\/a><\/p>\n<p>Cons\u00e9quence, un tableau plus ouvert pour les autres concurrents et les Fran\u00e7ais Simon Gauzy, Alexis et F\u00e9lix Lebrun, qui peuvent esp\u00e9rer r\u00e9aliser de grandes choses \u00e0 la maison.<\/p>\n<p>\u00a0<\/p>\n<p>\t\t<script async src=\"\/\/www.instagram.com\/embed.js\"><\/script><\/p>\n","protected":false},"excerpt":{"rendered":"C\u2019est un \u00e9norme coup de tonnerre qui vient de frapper la Chine et la plan\u00e8te du tennis de&hellip;\n","protected":false},"author":2,"featured_media":498843,"comment_status":"","ping_status":"","sticky":false,"template":"","format":"standard","meta":{"footnotes":""},"categories":[9599],"tags":[1111,11,14015,3809,1465,1777,674,63,1011,27,1792,1922,2208,12,2680,25,479,517,1470],"class_list":{"0":"post-498957","1":"post","2":"type-post","3":"status-publish","4":"format-standard","5":"has-post-thumbnail","7":"category-montpellier","8":"tag-actu","9":"tag-actualites","10":"tag-alencon","11":"tag-ball","12":"tag-basket","13":"tag-eu","14":"tag-europe","15":"tag-football","16":"tag-fr","17":"tag-france","18":"tag-handball","19":"tag-info","20":"tag-montpellier","21":"tag-news","22":"tag-occitanie","23":"tag-republique-francaise","24":"tag-rugby","25":"tag-sport","26":"tag-volley"},"share_on_mastodon":{"url":"https:\/\/pubeurope.com\/@fr\/115460623780926925","error":""},"_links":{"self":[{"href":"https:\/\/www.europesays.com\/fr\/wp-json\/wp\/v2\/posts\/498957","targetHints":{"allow":["GET"]}}],"collection":[{"href":"https:\/\/www.europesays.com\/fr\/wp-json\/wp\/v2\/posts"}],"about":[{"href":"https:\/\/www.europesays.com\/fr\/wp-json\/wp\/v2\/types\/post"}],"author":[{"embeddable":true,"href":"https:\/\/www.europesays.com\/fr\/wp-json\/wp\/v2\/users\/2"}],"replies":[{"embeddable":true,"href":"https:\/\/www.europesays.com\/fr\/wp-json\/wp\/v2\/comments?post=498957"}],"version-history":[{"count":0,"href":"https:\/\/www.europesays.com\/fr\/wp-json\/wp\/v2\/posts\/498957\/revisions"}],"wp:featuredmedia":[{"embeddable":true,"href":"https:\/\/www.europesays.com\/fr\/wp-json\/wp\/v2\/media\/498843"}],"wp:attachment":[{"href":"https:\/\/www.europesays.com\/fr\/wp-json\/wp\/v2\/media?parent=498957"}],"wp:term":[{"taxonomy":"category","embeddable":true,"href":"https:\/\/www.europesays.com\/fr\/wp-json\/wp\/v2\/categories?post=498957"},{"taxonomy":"post_tag","embeddable":true,"href":"https:\/\/www.europesays.com\/fr\/wp-json\/wp\/v2\/tags?post=498957"}],"curies":[{"name":"wp","href":"https:\/\/api.w.org\/{rel}","templated":true}]}}