{"id":498958,"date":"2025-10-30T01:55:42","date_gmt":"2025-10-30T01:55:42","guid":{"rendered":"https:\/\/www.europesays.com\/fr\/498958\/"},"modified":"2025-10-30T01:55:42","modified_gmt":"2025-10-30T01:55:42","slug":"cest-lincident-de-trop-jean-luc-filoche-habitant-des-hauts-de-rouen-apres-lattaque-contre-le-bureau-de-poste","status":"publish","type":"post","link":"https:\/\/www.europesays.com\/fr\/498958\/","title":{"rendered":"\u00ab\u00a0C&rsquo;est l&rsquo;incident de trop\u00a0\u00bb : Jean-Luc Filoche, habitant des Hauts-de-Rouen, apr\u00e8s l&rsquo;attaque contre le bureau de Poste"},"content":{"rendered":"<p>Le bureau de Poste des Hauts-de-Rouen est ferm\u00e9 jusqu&rsquo;\u00e0 nouvel ordre apr\u00e8s avoir \u00e9t\u00e9 \u00e0 nouveau pris pour cible dans la nuit de lundi \u00e0 mardi, huit mois apr\u00e8s un braquage. La situation inqui\u00e8te Jean-Luc Filoche. Cet habitant est \u00e0 l&rsquo;origine d&rsquo;une p\u00e9tition pour d\u00e9noncer ces violences \u00e0 r\u00e9p\u00e9tition.<\/p>\n<p>C&rsquo;est la <strong>sid\u00e9ration<\/strong> dans le quartier de la Grand-Mare, sur les Hauts-de-Rouen,\u00a0<a class=\"IciLink ici-link IciArticleLink g-ici-body-regular-1 underline brand svelte-lu7k6w\" href=\"https:\/\/www.francebleu.fr\/emissions\/l-info-d-ici-ici-normandie-seine-maritime-eure\/le-bureau-de-poste-des-hauts-de-rouen-encore-attaque-cette-fois-a-l-aide-d-un-engin-de-chantier-2704570\" rel=\"nofollow noopener\" target=\"_blank\">depuis l&rsquo;attaque par un engin de chantier du bureau de Poste<\/a>\u00a0dans la nuit de lundi 27 \u00e0 mardi 28 octobre 2025. \u00ab\u00a0C&rsquo;est l&rsquo;incident de trop par rapport aux incidents qui ont d\u00e9j\u00e0 eu lieu\u00a0\u00bb, d\u00e9plore Jean-Luc Filoche. Ce retrait\u00e9 s&rsquo;inqui\u00e8te \u00e0 cause de la d\u00e9linquance dans son quartier. \u00ab\u00a0Avant, il\u00a0y avait eu des cambriolages, mais c&rsquo;\u00e9tait rest\u00e9 sporadique, c&rsquo;\u00e9tait rest\u00e9 modeste. L\u00e0, on a eu coup sur coup l&rsquo;anc\u00eatre du Coccinelle, on a eu la pharmacie et il y a eu la Poste\u00a0\u00bb, \u00e9num\u00e8re le retrait\u00e9, listant les lieux cibl\u00e9s r\u00e9cemment\u00a0<a class=\"IciLink ici-link IciArticleLink g-ici-body-regular-1 underline brand svelte-lu7k6w\" href=\"https:\/\/www.francebleu.fr\/infos\/societe\/apres-le-braquage-le-bureau-de-poste-des-hauts-de-rouen-va-rouvrir-6047610\" rel=\"nofollow noopener\" target=\"_blank\">par des braquages.<\/a><\/p>\n<p>\u00ab\u00a0Ras-le-bol\u00a0\u00bb<\/p>\n<p>Ce riverain se dit p\u00e9nalis\u00e9, comme d&rsquo;autres, par la fermeture du bureau de Poste le temps de proc\u00e9der aux r\u00e9parations. \u00ab\u00a0Les gens sont compl\u00e8tement d\u00e9munis\u00a0\u00bb, d\u00e9plore Jean-Luc Filoche, contraint en ce qui le concerne de se d\u00e9placer jusque dans le centre de Rouen ou \u00e0 Bihorel, en attendant. \u00ab\u00a0Si les gens n&rsquo;ont pas de moyens de locomotion, c&rsquo;est tr\u00e8s handicapant.\u00a0\u00bb<\/p>\n<p>Le retrait\u00e9 avait lanc\u00e9 en d\u00e9but d&rsquo;ann\u00e9e une p\u00e9tition intitul\u00e9e \u00ab\u00a0La Grand-Mare en difficult\u00e9\u00a0\u00bb, apr\u00e8s le braquage de La Poste en f\u00e9vrier 2025. \u00ab\u00a0C&rsquo;\u00e9tait vraiment improvis\u00e9, je me suis install\u00e9 devant La Poste qui \u00e9tait ferm\u00e9e et donc \u00e0 mesure que les gens arrivaient, je leur expliquais pourquoi.\u00a0\u00bb Jean-Luc n&rsquo;a pas \u00ab\u00a0l&rsquo;\u00e2me d&rsquo;un p\u00e9titionnaire\u00a0\u00bb, assure-t-il, mais a tout de m\u00eame r\u00e9colt\u00e9 plusieurs pages de signatures.<\/p>\n<p>Davantage de pr\u00e9sence polici\u00e8re souhait\u00e9e<\/p>\n<p>Il souhaitait ainsi r\u00e9clamer <strong>davantage de pr\u00e9sence polici\u00e8re<\/strong>, mais le compte n&rsquo;y est pas encore d&rsquo;apr\u00e8s lui, m\u00eame s&rsquo;il a observ\u00e9 \u00ab\u00a0des rondes de police un peu plus fr\u00e9quentes\u00a0\u00bb apr\u00e8s une r\u00e9union au mois de mars avec le maire de Rouen, Nicolas Mayer-Rossignol. <strong>Une cam\u00e9ra de vid\u00e9osurveillance<\/strong> a aussi \u00e9t\u00e9 install\u00e9e depuis, mais n&rsquo;a manifestement pas dissuad\u00e9 l&rsquo;auteur de passer \u00e0 l&rsquo;acte. \u00ab\u00a0Les gens h\u00e9sitent \u00e0 revenir sur la dalle de la Grand-Mare. Le soir, les anciens dont je fais partie n&rsquo;y vont pas.\u00a0\u00bb<\/p>\n","protected":false},"excerpt":{"rendered":"Le bureau de Poste des Hauts-de-Rouen est ferm\u00e9 jusqu&rsquo;\u00e0 nouvel ordre apr\u00e8s avoir \u00e9t\u00e9 \u00e0 nouveau pris pour&hellip;\n","protected":false},"author":2,"featured_media":498959,"comment_status":"","ping_status":"","sticky":false,"template":"","format":"standard","meta":{"footnotes":""},"categories":[9587],"tags":[1111,11,1777,674,1011,27,12,5161,25,9590],"class_list":{"0":"post-498958","1":"post","2":"type-post","3":"status-publish","4":"format-standard","5":"has-post-thumbnail","7":"category-rouen","8":"tag-actu","9":"tag-actualites","10":"tag-eu","11":"tag-europe","12":"tag-fr","13":"tag-france","14":"tag-news","15":"tag-normandie","16":"tag-republique-francaise","17":"tag-rouen"},"share_on_mastodon":{"url":"https:\/\/pubeurope.com\/@fr\/115460631581296943","error":""},"_links":{"self":[{"href":"https:\/\/www.europesays.com\/fr\/wp-json\/wp\/v2\/posts\/498958","targetHints":{"allow":["GET"]}}],"collection":[{"href":"https:\/\/www.europesays.com\/fr\/wp-json\/wp\/v2\/posts"}],"about":[{"href":"https:\/\/www.europesays.com\/fr\/wp-json\/wp\/v2\/types\/post"}],"author":[{"embeddable":true,"href":"https:\/\/www.europesays.com\/fr\/wp-json\/wp\/v2\/users\/2"}],"replies":[{"embeddable":true,"href":"https:\/\/www.europesays.com\/fr\/wp-json\/wp\/v2\/comments?post=498958"}],"version-history":[{"count":0,"href":"https:\/\/www.europesays.com\/fr\/wp-json\/wp\/v2\/posts\/498958\/revisions"}],"wp:featuredmedia":[{"embeddable":true,"href":"https:\/\/www.europesays.com\/fr\/wp-json\/wp\/v2\/media\/498959"}],"wp:attachment":[{"href":"https:\/\/www.europesays.com\/fr\/wp-json\/wp\/v2\/media?parent=498958"}],"wp:term":[{"taxonomy":"category","embeddable":true,"href":"https:\/\/www.europesays.com\/fr\/wp-json\/wp\/v2\/categories?post=498958"},{"taxonomy":"post_tag","embeddable":true,"href":"https:\/\/www.europesays.com\/fr\/wp-json\/wp\/v2\/tags?post=498958"}],"curies":[{"name":"wp","href":"https:\/\/api.w.org\/{rel}","templated":true}]}}