{"id":498960,"date":"2025-10-30T01:57:20","date_gmt":"2025-10-30T01:57:20","guid":{"rendered":"https:\/\/www.europesays.com\/fr\/498960\/"},"modified":"2025-10-30T01:57:20","modified_gmt":"2025-10-30T01:57:20","slug":"les-feminines-en-deplacement-a-grenoble-football-club-de-metz-infos-fc-metz-entrainements-fc-metz","status":"publish","type":"post","link":"https:\/\/www.europesays.com\/fr\/498960\/","title":{"rendered":"Les F\u00e9minines en d\u00e9placement \u00e0 Grenoble | Football Club de Metz &#8211; Infos FC Metz &#8211; Entra\u00eenements FC Metz"},"content":{"rendered":"<p style=\"text-align: justify;\">Ce week-end, nos Messines effectueront un nouveau d\u00e9placement.<\/p>\n<p style=\"text-align: justify;\">\u00c0 l&rsquo;occasion de la 6\u00e8me journ\u00e9e de Seconde Ligue, les prot\u00e9g\u00e9es de Marine Morel\u00a0iront d\u00e9fier le Grenoble Foot 38,\u00a0ce dimanche 2\u00a0novembre.<\/p>\n<p style=\"text-align: justify;\">Le coup d&rsquo;envoi de la rencontre sera donn\u00e9 \u00e0 15h00 au Stade du Vercors 1.\u00a0<\/p>\n<p style=\"text-align: justify;\">Photo : Let&rsquo;s Go Metz<\/p>\n<p style=\"text-align: center;\"><b>GRENOBLE FOOT 38\u00a0&#8211; FC METZ<\/b><br \/>6\u00e8me journ\u00e9e de Seconde Ligue<br \/><strong>Dimanche 2\u00a0novembre \u00e0 15h00<\/strong><br \/>Stade du Vercors 1<\/p>\n<p style=\"text-align: center;\"><img decoding=\"async\" alt=\"\" src=\"https:\/\/www.europesays.com\/fr\/wp-content\/uploads\/2025\/10\/ok1_2.jpg\" style=\"width: 100%;\"\/><\/p>\n<p>\u00a0<\/p>\n","protected":false},"excerpt":{"rendered":"Ce week-end, nos Messines effectueront un nouveau d\u00e9placement. \u00c0 l&rsquo;occasion de la 6\u00e8me journ\u00e9e de Seconde Ligue, les&hellip;\n","protected":false},"author":2,"featured_media":498961,"comment_status":"","ping_status":"","sticky":false,"template":"","format":"standard","meta":{"footnotes":""},"categories":[9566],"tags":[1111,11,2430,19298,1777,674,1011,27,2731,19297,12,25,19299],"class_list":{"0":"post-498960","1":"post","2":"type-post","3":"status-publish","4":"format-standard","5":"has-post-thumbnail","7":"category-grenoble","8":"tag-actu","9":"tag-actualites","10":"tag-auvergne-rhone-alpes","11":"tag-entrainements-fc-metz","12":"tag-eu","13":"tag-europe","14":"tag-fr","15":"tag-france","16":"tag-grenoble","17":"tag-infos-fc-metz","18":"tag-news","19":"tag-republique-francaise","20":"tag-videos-fc-metz"},"share_on_mastodon":{"url":"https:\/\/pubeurope.com\/@fr\/115460640136071213","error":""},"_links":{"self":[{"href":"https:\/\/www.europesays.com\/fr\/wp-json\/wp\/v2\/posts\/498960","targetHints":{"allow":["GET"]}}],"collection":[{"href":"https:\/\/www.europesays.com\/fr\/wp-json\/wp\/v2\/posts"}],"about":[{"href":"https:\/\/www.europesays.com\/fr\/wp-json\/wp\/v2\/types\/post"}],"author":[{"embeddable":true,"href":"https:\/\/www.europesays.com\/fr\/wp-json\/wp\/v2\/users\/2"}],"replies":[{"embeddable":true,"href":"https:\/\/www.europesays.com\/fr\/wp-json\/wp\/v2\/comments?post=498960"}],"version-history":[{"count":0,"href":"https:\/\/www.europesays.com\/fr\/wp-json\/wp\/v2\/posts\/498960\/revisions"}],"wp:featuredmedia":[{"embeddable":true,"href":"https:\/\/www.europesays.com\/fr\/wp-json\/wp\/v2\/media\/498961"}],"wp:attachment":[{"href":"https:\/\/www.europesays.com\/fr\/wp-json\/wp\/v2\/media?parent=498960"}],"wp:term":[{"taxonomy":"category","embeddable":true,"href":"https:\/\/www.europesays.com\/fr\/wp-json\/wp\/v2\/categories?post=498960"},{"taxonomy":"post_tag","embeddable":true,"href":"https:\/\/www.europesays.com\/fr\/wp-json\/wp\/v2\/tags?post=498960"}],"curies":[{"name":"wp","href":"https:\/\/api.w.org\/{rel}","templated":true}]}}