{"id":498962,"date":"2025-10-30T01:58:16","date_gmt":"2025-10-30T01:58:16","guid":{"rendered":"https:\/\/www.europesays.com\/fr\/498962\/"},"modified":"2025-10-30T01:58:16","modified_gmt":"2025-10-30T01:58:16","slug":"ketamine-cocaine-heroine-cannabis-et-argent-liquide-a-rennes-ce-controle-routier-se-termine-en-une-enorme-saisie-de-stupefiants","status":"publish","type":"post","link":"https:\/\/www.europesays.com\/fr\/498962\/","title":{"rendered":"K\u00e9tamine, coca\u00efne, h\u00e9ro\u00efne, cannabis et argent liquide\u00a0: \u00e0 Rennes, ce contr\u00f4le routier se termine en une \u00e9norme saisie de stup\u00e9fiants"},"content":{"rendered":"<p>Alors qu\u2019ils circulaient en voiture dans Rennes, une femme de 26 ans et un homme de 21 ans ont \u00e9t\u00e9 contr\u00f4l\u00e9s par la Police nationale dans la nuit du 24 octobre pour une infraction au code de la route. C\u2019est \u00e0 ce moment-l\u00e0 que les policiers <a href=\"https:\/\/www.letelegramme.fr\/ille-et-vilaine\/rennes-35000\/il-transforme-son-sous-sol-pour-faire-pousser-de-la-drogue-a-rennes-la-police-saisie-une-grosse-quantite-de-cannabis-6915976.php\" target=\"_blank\" rel=\"nofollow noopener\">ont retrouv\u00e9 des produits stup\u00e9fiants<\/a> dans le v\u00e9hicule. L\u2019interpellation des deux individus, connus des services de police, a permis d\u2019aboutir \u00e0 une perquisition qui s\u2019est av\u00e9r\u00e9e fructueuse.<\/p>\n<blockquote class=\"twitter-tweet\">\n<p lang=\"fr\" dir=\"ltr\"><a href=\"https:\/\/twitter.com\/hashtag\/AntiStups?src=hash&amp;ref_src=twsrc%5Etfw\" rel=\"nofollow noopener\" target=\"_blank\">#AntiStups<\/a> I Belle affaire pour les\\ud83d\\udc6ede  <a href=\"https:\/\/twitter.com\/hashtag\/Rennes?src=hash&amp;ref_src=twsrc%5Etfw\" rel=\"nofollow noopener\" target=\"_blank\">#Rennes<\/a> qui ont d\u00e9couvert lors d&rsquo;une perquisition une belle quantit\u00e9 de stup\u00e9fiants ainsi que des cigarettes et une grosse somme de num\u00e9raires.<br \/>\\u27a1\\ufe0f2 personnes interpell\u00e9es et condamn\u00e9es<br \/>\\u27a1\\ufe0f24 mois avec sursis pour les 2 <a href=\"https:\/\/t.co\/quwFOnhQF9\" rel=\"nofollow\">pic.twitter.com\/quwFOnhQF9<\/a><\/p>\n<p>\u2014 Police nationale 35 (@PoliceNat35) <a href=\"https:\/\/twitter.com\/PoliceNat35\/status\/1983542324274860097?ref_src=twsrc%5Etfw\" rel=\"nofollow noopener\" target=\"_blank\">October 29, 2025<\/a><\/p><\/blockquote>\n<p>Lors de la perquisition, de la r\u00e9sine de cannabis, de l\u2019herbe de cannabis mais aussi de la coca\u00efne, de l\u2019h\u00e9ro\u00efne de la k\u00e9tamine, des cigarettes et de l\u2019argent liquide ont \u00e9t\u00e9 retrouv\u00e9s. Selon nos confr\u00e8res de Ouest-France, cette d\u00e9couverte qui a eu lieu au domicile de la jeune femme, a permis de saisir au total plus de sept kilos de r\u00e9sine de cannabis, 500 g de coca\u00efne, autant d\u2019h\u00e9ro\u00efne, ainsi que 23 000 \u20ac en esp\u00e8ces.<\/p>\n<p>24 mois de prison avec sursis<\/p>\n<p>Plac\u00e9s en d\u00e9tention provisoire avant de compara\u00eetre mardi 28 octobre devant le tribunal judiciaire de Rennes, la jeune femme et le jeune homme ont \u00e9t\u00e9 condamn\u00e9s tous les deux \u00e0 24 mois de prison avec sursis.<\/p>\n<p><script async src=\"https:\/\/platform.twitter.com\/widgets.js\" charset=\"utf-8\"><\/script><\/p>\n","protected":false},"excerpt":{"rendered":"Alors qu\u2019ils circulaient en voiture dans Rennes, une femme de 26 ans et un homme de 21 ans&hellip;\n","protected":false},"author":2,"featured_media":498963,"comment_status":"","ping_status":"","sticky":false,"template":"","format":"standard","meta":{"footnotes":""},"categories":[2821],"tags":[1111,11,829,1777,674,1011,27,848,12,584,25],"class_list":{"0":"post-498962","1":"post","2":"type-post","3":"status-publish","4":"format-standard","5":"has-post-thumbnail","7":"category-rennes","8":"tag-actu","9":"tag-actualites","10":"tag-bretagne","11":"tag-eu","12":"tag-europe","13":"tag-fr","14":"tag-france","15":"tag-ille-et-vilaine","16":"tag-news","17":"tag-rennes","18":"tag-republique-francaise"},"share_on_mastodon":{"url":"https:\/\/pubeurope.com\/@fr\/115460643440951709","error":""},"_links":{"self":[{"href":"https:\/\/www.europesays.com\/fr\/wp-json\/wp\/v2\/posts\/498962","targetHints":{"allow":["GET"]}}],"collection":[{"href":"https:\/\/www.europesays.com\/fr\/wp-json\/wp\/v2\/posts"}],"about":[{"href":"https:\/\/www.europesays.com\/fr\/wp-json\/wp\/v2\/types\/post"}],"author":[{"embeddable":true,"href":"https:\/\/www.europesays.com\/fr\/wp-json\/wp\/v2\/users\/2"}],"replies":[{"embeddable":true,"href":"https:\/\/www.europesays.com\/fr\/wp-json\/wp\/v2\/comments?post=498962"}],"version-history":[{"count":0,"href":"https:\/\/www.europesays.com\/fr\/wp-json\/wp\/v2\/posts\/498962\/revisions"}],"wp:featuredmedia":[{"embeddable":true,"href":"https:\/\/www.europesays.com\/fr\/wp-json\/wp\/v2\/media\/498963"}],"wp:attachment":[{"href":"https:\/\/www.europesays.com\/fr\/wp-json\/wp\/v2\/media?parent=498962"}],"wp:term":[{"taxonomy":"category","embeddable":true,"href":"https:\/\/www.europesays.com\/fr\/wp-json\/wp\/v2\/categories?post=498962"},{"taxonomy":"post_tag","embeddable":true,"href":"https:\/\/www.europesays.com\/fr\/wp-json\/wp\/v2\/tags?post=498962"}],"curies":[{"name":"wp","href":"https:\/\/api.w.org\/{rel}","templated":true}]}}