{"id":498991,"date":"2025-10-30T02:17:47","date_gmt":"2025-10-30T02:17:47","guid":{"rendered":"https:\/\/www.europesays.com\/fr\/498991\/"},"modified":"2025-10-30T02:17:47","modified_gmt":"2025-10-30T02:17:47","slug":"quentin-taieb-udr-rn-veut-la-fin-du-systeme-pcf-a-venissieux","status":"publish","type":"post","link":"https:\/\/www.europesays.com\/fr\/498991\/","title":{"rendered":"Quentin Ta\u00efeb (UDR-RN) veut la fin du syst\u00e8me PCF \u00e0 V\u00e9nissieux"},"content":{"rendered":"<p>Communiste depuis toujours, ou presque, l&rsquo;ancienne ville ouvri\u00e8re devenue banlieue gangr\u00e9n\u00e9e par la d\u00e9linquance, l&rsquo;islamisme et le ch\u00f4mage, se retrouve au milieu du gu\u00e9.<\/p>\n<p>De plus en plus de voix s&rsquo;\u00e9l\u00e8vent contre Mich\u00e8le Picard et son syst\u00e8me maintes fois d\u00e9nonc\u00e9 dans ses colonnes. Les V\u00e9nissians feront-ils le choix de l&rsquo;extr\u00eame-gauche du d\u00e9put\u00e9 LFI Idir Boumertit, ou de l&rsquo;extr\u00eame-droite port\u00e9e par Quentin Ta\u00efeb ?<\/p>\n<p>Ce dernier, candidat de l&rsquo;UDR d\u2019\u00c9ric Ciotti, mise d&rsquo;abord sur \u00ab\u00a0la fin d&rsquo;un syst\u00e8me\u00a0\u00bb. \u00ab\u00a0Mich\u00e8le Picard ne tient plus ses adh\u00e9rents historiques, qui ont pr\u00e9f\u00e9r\u00e9 aller voter pour la France insoumise aux europ\u00e9ennes. Le RN a fait un score plus que correct \u00e0 V\u00e9nissieux\u00a0\u00bb, poursuit le jeune candidat qui \u00ab\u00a0pense que les gens en ont marre de Picard\u00a0\u00bb. Mais pour exister sur ce cr\u00e9neau restreint, Quentin Ta\u00efeb a besoin de place \u00e0 droite.<\/p>\n<p>Dans son viseur, Pascal Dureau, qui tra\u00eene comme un boulet le fait d&rsquo;avoir ouvert ses listes par le pass\u00e9 \u00e0 Mounir Grami, qui fut soutenu par le Parti anti-sioniste (PAS). D&rsquo;o\u00f9 sa main tendue aux R\u00e9publicains pour le soutenir lui, plut\u00f4t que Dureau : \u00ab\u00a0Je ne m&rsquo;en cache pas, je viens de LR. Avec certains d\u2019entre eux, je partage 90 % de mes convictions. Il y aura des \u00e9lus ou des anciens \u00e9lus LR du conseil municipal de V\u00e9nissieux sur mes listes\u00a0\u00bb.<\/p>\n<p>Mais pour quel projet ?\u00a0\u00ab\u00a0Aujourd\u2019hui, il n\u2019y a plus de politique de jeunesse \u00e0 V\u00e9nissieux, il n\u2019y a plus de MJC. Et je veux surtout un retour \u00e0 l\u2019ordre par une politique de s\u00e9curit\u00e9. On voit que la police municipale fait souvent gr\u00e8ve. Nous, aujourd\u2019hui, on veut \u00eatre la liste de la s\u00e9curit\u00e9 \u00e0 V\u00e9nissieux, pour qu&rsquo;on puisse sortir \u00e0 n\u2019importe quelle heure\u00a0\u00bb.<\/p>\n<p>Concr\u00e8tement, Quentin Ta\u00efeb imagine armer la police municipale v\u00e9nissiane. Et embaucher une quarantaine d\u2019agents. \u00ab\u00a0Il faut un vrai CSU qui ne sert pas seulement \u00e0 verbaliser, \u00e0 sanctionner les voitures mal gar\u00e9es, les choses comme \u00e7a, mais vraiment \u00e0 instaurer un ordre et de la s\u00e9curit\u00e9 dans la ville de V\u00e9nissieux. Il y a aujourd\u2019hui 180 cam\u00e9ras de surveillance sur la commune. Moi, je souhaiterais passer \u00e0 400.\u00a0\u00bb<\/p>\n<p>La campagne de terrain d\u00e9bute maintenant, avec les risques que cela engendre. Mais sans cela, l\u2019abstention sera forc\u00e9ment \u00e9lev\u00e9e. Et \u00e7a, \u00e7a ne sert pas son souhait d\u2019atteindre le second tour, id\u00e9alement face \u00e0 Idir Boumertit (LFI).<\/p>\n","protected":false},"excerpt":{"rendered":"Communiste depuis toujours, ou presque, l&rsquo;ancienne ville ouvri\u00e8re devenue banlieue gangr\u00e9n\u00e9e par la d\u00e9linquance, l&rsquo;islamisme et le ch\u00f4mage,&hellip;\n","protected":false},"author":2,"featured_media":498992,"comment_status":"","ping_status":"","sticky":false,"template":"","format":"standard","meta":{"footnotes":""},"categories":[1889],"tags":[1111,11,2813,2190,2430,1109,251,1112,2811,1777,674,118,1011,27,1922,1110,1114,2428,2810,12,241,316,25,2812,517,800],"class_list":{"0":"post-498991","1":"post","2":"type-post","3":"status-publish","4":"format-standard","5":"has-post-thumbnail","7":"category-lyon","8":"tag-actu","9":"tag-actualites","10":"tag-article","11":"tag-asvel","12":"tag-auvergne-rhone-alpes","13":"tag-breves","14":"tag-culture","15":"tag-depeches","16":"tag-economique","17":"tag-eu","18":"tag-europe","19":"tag-faits-divers","20":"tag-fr","21":"tag-france","22":"tag-info","23":"tag-informations","24":"tag-infos","25":"tag-lyon","26":"tag-lyonmag","27":"tag-news","28":"tag-ol","29":"tag-politique","30":"tag-republique-francaise","31":"tag-sociale","32":"tag-sport","33":"tag-transports"},"share_on_mastodon":{"url":"https:\/\/pubeurope.com\/@fr\/115460722109268549","error":""},"_links":{"self":[{"href":"https:\/\/www.europesays.com\/fr\/wp-json\/wp\/v2\/posts\/498991","targetHints":{"allow":["GET"]}}],"collection":[{"href":"https:\/\/www.europesays.com\/fr\/wp-json\/wp\/v2\/posts"}],"about":[{"href":"https:\/\/www.europesays.com\/fr\/wp-json\/wp\/v2\/types\/post"}],"author":[{"embeddable":true,"href":"https:\/\/www.europesays.com\/fr\/wp-json\/wp\/v2\/users\/2"}],"replies":[{"embeddable":true,"href":"https:\/\/www.europesays.com\/fr\/wp-json\/wp\/v2\/comments?post=498991"}],"version-history":[{"count":0,"href":"https:\/\/www.europesays.com\/fr\/wp-json\/wp\/v2\/posts\/498991\/revisions"}],"wp:featuredmedia":[{"embeddable":true,"href":"https:\/\/www.europesays.com\/fr\/wp-json\/wp\/v2\/media\/498992"}],"wp:attachment":[{"href":"https:\/\/www.europesays.com\/fr\/wp-json\/wp\/v2\/media?parent=498991"}],"wp:term":[{"taxonomy":"category","embeddable":true,"href":"https:\/\/www.europesays.com\/fr\/wp-json\/wp\/v2\/categories?post=498991"},{"taxonomy":"post_tag","embeddable":true,"href":"https:\/\/www.europesays.com\/fr\/wp-json\/wp\/v2\/tags?post=498991"}],"curies":[{"name":"wp","href":"https:\/\/api.w.org\/{rel}","templated":true}]}}