{"id":499003,"date":"2025-10-30T02:28:54","date_gmt":"2025-10-30T02:28:54","guid":{"rendered":"https:\/\/www.europesays.com\/fr\/499003\/"},"modified":"2025-10-30T02:28:54","modified_gmt":"2025-10-30T02:28:54","slug":"moutet-subit-la-loi-de-bublik-plus-de-francais-en-lice","status":"publish","type":"post","link":"https:\/\/www.europesays.com\/fr\/499003\/","title":{"rendered":"Moutet subit la loi de Bublik, plus de Fran\u00e7ais en lice"},"content":{"rendered":"<p>\n    Impuissant face \u00e0 un Bublik des grands jours, le num\u00e9ro 3 fran\u00e7ais s\u2019arr\u00eate au 2e tour (6-3, 7-5). C\u2019est la 3e fois seulement de l\u2019histoire du tournoi qu\u2019il n\u2019y a plus de Fran\u00e7ais apr\u00e8s deux tours.<\/p>\n<p class=\"fig-paragraph\">Ugo Humbert avait atteint la finale pour la derni\u00e8re \u00e9dition du tournoi \u00e0 Bercy. La premi\u00e8re du Masters 1000 parisien \u00e0 Paris la D\u00e9fense Arena ne restera pas, en revanche, comme un grand cru pour le tennis fran\u00e7ais. Comme en 2023 et pour la troisi\u00e8me fois de l\u2019histoire seulement, il n\u2019y aura pas de Fran\u00e7ais en 8e de finale. Ces derniers semaines, les tricolores s\u2019\u00e9taient distingu\u00e9s en indoor. Pas \u00e0 domicile. Dommage.<\/p>\n<p class=\"fig-paragraph\">Trois des sept Bleus du tableau final s\u2019\u00e9taient inclin\u00e9s d\u00e8s le premier tour (Giovanni Mpetshi Perricard, T\u00e9rence Atmane et Valentin Royer). Et ce mercredi, Rinderknech, Cazaux, Muller et Moutet n\u2019ont pas franchi l\u2019obstacle du 2e tour. Parmi les sept Fran\u00e7ais pr\u00e9sents en qualifications, aucun n\u2019\u00e9tait parvenu \u00e0 se hisser dans le tableau final, m\u00eame si Valentin Royer avait fini par l\u2019int\u00e9grer comme \u00ablucky loser\u00bb apr\u00e8s une s\u00e9rie de forfaits. Triste.<\/p>\n<p>                                    <a class=\"fig-a11y-skip a11y-hidden\" href=\"#fig-a11y-skip-main-inarticle\"><br \/>\n        Passer la publicit\u00e9<br \/>\n    <\/a><\/p>\n<p class=\"fig-paragraph\">Malgr\u00e9 une bonne prestation\u00a0<a href=\"http:\/\/www.lefigaro.fr\/sports\/tennis\/rolex-paris-masters-corentin-moutet-file-au-deuxieme-tour-20251028\" data-fig-type=\"NewsFlash\" data-gtm-custom-categorie=\"navigation\" data-gtm-custom-action=\"crossclick\" data-gtm-custom-label=\"Contextuel\" data-gtm-event=\"customEventSPE\" data-fig-domain=\"LEFIGARO\" target=\"_blank\" rel=\"noopener\">Corentin Moutet<\/a>\u00a0n\u2019a rien pu faire contre un Alexander Bublik des grands soirs. Et le bouillant Kazach, auteur de la meilleure saison de sa carri\u00e8re (4 titres ATP en 2025), a su garder son sang froid malgr\u00e9 un public hostile. Frustr\u00e9 de ne pas trouver de solutions face au 16e mondial, Moutet a cass\u00e9 une raquette dans le dernier jeu&#8230; \u00abJ\u2019ai eu du mal \u00e0 retourner son service et je n\u2019ai pas assez bien retourn\u00e9 pour lui poser des probl\u00e8mes. J\u2019avais envie d\u2019aller plus loin. J\u2019ai fait le maxiumum avec quelques mauvais choix tactiques. Mais bravo \u00e0 lui, il a \u00e9t\u00e9 meilleur.\u00bb<\/p>\n<p class=\"fig-paragraph\">Cette fois pas d\u2019animosit\u00e9 (ou presque) entre les deux hommes. Au Challenger \u00e0 Phoenix, cette ann\u00e9e, les deux hommes ont eu maille \u00e0 partir. \u00abPar le pass\u00e9, on a eu quelques diff\u00e9rends, expliquait le Fran\u00e7ais apr\u00e8s qualification Je vais arriver hyper motiv\u00e9 et je vais essayer de le renvoyer chez lui.\u00bb Rat\u00e9. Et le fac\u00e9tieux Bublik ne s\u2019est pas priv\u00e9 de r\u00e9pondre au Fran\u00e7ais, \u00e0 chaud, au micro. \u00abIl a dit qu\u2019il ferait tout pour me renvoyer chez moi. C\u2019est donc une bonne chose qu\u2019il habite \u00e0 Paris et que ce ne soit pas trop loin en taxi.\u00bb Une petite pique de bonne guerre. Le Kazakh enfoncant le clou en inscrivant sur l\u2019une des cam\u00e9ras\u00a0: \u00absur le chemin du retour\u00bb. Bublik, lui, retrouvera Taylor Fritz en 8e de finale.<\/p>\n","protected":false},"excerpt":{"rendered":"Impuissant face \u00e0 un Bublik des grands jours, le num\u00e9ro 3 fran\u00e7ais s\u2019arr\u00eate au 2e tour (6-3, 7-5).&hellip;\n","protected":false},"author":2,"featured_media":499004,"comment_status":"","ping_status":"","sticky":false,"template":"","format":"standard","meta":{"footnotes":""},"categories":[1888],"tags":[11,4169,16961,1777,674,1011,27,12,626,25],"class_list":{"0":"post-499003","1":"post","2":"type-post","3":"status-publish","4":"format-standard","5":"has-post-thumbnail","7":"category-paris","8":"tag-actualites","9":"tag-atp","10":"tag-corentin-moutet","11":"tag-eu","12":"tag-europe","13":"tag-fr","14":"tag-france","15":"tag-news","16":"tag-paris","17":"tag-republique-francaise"},"share_on_mastodon":{"url":"https:\/\/pubeurope.com\/@fr\/115460765294983373","error":""},"_links":{"self":[{"href":"https:\/\/www.europesays.com\/fr\/wp-json\/wp\/v2\/posts\/499003","targetHints":{"allow":["GET"]}}],"collection":[{"href":"https:\/\/www.europesays.com\/fr\/wp-json\/wp\/v2\/posts"}],"about":[{"href":"https:\/\/www.europesays.com\/fr\/wp-json\/wp\/v2\/types\/post"}],"author":[{"embeddable":true,"href":"https:\/\/www.europesays.com\/fr\/wp-json\/wp\/v2\/users\/2"}],"replies":[{"embeddable":true,"href":"https:\/\/www.europesays.com\/fr\/wp-json\/wp\/v2\/comments?post=499003"}],"version-history":[{"count":0,"href":"https:\/\/www.europesays.com\/fr\/wp-json\/wp\/v2\/posts\/499003\/revisions"}],"wp:featuredmedia":[{"embeddable":true,"href":"https:\/\/www.europesays.com\/fr\/wp-json\/wp\/v2\/media\/499004"}],"wp:attachment":[{"href":"https:\/\/www.europesays.com\/fr\/wp-json\/wp\/v2\/media?parent=499003"}],"wp:term":[{"taxonomy":"category","embeddable":true,"href":"https:\/\/www.europesays.com\/fr\/wp-json\/wp\/v2\/categories?post=499003"},{"taxonomy":"post_tag","embeddable":true,"href":"https:\/\/www.europesays.com\/fr\/wp-json\/wp\/v2\/tags?post=499003"}],"curies":[{"name":"wp","href":"https:\/\/api.w.org\/{rel}","templated":true}]}}