{"id":499015,"date":"2025-10-30T02:36:31","date_gmt":"2025-10-30T02:36:31","guid":{"rendered":"https:\/\/www.europesays.com\/fr\/499015\/"},"modified":"2025-10-30T02:36:31","modified_gmt":"2025-10-30T02:36:31","slug":"les-etats-unis-reduisent-leur-presence-militaire-en-europe-mais-assurent-ne-pas-la-deserter","status":"publish","type":"post","link":"https:\/\/www.europesays.com\/fr\/499015\/","title":{"rendered":"Les Etats-Unis r\u00e9duisent leur pr\u00e9sence militaire en Europe, mais assurent ne pas la d\u00e9serter"},"content":{"rendered":"<p class=\"mb-4 text-lg md:leading-8 break-words\"><strong>REPLI STRAT\u00c9GIQUE &#8211; Washington r\u00e9organise sa pr\u00e9sence militaire en Europe de l\u2019Est. Pr\u00e9sent\u00e9 comme un simple ajustement, ce mouvement ravive les interrogations sur l\u2019engagement des Etats-Unis au sein de l\u2019Otan<\/strong><\/p>\n<p class=\"mb-4 text-lg md:leading-8 break-words\">L\u2019administration de <a href=\"https:\/\/www.20minutes.fr\/dossier\/donald_trump?at_medium=RSS%20feed&amp;at_campaign=ynews&amp;utm_source=yahoo&amp;utm_medium=rss&amp;utm_campaign=news_feed&amp;utm_content=in_article_link\" rel=\"nofollow noopener\" target=\"_blank\" data-ylk=\"slk:Donald Trump;elm:context_link;itc:0;sec:content-canvas\" class=\"link \">Donald Trump<\/a> a d\u00e9cid\u00e9 d\u2019amorcer un r\u00e9ajustement sensible de sa pr\u00e9sence militaire sur le flanc Est de l\u2019Europe. Une brigade am\u00e9ricaine d\u00e9ploy\u00e9e en Roumanie va \u00eatre rapatri\u00e9e, sans remplacement pr\u00e9vu. Le <a href=\"https:\/\/www.20minutes.fr\/monde\/pentagone\/?at_medium=RSS%20feed&amp;at_campaign=ynews&amp;utm_source=yahoo&amp;utm_medium=rss&amp;utm_campaign=news_feed&amp;utm_content=in_article_link\" rel=\"nofollow noopener\" target=\"_blank\" data-ylk=\"slk:Pentagone;elm:context_link;itc:0;sec:content-canvas\" class=\"link \">Pentagone<\/a> insiste toutefois\u00a0: il ne s\u2019agit \u00ab\u00a0ni d\u2019un retrait am\u00e9ricain d\u2019Europe ni d\u2019un engagement r\u00e9duit envers l\u2019Otan\u00a0\u00bb, mais d\u2019un simple \u00ab\u00a0ajustement\u00a0\u00bb de posture.<\/p>\n<p class=\"mb-4 text-lg md:leading-8 break-words\">Selon Bucarest, environ 900 \u00e0 1.000 <a href=\"https:\/\/www.20minutes.fr\/dossier\/armee_americaine?at_medium=RSS%20feed&amp;at_campaign=ynews&amp;utm_source=yahoo&amp;utm_medium=rss&amp;utm_campaign=news_feed&amp;utm_content=in_article_link\" rel=\"nofollow noopener\" target=\"_blank\" data-ylk=\"slk:soldats am\u00e9ricains;elm:context_link;itc:0;sec:content-canvas\" class=\"link \">soldats am\u00e9ricains<\/a> resteront sur place, contre 1.700 actuellement. Le ministre roumain de la D\u00e9fense, Ionut Mosteanu, a assur\u00e9 que \u00ab\u00a0les capacit\u00e9s strat\u00e9giques restent inchang\u00e9es\u00a0\u00bb, en r\u00e9f\u00e9rence notamment au syst\u00e8me antimissile de Deveselu et \u00e0 la base a\u00e9rienne de Campia Turzii.<\/p>\n<p>\u00ab\u00a0Des mouvements pas inhabituels\u00a0\u00bb, selon l\u2019Otan<\/p>\n<p class=\"mb-4 text-lg md:leading-8 break-words\">L\u2019<a href=\"https:\/\/www.20minutes.fr\/monde\/otan\/?at_medium=RSS%20feed&amp;at_campaign=ynews&amp;utm_source=yahoo&amp;utm_medium=rss&amp;utm_campaign=news_feed&amp;utm_content=in_article_link\" rel=\"nofollow noopener\" target=\"_blank\" data-ylk=\"slk:Otan;elm:context_link;itc:0;sec:content-canvas\" class=\"link \">Otan<\/a>, pr\u00e9venue en amont, souligne que de tels mouvements ne sont \u00ab\u00a0pas inhabituels\u00a0\u00bb et que la pr\u00e9sence am\u00e9ricaine en Europe demeure \u00ab\u00a0plus importante qu\u2019avant\u00a02022\u00a0\u00bb, ann\u00e9e de l\u2019invasion russe en Ukraine. Mais ce signal suscite des inqui\u00e9tudes dans la r\u00e9gion, o\u00f9 le conflit continue de faire rage \u00e0 quelques centaines de kilom\u00e8tres.<\/p>\n<p class=\"mb-4 text-lg md:leading-8 break-words\">Pour George Scutaru, ancien conseiller \u00e0 la s\u00e9curit\u00e9 nationale du pr\u00e9sident roumain et directeur du think tank New Strategy Center, cette d\u00e9cision envoie \u00ab\u00a0un mauvais signal \u00e0 la <a href=\"https:\/\/www.20minutes.fr\/monde\/russie\/?at_medium=RSS%20feed&amp;at_campaign=ynews&amp;utm_source=yahoo&amp;utm_medium=rss&amp;utm_campaign=news_feed&amp;utm_content=in_article_link\" rel=\"nofollow noopener\" target=\"_blank\" data-ylk=\"slk:Russie;elm:context_link;itc:0;sec:content-canvas\" class=\"link \">Russie<\/a>\u00a0\u00bb. Selon lui, Moscou pourrait croire que \u00ab\u00a0la mer Noire n\u2019est plus une priorit\u00e9 pour les int\u00e9r\u00eats am\u00e9ricains\u00a0\u00bb. Il appelle les Europ\u00e9ens, notamment la France, \u00e0 \u00ab\u00a0renforcer leur pr\u00e9sence militaire pour compenser\u00a0\u00bb.<\/p>\n<p class=\"mb-4 text-lg md:leading-8 break-words\">Pas d\u2019(&#8230;)<\/p>\n<p class=\"mb-4 text-lg md:leading-8 break-words\"><a href=\"https:\/\/www.20minutes.fr\/monde\/etats-unis\/4182411-20251029-etats-unis-reduisent-presence-militaire-europe-assurent-deserter?at_medium=RSS%20feed&amp;at_campaign=ynews&amp;utm_source=yahoo&amp;utm_medium=rss&amp;utm_campaign=news_feed&amp;utm_content=read_more_link&quot;\" rel=\"nofollow noopener\" target=\"_blank\" data-ylk=\"slk:Lire la suite sur 20minutes;elm:context_link;itc:0;sec:content-canvas\" class=\"link \">Lire la suite sur 20minutes<\/a><\/p>\n<p>\u00c0 lire aussi :<br \/><a href=\"https:\/\/www.20minutes.fr\/monde\/etats-unis\/4176344-20251001-etats-unis-fini-wokes-gros-chef-pentagone-presente-nouvelle-vision-armee?at_medium=RSS%20feed&amp;at_campaign=ynews&amp;utm_source=yahoo&amp;utm_medium=rss&amp;utm_campaign=news_feed&amp;utm_content=related_content_link\" rel=\"nofollow noopener\" target=\"_blank\" data-ylk=\"slk:Etats-Unis\u00a0: Fini les \u00ab\u00a0wokes\u00a0\u00bb et les \u00ab\u00a0gros\u00a0\u00bb, le chef du Pentagone pr\u00e9sente sa nouvelle vision de l\u2019arm\u00e9e;elm:context_link;itc:0;sec:content-canvas\" class=\"link \">Etats-Unis\u00a0: Fini les \u00ab\u00a0wokes\u00a0\u00bb et les \u00ab\u00a0gros\u00a0\u00bb, le chef du Pentagone pr\u00e9sente sa nouvelle vision de l\u2019arm\u00e9e<\/a><br \/><a href=\"https:\/\/www.20minutes.fr\/monde\/etats-unis\/4180690-20251026-armee-americaine-frappe-bateaux-narcotrafiquants-cadre-legal?at_medium=RSS%20feed&amp;at_campaign=ynews&amp;utm_source=yahoo&amp;utm_medium=rss&amp;utm_campaign=news_feed&amp;utm_content=related_content_link\" rel=\"nofollow noopener\" target=\"_blank\" data-ylk=\"slk:L\u2019arm\u00e9e am\u00e9ricaine frappe des bateaux de narcotrafiquants, mais dans quel cadre l\u00e9gal\u00a0?;elm:context_link;itc:0;sec:content-canvas\" class=\"link \">L\u2019arm\u00e9e am\u00e9ricaine frappe des bateaux de narcotrafiquants, mais dans quel cadre l\u00e9gal\u00a0?<\/a><\/p>\n","protected":false},"excerpt":{"rendered":"REPLI STRAT\u00c9GIQUE &#8211; Washington r\u00e9organise sa pr\u00e9sence militaire en Europe de l\u2019Est. Pr\u00e9sent\u00e9 comme un simple ajustement, ce&hellip;\n","protected":false},"author":2,"featured_media":499016,"comment_status":"","ping_status":"","sticky":false,"template":"","format":"standard","meta":{"footnotes":""},"categories":[1586],"tags":[11,75,73,1777,674,1011,27,62141,12,62143,25,62142],"class_list":{"0":"post-499015","1":"post","2":"type-post","3":"status-publish","4":"format-standard","5":"has-post-thumbnail","7":"category-europe","8":"tag-actualites","9":"tag-donald-trump","10":"tag-etats-unis","11":"tag-eu","12":"tag-europe","13":"tag-fr","14":"tag-france","15":"tag-ionut-mosteanu","16":"tag-news","17":"tag-presence-militaire","18":"tag-republique-francaise","19":"tag-soldats-americains"},"share_on_mastodon":{"url":"https:\/\/pubeurope.com\/@fr\/115460792945585287","error":""},"_links":{"self":[{"href":"https:\/\/www.europesays.com\/fr\/wp-json\/wp\/v2\/posts\/499015","targetHints":{"allow":["GET"]}}],"collection":[{"href":"https:\/\/www.europesays.com\/fr\/wp-json\/wp\/v2\/posts"}],"about":[{"href":"https:\/\/www.europesays.com\/fr\/wp-json\/wp\/v2\/types\/post"}],"author":[{"embeddable":true,"href":"https:\/\/www.europesays.com\/fr\/wp-json\/wp\/v2\/users\/2"}],"replies":[{"embeddable":true,"href":"https:\/\/www.europesays.com\/fr\/wp-json\/wp\/v2\/comments?post=499015"}],"version-history":[{"count":0,"href":"https:\/\/www.europesays.com\/fr\/wp-json\/wp\/v2\/posts\/499015\/revisions"}],"wp:featuredmedia":[{"embeddable":true,"href":"https:\/\/www.europesays.com\/fr\/wp-json\/wp\/v2\/media\/499016"}],"wp:attachment":[{"href":"https:\/\/www.europesays.com\/fr\/wp-json\/wp\/v2\/media?parent=499015"}],"wp:term":[{"taxonomy":"category","embeddable":true,"href":"https:\/\/www.europesays.com\/fr\/wp-json\/wp\/v2\/categories?post=499015"},{"taxonomy":"post_tag","embeddable":true,"href":"https:\/\/www.europesays.com\/fr\/wp-json\/wp\/v2\/tags?post=499015"}],"curies":[{"name":"wp","href":"https:\/\/api.w.org\/{rel}","templated":true}]}}