{"id":499029,"date":"2025-10-30T02:51:24","date_gmt":"2025-10-30T02:51:24","guid":{"rendered":"https:\/\/www.europesays.com\/fr\/499029\/"},"modified":"2025-10-30T02:51:24","modified_gmt":"2025-10-30T02:51:24","slug":"eric-dupond-moretti-bientot-oqtf-a-nice-apres-sa-violente-dispute-avec-christian-estrosi-dans-un-restaurant-on-sort-si-tu-veux","status":"publish","type":"post","link":"https:\/\/www.europesays.com\/fr\/499029\/","title":{"rendered":"\u00c9ric Dupond-Moretti \u00ab\u00a0bient\u00f4t OQTF \u00e0 Nice\u00a0\u00bb apr\u00e8s sa violente dispute avec Christian Estrosi dans un restaurant, \u00ab\u00a0On sort, si tu veux ?\u00a0\u00bb"},"content":{"rendered":"<p>Alors que les d\u00e9bats vont rage \u00e0 l&rsquo;Assembl\u00e9e nationale pour<br \/>\nconstituer un budget pour la France en 2026, deux incontournables<br \/>\nde la politique fran\u00e7aise ont choisi de <strong>poursuivre le<br \/>\ncombat<\/strong> dans un restaurant ni\u00e7ois. Selon les t\u00e9moins<br \/>\npr\u00e9sents sur place, l&rsquo;ancien Ministre de la justice, <strong>\u00c9ric<br \/>\nDupond-Moretti<\/strong> et le maire de Nice, <strong>Christian<br \/>\nEstrosi<\/strong> en sont presque venus aux mains.<\/p>\n<p>Apr\u00e8s le succ\u00e8s retentissant de son premier spectacle, <a href=\"https:\/\/www.mariefrance.fr\/news-people\/eric-dupond-moretti-isabelle-boulay-ouvrent-portes-grandiose-villa-15-million-euros-nice-1156205.html\" target=\"_blank\" rel=\"noopener nofollow\">\u00c9ric Dupond-Moretti<\/a> est de<br \/>\nretour sur les planches avec son <strong>nouveau<br \/>\none-man-show<\/strong> intitul\u00e9 J\u2019ai dit &lsquo;oui&rsquo;. Mais, avant<br \/>\nde reprendre sa tourn\u00e9e, l\u2019ancien ministre de la Justice a fait<br \/>\nescale \u00e0 Nice. Le 22 octobre dernier, le compagnon d\u2019Isabelle<br \/>\nBoulay y a retrouv\u00e9 quelques amis pour un repas dans un restaurant<br \/>\nde la capitale azur\u00e9enne.<\/p>\n<p>\u00c9ric Dupond-Moretti croise Christian Estrosi dans un restaurant<br \/>\nni\u00e7ois<\/p>\n<p>Comme le rapporte Le Canard enchain\u00e9, alors qu\u2019\u00c9ric<br \/>\nDupond-Moretti savourait ce moment de d\u00e9tente entour\u00e9 de ses<br \/>\nproches, <a href=\"https:\/\/www.mariefrance.fr\/news-people\/christian-estrosi-incroyable-maison-port-nice-vit-femme-laura-tenoudji-sans-fille-bianca-1180574.html\" target=\"_blank\" rel=\"noopener nofollow\">Christian Estrosi<\/a> et son \u00e9pouse<br \/>\nLaura Tenoudji ont fait leur apparition dans le restaurant. Plus<br \/>\ntard dans la soir\u00e9e, le maire de Nice s\u2019est lev\u00e9 de sa table pour<br \/>\naller saluer et rejoindre bri\u00e8vement celle de l\u2019ancien garde des<br \/>\nSceaux. <strong>\u00ab\u00a0Ici, je suis avec de vrais<br \/>\namis\u00a0\u00bb<\/strong>, aurait alors lanc\u00e9 celui qui esp\u00e8re conserver<br \/>\nson poste \u00e0 la t\u00eate de la marie de Nice.<\/p>\n<p>Cette approche n\u2019ayant gu\u00e8re plu \u00e0 \u00c9ric Dupond-Moretti, la<br \/>\ndiscussion a rapidement pris un ton plus vif. \u00c9ric Dupond-Moretti,<br \/>\nqui n&rsquo;a jamais eu sa langue dans sa poche, a tout de suite r\u00e9agi.<br \/>\n<strong>\u00ab\u00a0<\/strong><strong>Toi, t\u2019es surtout un<br \/>\ncourtisan permanent !\u00a0\u00bb<\/strong>\u00a0Des mots tout sauf<br \/>\ninnocents puisque lors de son passage sur le plateau de BFMTV, le 9<br \/>\noctobre dernier, \u00c9ric Dupond-Moretti avait d\u00e9j\u00e0 qualifi\u00e9 Christian<br \/>\nEstrosi de la m\u00eame mani\u00e8re.<\/p>\n<p><img loading=\"lazy\" decoding=\"async\" aria-describedby=\"caption-attachment-1215882\" itemprop=\"thumbnailUrl\" class=\"wp-image-1215882 img-responsive size-full\" src=\"https:\/\/www.europesays.com\/fr\/wp-content\/uploads\/2025\/10\/4-34.jpg\" alt=\"\u00c9ric Dupond-Moretti\" width=\"1280\" height=\"720\"\/><br \/>\n\u00a9<br \/>\nBFMTV<\/p>\n<p id=\"caption-attachment-1215882\" class=\"wp-caption-text\">\u00c9ric<br \/>\nDupond-Moretti rencontre Christian Estrosi par hasard.<\/p>\n<p>Une altercation qui aurait pu mal finir<\/p>\n<p>Face \u00e0 cette nouvelle remarque cinglante, le num\u00e9ro deux du<br \/>\nparti Horizons n\u2019aurait pas tard\u00e9 \u00e0 r\u00e9pliquer. \u00ab\u00a0Esp\u00e8ce<br \/>\nd\u2019intermittent du spectacle !\u00a0\u00bb, aurait lanc\u00e9 Christian<br \/>\nEstrosi. Ce \u00e0 quoi le principal int\u00e9ress\u00e9 aurait r\u00e9pondu :<br \/>\n<strong>\u00ab\u00a0Et toi, pas un intermittent de la connerie<br \/>\n!\u00a0\u00bb\u00a0<\/strong><\/p>\n<p>\u00c0 l\u2019issue de cet \u00e9change houleux, la tension est encore mont\u00e9e<br \/>\nd\u2019un cran, et les deux hommes ont bien failli en venir aux mains.<br \/>\n<strong>\u00ab\u00a0Je vais t\u2019en coller une !\u00a0\u00bb<\/strong>, aurait alors<br \/>\nl\u00e2ch\u00e9 l\u2019ex-ministre charg\u00e9 de l\u2019Industrie. \u00ab\u00a0On sort, si tu veux<br \/>\n?\u00a0\u00bb, aurait r\u00e9pondu \u00c9ric Dupont-Moretti, n&rsquo;ayant pas peur d&rsquo;en<br \/>\nvenir aux mains. Aux c\u00f4t\u00e9s de son \u00e9pouse, Christian Estrosi a<br \/>\nfinalement quitt\u00e9 la salle, non sans adresser une ultime menace<br \/>\navant de partir. <strong>\u00ab\u00a0Tu seras bient\u00f4t OQTF \u00e0<br \/>\nNice!\u00a0\u00bb<\/strong><\/p>\n<p><img loading=\"lazy\" decoding=\"async\" aria-describedby=\"caption-attachment-1215881\" class=\"wp-image-1215881 img-responsive size-full\" src=\"https:\/\/www.europesays.com\/fr\/wp-content\/uploads\/2025\/10\/3-56.jpg\" alt=\"Christian Estrosi\" width=\"1280\" height=\"720\"\/><br \/>\n\u00a9<br \/>\nTF1<\/p>\n<p id=\"caption-attachment-1215881\" class=\"wp-caption-text\">Une<br \/>\ndispute qui aurait pu mal finir.<\/p>\n<p>\u00c9ric Dupond-Moretti et Christian<br \/>\nEstrosi commentent l&rsquo;affaire<\/p>\n<p><a href=\"https:\/\/www.mariefrance.fr\/actualite\/eric-dupond-moretti-somptueuse-villa-vacances-achetee-faire-plaisir-isabelle-boulay-820156.html\" target=\"_blank\" rel=\"noopener nofollow\">L\u2019ancien ministre<\/a> a depuis r\u00e9agi<br \/>\ndans les colonnes de Nice-Matin. \u00ab\u00a0J\u2019\u00e9tais attabl\u00e9 tranquille,<br \/>\n<strong>Estrosi est venu \u00e0 ma table me provoquer<\/strong>, il ne<br \/>\ns\u2019est pas bien tenu avec moi, on a eu des \u00e9changes de mots, c\u2019est<br \/>\ntout\u00a0\u00bb. Interrog\u00e9 sur la tournure tendue de l\u2019incident, il a<br \/>\ntenu \u00e0 se justifier. \u00ab\u00a0Quand vous vous engueulez avec des gens,<br \/>\nvous faites \u00e7a en douceur ? Non, et ben moi non<br \/>\nplus.\u00a0\u00bb\u00a0<\/p>\n<p><img loading=\"lazy\" decoding=\"async\" aria-describedby=\"caption-attachment-1215880\" class=\"wp-image-1215880 img-responsive size-full\" src=\"https:\/\/www.europesays.com\/fr\/wp-content\/uploads\/2025\/10\/2-104.jpg\" alt=\"\u00c9ric Dupond-Moretti sur France 2\" width=\"1280\" height=\"720\"\/> \u00a9 France 2<\/p>\n<p id=\"caption-attachment-1215880\" class=\"wp-caption-text\">Deux<br \/>\nversions de l&rsquo;altercation s&rsquo;opposent.<\/p>\n<p>De son c\u00f4t\u00e9, Christian Estrosi a comment\u00e9 l&rsquo;affaire, expliquant<br \/>\nque \u00ab\u00a0Monsieur Dupond-Moretti, qui est aujourd\u2019hui un opposant<br \/>\npolitique, est aussi devenu un r\u00e9cidiviste en mati\u00e8re de fake<br \/>\nnews\u00a0\u00bb. Il a \u00e9galement d\u00e9nonc\u00e9 <strong>\u00ab\u00a0une nouvelle sc\u00e8ne<br \/>\nde th\u00e9\u00e2tre<\/strong> qu\u2019il s\u2019amuse \u00e0 raconter, mais qui est bien<br \/>\nloin de la r\u00e9alit\u00e9\u00a0\u00bb. L&rsquo;actuel maire de Nice ne nie toutefois<br \/>\npas l&rsquo;altercation verbale.<\/p>\n","protected":false},"excerpt":{"rendered":"Alors que les d\u00e9bats vont rage \u00e0 l&rsquo;Assembl\u00e9e nationale pour constituer un budget pour la France en 2026,&hellip;\n","protected":false},"author":2,"featured_media":499030,"comment_status":"","ping_status":"","sticky":false,"template":"","format":"standard","meta":{"footnotes":""},"categories":[1359],"tags":[21303,58,59,1011,27,973],"class_list":{"0":"post-499029","1":"post","2":"type-post","3":"status-publish","4":"format-standard","5":"has-post-thumbnail","7":"category-people","8":"tag-buzz_nonli","9":"tag-divertissement","10":"tag-entertainment","11":"tag-fr","12":"tag-france","13":"tag-people"},"share_on_mastodon":{"url":"https:\/\/pubeurope.com\/@fr\/115460852920555895","error":""},"_links":{"self":[{"href":"https:\/\/www.europesays.com\/fr\/wp-json\/wp\/v2\/posts\/499029","targetHints":{"allow":["GET"]}}],"collection":[{"href":"https:\/\/www.europesays.com\/fr\/wp-json\/wp\/v2\/posts"}],"about":[{"href":"https:\/\/www.europesays.com\/fr\/wp-json\/wp\/v2\/types\/post"}],"author":[{"embeddable":true,"href":"https:\/\/www.europesays.com\/fr\/wp-json\/wp\/v2\/users\/2"}],"replies":[{"embeddable":true,"href":"https:\/\/www.europesays.com\/fr\/wp-json\/wp\/v2\/comments?post=499029"}],"version-history":[{"count":0,"href":"https:\/\/www.europesays.com\/fr\/wp-json\/wp\/v2\/posts\/499029\/revisions"}],"wp:featuredmedia":[{"embeddable":true,"href":"https:\/\/www.europesays.com\/fr\/wp-json\/wp\/v2\/media\/499030"}],"wp:attachment":[{"href":"https:\/\/www.europesays.com\/fr\/wp-json\/wp\/v2\/media?parent=499029"}],"wp:term":[{"taxonomy":"category","embeddable":true,"href":"https:\/\/www.europesays.com\/fr\/wp-json\/wp\/v2\/categories?post=499029"},{"taxonomy":"post_tag","embeddable":true,"href":"https:\/\/www.europesays.com\/fr\/wp-json\/wp\/v2\/tags?post=499029"}],"curies":[{"name":"wp","href":"https:\/\/api.w.org\/{rel}","templated":true}]}}