{"id":499035,"date":"2025-10-30T02:55:19","date_gmt":"2025-10-30T02:55:19","guid":{"rendered":"https:\/\/www.europesays.com\/fr\/499035\/"},"modified":"2025-10-30T02:55:19","modified_gmt":"2025-10-30T02:55:19","slug":"philippe-vandel-raconte-son-entretien-laborieux-avec-la-chanteuse","status":"publish","type":"post","link":"https:\/\/www.europesays.com\/fr\/499035\/","title":{"rendered":"Philippe Vandel raconte son entretien laborieux avec la chanteuse"},"content":{"rendered":"<p>    Philippe Vandel au \u00abBuzz TV\u00bb, 29 octobre 2025<br \/>\n                BuzzTv<\/p>\n<p>\n    <strong>VID\u00c9O<\/strong> \u2013 Ce mercredi, le journaliste \u00e9tait l\u2019invit\u00e9 du \u00ab Buzz TV\u00bb. \u00c0 l\u2019occasion de la parution de son \u00abdico fran\u00e7ais-fran\u00e7ais\u00bb, il raconte ses \u00e9changes rat\u00e9s. Parmi eux, un entretien avec la premi\u00e8re gagnante de la \u00abStar Academy\u00bb.<\/p>\n<p class=\"fig-paragraph\"><a href=\"https:\/\/www.lefigaro.fr\/tag\/philippe-vandel\" target=\"_blank\" rel=\"sponsored noopener\" data-gtm-custom-categorie=\"navigation\" data-gtm-custom-action=\"crossclick\" data-gtm-custom-label=\"Contextuel\" data-gtm-event=\"customEventSPE\"><strong>Philippe Vandel<\/strong><\/a> \u00a0\u00e9tait au \u00ab Buzz TV\u00bb ce mercredi pour parler de son \u00abDico Fran\u00e7ais Fran\u00e7ais\u00bb, qui vient de para\u00eetre aux \u00e9ditions K\u00e9ro. Un ouvrage comprenant 1500 d\u00e9finitions pour d\u00e9coder le langage des stars du showbiz, des journalistes, des startupers ou encore des ados.<\/p>\n<p class=\"fig-paragraph\">Dans la rubrique \u00abLes news m\u00e9dias\u00bb de\u00a0<a href=\"https:\/\/www.lefigaro.fr\/tag\/damien-canivez?msockid=03ee39ab5c8c69d0013c2f3f5df9683b\" target=\"_blank\" rel=\"sponsored noopener\" data-gtm-custom-categorie=\"navigation\" data-gtm-custom-action=\"crossclick\" data-gtm-custom-label=\"Contextuel\" data-gtm-event=\"customEventSPE\">Damien Canivez<\/a>, le journaliste mentionne<a href=\"http:\/\/tvmag.lefigaro.fr\/programme-tv\/actu-tele\/l-humoriste-marie-s-infiltre-viree-de-la-matinale-de-france-inter-20251028\" target=\"_blank\" data-fig-type=\"Article\" rel=\"noopener\" data-gtm-custom-categorie=\"navigation\" data-gtm-custom-action=\"crossclick\" data-gtm-custom-label=\"Contextuel\" data-gtm-event=\"customEventSPE\" data-fig-domain=\"TVMAG\">\u00a0le limogeage de \u00ab Marie s\u2019infiltre\u00a0\u00bb de l\u2019antenne de \u00ab France Inter\u00a0\u00bb<\/a>, moins de deux mois apr\u00e8s son arriv\u00e9e. Au Parisien, la direction de la radio a expliqu\u00e9 que l\u2019humoriste allait d\u00e9sormais \u00abse consacrer pleinement \u00e0 sa tourn\u00e9e\u00bb. L\u2019occasion pour Philippe Vendel de d\u00e9cortiquer les termes employ\u00e9s par la station\u00a0: \u00ab \u00e7a, c\u2019est la langue de bois pour ne pas dire \u201con la vire\u201d. C\u2019est du storytelling o\u00f9 on met un \u00e9l\u00e9ment positif dans la phrase. C\u2019est \u00e7a la langue de bois journalistique\u00a0\u00bb, r\u00e9sume-t-il.<\/p>\n<p>                                    <a class=\"fig-a11y-skip a11y-hidden\" href=\"#fig-a11y-skip-main-inarticle\"><br \/>\n        Passer la publicit\u00e9<br \/>\n    <\/a><\/p>\n<p class=\"fig-paragraph\">Que ce soit sur Canal+, Europe 1, France Info, Philippe Vandel a interview\u00e9 une ribambelle de personnalit\u00e9s. \u00c0 la question de savoir quelle serait sa pire interview, Philippe Vandel raconte une anecdote in\u00e9dite\u00a0: \u00ab Ma pire Interview\u00a0? Je ne l\u2019ai jamais racont\u00e9e. J\u2019\u00e9tais \u00e0 France Info et je faisais une \u00e9mission qui s\u2019appelait \u201cTout et son contraire\u201d (\u2026) Pour faire une \u00e9mission d\u2019un quart d\u2019heure, j\u2019enregistrais 25 minutes pour enlever les redites, les questions qui n\u2019ont pas march\u00e9 etc. Mais quand je voyais qu\u2019il n\u2019y avait rien je faisais durer l\u2019interview. Les deux pires, c\u2019\u00e9tait avec Jenifer et Nicolas Dupont-Aignan.\u00a0<a href=\"https:\/\/www.lefigaro.fr\/tag\/jenifer?msockid=03ee39ab5c8c69d0013c2f3f5df9683b\" target=\"_blank\" rel=\"noopener\" data-gtm-custom-categorie=\"navigation\" data-gtm-custom-action=\"crossclick\" data-gtm-custom-label=\"Contextuel\" data-gtm-event=\"customEventSPE\">Jenifer<\/a> , j\u2019ai fait 55 minutes d\u2019interview\u00a0\u00bb, se rem\u00e9more-t-il.<\/p>\n<p class=\"fig-body-link\">\n            \u00c0 lire aussi<br \/>\n        <a class=\"fig-body-link__link\" href=\"http:\/\/www.lefigaro.fr\/langue-francaise\/actu-des-mots\/philippe-vandel-comment-le-francais-a-t-il-evolue-en-33-ans-20251029\" data-fig-type=\"Article\" data-gtm-custom-categorie=\"navigation\" data-gtm-custom-action=\"crossclick\" data-gtm-custom-label=\"Contextuel\" data-gtm-event=\"customEventSPE\" data-fig-domain=\"LEFIGARO\" target=\"_blank\" rel=\"noopener\"><\/p>\n<p>        Philippe Vandel: comment le fran\u00e7ais a-t-il \u00e9volu\u00e9 en 33 ans\u00a0?<br \/>\n    <\/a>\n<\/p>\n<blockquote class=\"fig-quote&#10;    \">\n<p class=\"fig-quote__text\">C\u2019est comme si elle \u00e9tait \u00e9trang\u00e8re \u00e0 son propre album<\/p>\n<p>            Philippe Vandel\n    <\/p><\/blockquote>\n<p class=\"fig-paragraph\">Une discussion qui tourne en rond d\u2019apr\u00e8s l\u2019ancienne voix de \u00abCulture M\u00e9dias\u00bb sur Europe 1\u00a0: \u00ab Je lui dis\u00a0: \u201cDans cette chanson vous racontez \u00e7a\u201d et elle me dit\u00a0: \u201cOui, mais ce n\u2019est pas moi qui l\u2019ai \u00e9crite\u201d. Alors je dis\u00a0: \u201cD\u2019accord, mais comment vous avez choisi le texte\u00a0?\u201d Elle me r\u00e9pond \u201cCe n\u2019est pas moi qui l\u2019ai choisi, c\u2019est une \u00e9quipe.\u201d\u00bb\u00a0<\/p>\n<p class=\"fig-paragraph\">L\u2019entretien s\u2019est av\u00e9r\u00e9 long et difficile pour le journaliste\u00a0: \u00ab Moi je l\u2019aime bien, j\u2019\u00e9tais un petit peu g\u00ean\u00e9\u00bb, se souvient l\u2019ex-animateur du \u00abJournal du hard\u00bb sur Canal+ avant de nuancer son propos sur l\u2019interpr\u00e8te d\u2019Au soleil. \u00abElle ne r\u00e9pondait pas \u00e0 c\u00f4t\u00e9 mais c\u2019est comme si elle \u00e9tait \u00e9trang\u00e8re \u00e0 son propre album. C\u2019\u00e9tait \u00e7a qui \u00e9tait difficile. Ce n\u2019est pas grave, on a r\u00e9ussi \u00e0 monter 15 minutes\u00bb, pr\u00e9cise Philippe Vandel.<\/p>\n","protected":false},"excerpt":{"rendered":"Philippe Vandel au \u00abBuzz TV\u00bb, 29 octobre 2025 BuzzTv VID\u00c9O \u2013 Ce mercredi, le journaliste \u00e9tait l\u2019invit\u00e9 du&hellip;\n","protected":false},"author":2,"featured_media":499036,"comment_status":"","ping_status":"","sticky":false,"template":"","format":"standard","meta":{"footnotes":""},"categories":[1355],"tags":[58,59,1011,27,3284,1361,873],"class_list":{"0":"post-499035","1":"post","2":"type-post","3":"status-publish","4":"format-standard","5":"has-post-thumbnail","7":"category-musique","8":"tag-divertissement","9":"tag-entertainment","10":"tag-fr","11":"tag-france","12":"tag-jenifer","13":"tag-music","14":"tag-musique"},"share_on_mastodon":{"url":"https:\/\/pubeurope.com\/@fr\/115460867669190525","error":""},"_links":{"self":[{"href":"https:\/\/www.europesays.com\/fr\/wp-json\/wp\/v2\/posts\/499035","targetHints":{"allow":["GET"]}}],"collection":[{"href":"https:\/\/www.europesays.com\/fr\/wp-json\/wp\/v2\/posts"}],"about":[{"href":"https:\/\/www.europesays.com\/fr\/wp-json\/wp\/v2\/types\/post"}],"author":[{"embeddable":true,"href":"https:\/\/www.europesays.com\/fr\/wp-json\/wp\/v2\/users\/2"}],"replies":[{"embeddable":true,"href":"https:\/\/www.europesays.com\/fr\/wp-json\/wp\/v2\/comments?post=499035"}],"version-history":[{"count":0,"href":"https:\/\/www.europesays.com\/fr\/wp-json\/wp\/v2\/posts\/499035\/revisions"}],"wp:featuredmedia":[{"embeddable":true,"href":"https:\/\/www.europesays.com\/fr\/wp-json\/wp\/v2\/media\/499036"}],"wp:attachment":[{"href":"https:\/\/www.europesays.com\/fr\/wp-json\/wp\/v2\/media?parent=499035"}],"wp:term":[{"taxonomy":"category","embeddable":true,"href":"https:\/\/www.europesays.com\/fr\/wp-json\/wp\/v2\/categories?post=499035"},{"taxonomy":"post_tag","embeddable":true,"href":"https:\/\/www.europesays.com\/fr\/wp-json\/wp\/v2\/tags?post=499035"}],"curies":[{"name":"wp","href":"https:\/\/api.w.org\/{rel}","templated":true}]}}