{"id":49905,"date":"2025-04-24T19:20:27","date_gmt":"2025-04-24T19:20:27","guid":{"rendered":"https:\/\/www.europesays.com\/fr\/49905\/"},"modified":"2025-04-24T19:20:27","modified_gmt":"2025-04-24T19:20:27","slug":"que-faire-a-marseille-ce-week-end-les-24-25-26-et-27-avril","status":"publish","type":"post","link":"https:\/\/www.europesays.com\/fr\/49905\/","title":{"rendered":"Que faire \u00e0 Marseille ce week-end, les 24, 25, 26 et 27\u00a0avril\u00a0?"},"content":{"rendered":"<p>Les balades, activit\u00e9s sportives et bien-\u00eatre de ce week-end des 24, 25, 26 et 27\u00a0avril&#13;\n<\/p>\n<p>Entra\u00eenement pour La Marseillaise des Femmes aux Plages du Prado<\/p>\n<p>Pour pr\u00e9parer les participantes et participants \u00e0 \u00ab\u00a0La Marseillaise des Femmes\u00a0\u00bb, une course solidaire, l\u2019association propose des sessions d\u2019entra\u00eenements gratuits et ouverts \u00e0 tous. La prochaine se tient ce samedi 26\u00a0avril sur les plages du Prado, de 10h \u00e0 12h. Au programme\u00a0? Run\/fractionn\u00e9, zumba, et cuisses-abdos-fessiers.<\/p>\n<p>\u00ab\u00a0Ces s\u00e9ances, encadr\u00e9es par les coachs sportifs de Massilia Fit, visent \u00e0 rendre la pratique physique amusante et accessible, m\u00eame pour ceux qui ne sont pas habitu\u00e9s au sport\u00a0\u00bb, assurent les organisateurs sur le site de l\u2019office de tourisme de Marseille.<\/p>\n<p>Les inscriptions sont obligatoires et se font via le site de La Marseillaise des Femmes.<\/p>\n<p><strong>Entra\u00eenement pour <a href=\"https:\/\/marseillaisedesfemmes.com\/\" target=\"_blank\" rel=\"noopener\">La Marseillaise des Femmes<\/a> aux Plages du Prado, samedi 26\u00a0avril, de 10h00 \u00e0 12h00. 200 places disponibles.<\/strong>&#13;\n<\/p>\n<p>Les activit\u00e9s pour les enfants ce week-end des 24, 25, 26 et 27\u00a0avril&#13;\n<\/p>\n<p>Atelier tissage de papier \u00e0 la Cit\u00e9 de l\u2019art contemporain<\/p>\n<p>Comme tous les premiers samedis du mois, l\u2019\u00e9quipe de m\u00e9diation propose d\u2019explorer les expositions sous \u00ab\u00a0un nouveau regard\u00a0\u00bb \u00e0 travers des ateliers cr\u00e9atifs. \u00ab\u00a0Un moment id\u00e9al pour prolonger l\u2019exp\u00e9rience et \u00e9veiller sa cr\u00e9ativit\u00e9 autour des \u0153uvres expos\u00e9es, explique le Frac Sud (Fonds r\u00e9gional d\u2019art contemporain) <a href=\"https:\/\/www.marseille-tourisme.com\/offres\/atelier-tissage-de-papier-marseille-2eme-fr-5374083\/\" target=\"_blank\" rel=\"noopener\">sur le site de l\u2019office de tourisme de Marseille<\/a>. Ici il s\u2019agira de comprendre comment est form\u00e9 un tissage tout en s\u2019amusant \u00e0 d\u00e9couvrir les nombreuses possibilit\u00e9s d\u2019assemblage qu\u2019offre cette pratique. Bandelettes de papier uni ou \u00e0 motifs s\u2019entrem\u00ealent pour former des compositions graphiques et color\u00e9es.\u00a0\u00bb<\/p>\n<p><strong>Samedi 26\u00a0avril 2025 de 14h00 \u00e0 15h30. Frac Sud \u2013 Cit\u00e9 de l\u2019art contemporain, 20 Boulevard De Dunkerque, 13002 Marseille. Gratuit, sur r\u00e9servation (au 04\u00a091\u00a091\u00a027\u00a055 ou <a href=\"https:\/\/fracsud.org\/Atelier-tissage-de-papier\" target=\"_blank\" rel=\"noopener\">sur le site du Frac Sud<\/a>). \u00c0 partir de 5\u00a0ans. Limit\u00e9 \u00e0 10 personnes par atelier.<\/strong>&#13;\n<\/p>\n<p>Visite anim\u00e9e \u00ab\u00a0La qu\u00eate d\u2019Harold\u00a0\u00bb au Mus\u00e9e Bor\u00e9ly<\/p>\n<p>Des visites anim\u00e9es pour le jeune public se tiennent au Mus\u00e9e Bor\u00e9ly &#8211; Mus\u00e9e des Arts d\u00e9coratifs, de la Fa\u00efence et de la Mode ce samedi 26\u00a0avril \u00e0 14h.<\/p>\n<p>\u00ab\u00a0Harold adore les images\u2026 au point d\u2019en avoir plein son pelage\u00a0! Il les collectionne, les range, les bichonne, pr\u00e9sente le mus\u00e9e <a href=\"https:\/\/www.marseille-tourisme.com\/vivez-marseille-blog\/agenda\/visite-animee-la-quete-dharold-marseille-8eme-fr-5048003\/\" target=\"_blank\" rel=\"noopener\">sur le site de l\u2019office de tourisme de Marseille<\/a>. Aide le singe-mascotte du Ch\u00e2teau Bor\u00e9ly \u00e0 retrouver ses pr\u00e9f\u00e9r\u00e9es parmi les \u0153uvres du mus\u00e9e\u00a0: une chasse aux d\u00e9tails \u00e0 mener en famille\u00a0!\u00a0\u00bb<\/p>\n<p><strong>Samedi 26\u00a0avril \u00e0 14h. Mus\u00e9e Bor\u00e9ly \u2013 Mus\u00e9e des Arts d\u00e9coratifs, de la Fa\u00efence et de la Mode, Ch\u00e2teau Bor\u00e9ly, 132 Avenue Clot-Bey, 13008 Marseille. Familles, \u00e0 partir de 7\u00a0ans. Dur\u00e9e\u00a0: 1h. Sur r\u00e9servation, dans la limite des places disponibles, par courriel \u00e0 <a href=\"https:\/\/www.laprovence.com\/cdn-cgi\/l\/email-protection\" class=\"__cf_email__\" data-cfemail=\"a3c0cbc2d7c6c2d68ec1ccd1c6cfda8eced6d0c6c6e3cec2d1d0c6cacfcfc68dc5d1\" target=\"_blank\" rel=\"noopener\">[email\u00a0protected]<\/a>. Adultes\u00a0: entr\u00e9e gratuite +\u00a0activit\u00e9 gratuite. Enfants de 5 \u00e0 18\u00a0ans\u00a0: entr\u00e9e gratuite +\u00a04\u20ac l\u2019activit\u00e9 (tarif r\u00e9duit\u00a0: 1,50\u20ac). Enfants de moins de 5\u00a0ans\u00a0: gratuit.<\/strong>&#13;\n<\/p>\n<p>Les expos, cin\u00e9s et activit\u00e9s culturelles, ce week-end des 24, 25, 26 et 27\u00a0avril&#13;\n<\/p>\n<p>Au Mucem, 12e \u00e9dition d\u2019Aflam, festival des cin\u00e9matographies arabes<\/p>\n<p><a href=\"https:\/\/www.aflam.fr\/\" target=\"_blank\" rel=\"noopener\">Le festival marseillais Aflam<\/a> participe depuis\u00a02000 \u00e0 la diffusion et la promotion des cin\u00e9mas arabes aupr\u00e8s de tous les publics. Le Mucem accueille la 12e \u00e9dition du 23 au 27\u00a0avril.<\/p>\n<p>\u00ab\u00a0Comme chaque ann\u00e9e, Aflam propose un panorama vari\u00e9 de la production des pays arabes, tant dans le domaine de la fiction que du documentaire, sur des formats de courts ou de longs-m\u00e9trages, d\u00e9taillent les organisateurs sur le site de l\u2019office de tourisme de Marseille. Le programme 2025 est construit autour de l\u2019actrice et r\u00e9alisatrice tunisienne Fatma Ben Sa\u00efdane, figure incontournable de la sc\u00e8ne culturelle de son pays qui a su s\u2019imposer comme un mod\u00e8le pour les jeunes g\u00e9n\u00e9rations, en particulier les femmes, tant par sa capacit\u00e9 \u00e0 incarner des personnages forts que par son engagement social.\u00a0\u00bb<\/p>\n<p><strong>Le programme d\u00e9taill\u00e9 est disponible sur <a href=\"https:\/\/www.aflam.fr\/\" target=\"_blank\" rel=\"noopener\">www.aflam.fr<\/a>. De 10h \u00e0 18h jeudi, vendredi, samedi et dimanche. Mucem, 7 Promenade Robert Laffont, 13002 Marseille.<\/strong>&#13;\n<\/p>\n<p>Les concerts, pi\u00e8ces de th\u00e9\u00e2tre et soir\u00e9es ce week-end des 24, 25, 26 et 27\u00a0avril&#13;\n<\/p>\n<p>Concerts\u00a0: MC Solaar et Thomas Dutronc au Cepac Silo&#13;\n<\/p>\n<p><img alt=\"MC Solaar sera sur la sc\u00e8ne du Cepac Silo ce vendredi soir, pour un concert qui revient sur ses tubes des ann\u00e9es 90, mais aussi avec des morceaux de son dernier album en trois volets de 2024.\" loading=\"lazy\" decoding=\"async\" data-nimg=\"fill\" class=\" TwicCore_img__i9TC1 undefined  undefined\" style=\"position:absolute;height:100%;width:100%;left:0;top:0;right:0;bottom:0;color:transparent;background-size:cover;background-position:50% 50%;background-repeat:no-repeat;background-image:url(&quot;data:image\/svg+xml;charset=utf-8,%3Csvg xmlns='http:\/\/www.w3.org\/2000\/svg' %3E%3Cfilter id='b' color-interpolation-filters='sRGB'%3E%3CfeGaussianBlur stdDeviation='20'\/%3E%3CfeColorMatrix values='1 0 0 0 0 0 1 0 0 0 0 0 1 0 0 0 0 0 100 -1' result='s'\/%3E%3CfeFlood x='0' y='0' width='100%25' height='100%25'\/%3E%3CfeComposite operator='out' in='s'\/%3E%3CfeComposite in2='SourceGraphic'\/%3E%3CfeGaussianBlur stdDeviation='20'\/%3E%3C\/filter%3E%3Cimage width='100%25' height='100%25' x='0' y='0' preserveAspectRatio='none' style='filter: url(%23b);' href='https:\/\/pictures.laprovence.com\/cdn-cgi\/image\/blur=250\/media\/melody\/2025\/04\/24\/a-55-ans-mc-solaar-ici-en-mars-a-nimes-en-a-toujours-sous-la-plume-1745504541_1af72537604760ef725376047c1082v_.jpg'\/%3E%3C\/svg%3E&quot;)\"   src=\"https:\/\/www.europesays.com\/fr\/wp-content\/uploads\/2025\/04\/a-55-ans-mc-solaar-ici-en-mars-a-nimes-en-a-toujours-sous-la-plume-1745504541_1af72537604760ef725376.jpeg\"\/>MC Solaar sera sur la sc\u00e8ne du Cepac Silo ce vendredi soir, pour un concert qui revient sur ses tubes des ann\u00e9es 90, mais aussi avec des morceaux de son dernier album en trois volets de 2024. \/ Photo J\u00e9r\u00f4me Rey<\/p>\n<p>Une fin de semaine riche sur la sc\u00e8ne du Silo avec deux concerts d\u2019affil\u00e9e pour lesquels il reste encore quelques places\u00a0: celui de <a href=\"https:\/\/www.laprovence.com\/article\/region\/85721223542430\/mc-solaar-salon-de-provence-pour-moi-cest-la-patrouille-de-france-et-nostradamus\" target=\"_blank\" rel=\"noopener\">MC Solaar<\/a> ce jeudi soir et celui de Thomas Dutronc vendredi soir.<\/p>\n<p>Pionnier du rap fran\u00e7ais dans les ann\u00e9es\u00a090, po\u00e8te moderne aux cinq millions d\u2019albums vendus et cinq Victoires de la musique, Claude MC alias MC Solaar est de retour \u00e0 Marseille, <a href=\"https:\/\/www.laprovence.com\/article\/culture-loisirs\/19907126534715\/ouverture-de-la-fiesta-des-suds-a-marseille-une-selection-ou-la-joie-est-inscrite-en-gros-previent-mc-solaar\" target=\"_blank\" rel=\"noopener\">apr\u00e8s avoir fait l\u2019ouverture de la Fiesta des Suds en octobre dernier.<\/a> Dans le cadre de sa tourn\u00e9e, qui fait suite \u00e0 la sortie de son album sous forme de triptyque en\u00a02024, le rappeur au style inimitable passe par le Cepac Silo ce soir. Un voyage dans le temps, pour savourer ses anciens tubes comme Bouge de l\u00e0, Caroline, Qui s\u00e8me le vent r\u00e9colte le tempo ou encore Nouveau Western et Hasta La Vista. Mais aussi des morceaux de\u00a02024 issus des trois volets\u00a0: Lueurs C\u00e9lestes, \u00c9clats cosmiques et Balade astrale. Une soir\u00e9e qui promet de ravir les nostalgiques mais aussi de mettre une ambiance festive.<\/p>\n<p><strong>Ce jeudi soir \u00e0 20 h. Derni\u00e8res places \u00e0 39,60\u20ac. www.cepacsilo-marseille.fr<\/strong>&#13;\n<\/p>\n<p>\u00ab\u00a0Un concert qui groove et qui swingue\u00a0\u00bb<br \/>\n<img alt=\"Thomas Dutronc sera en concert ce vendredi 25 avril, au Silo, \u00e0 Marseille.\" loading=\"lazy\" decoding=\"async\" data-nimg=\"fill\" class=\" TwicCore_img__i9TC1 undefined  undefined\" style=\"position:absolute;height:100%;width:100%;left:0;top:0;right:0;bottom:0;color:transparent;background-size:cover;background-position:50% 50%;background-repeat:no-repeat;background-image:url(&quot;data:image\/svg+xml;charset=utf-8,%3Csvg xmlns='http:\/\/www.w3.org\/2000\/svg' %3E%3Cfilter id='b' color-interpolation-filters='sRGB'%3E%3CfeGaussianBlur stdDeviation='20'\/%3E%3CfeColorMatrix values='1 0 0 0 0 0 1 0 0 0 0 0 1 0 0 0 0 0 100 -1' result='s'\/%3E%3CfeFlood x='0' y='0' width='100%25' height='100%25'\/%3E%3CfeComposite operator='out' in='s'\/%3E%3CfeComposite in2='SourceGraphic'\/%3E%3CfeGaussianBlur stdDeviation='20'\/%3E%3C\/filter%3E%3Cimage width='100%25' height='100%25' x='0' y='0' preserveAspectRatio='none' style='filter: url(%23b);' href='https:\/\/pictures.laprovence.com\/cdn-cgi\/image\/blur=250\/media\/melody\/2025\/04\/13\/thomas-dutronc-sera-en-concert-ce-vendredi-25-avril-au-silo-a-marseille-1744540988_4b5662fd19f76106662fd19f7f3666v_.jpg'\/%3E%3C\/svg%3E&quot;)\"   src=\"https:\/\/www.europesays.com\/fr\/wp-content\/uploads\/2025\/04\/thomas-dutronc-sera-en-concert-ce-vendredi-25-avril-au-silo-a-marseille-1744540988_4b5662fd19f761066.jpeg\"\/>Thomas Dutronc sera en concert ce vendredi 25 avril, au Silo, \u00e0 Marseille. \/ Photo DR<\/p>\n<p>Vendredi soir, ce sera au tour de <a href=\"https:\/\/www.laprovence.com\/article\/culture-loisirs\/2357811502337115\/thomas-dutronc-en-concert-a-marseille-le-bonheur-cest-tout-simplement-lamour\" target=\"_blank\" rel=\"noopener\">Thomas Dutronc d\u2019animer la sc\u00e8ne du Cepac Silo<\/a>. Accompagn\u00e9 de sept musiciens, il interpr\u00e9tera ses plus gros succ\u00e8s et des titres de son dernier album Il n\u2019est jamais trop tard. Guitariste, chanteur, et occasionnellement acteur, il revendique<a href=\"https:\/\/www.laprovence.com\/article\/region\/40823861808427\/thomas-dutronc-et-son-trio-a-laffiche-du-jazz-sous-les-etoiles-de-bouc-bel-air\" target=\"_blank\" rel=\"noopener\"> son go\u00fbt pour le jazz manouche<\/a>. Interview\u00e9 dans notre \u00e9dition du dimanche 13\u00a0avril, le fils de Jacques Dutronc et Fran\u00e7oise Hardy annon\u00e7ait\u00a0: \u00ab\u00a0J\u2019ai envie de donner de la joie, du bonheur, de la bonne humeur. Il faut s\u2019attendre \u00e0 un concert qui groove, qui swingue, qui donne envie de danser et de bouger.\u00a0\u00bb<\/p>\n<p><strong>Vendredi, 20h. Derni\u00e8res places \u00e0 42 \u00e0 47,50\u20ac. www.cepacsilo-marseille.fr<\/strong>&#13;\n<\/p>\n<p>Un festival 100% rap marseillais \u00e0 la Friche&#13;\n<\/p>\n<p><img alt=\"DJ Djel, membre du groupe marseillais Fonky Family, organise la 2e \u00e9dition de son Fonky Festival, avec cette ann\u00e9e un parrain en or : Akhenaton.\" loading=\"lazy\" decoding=\"async\" data-nimg=\"fill\" class=\" TwicCore_img__i9TC1 undefined  undefined\" style=\"position:absolute;height:100%;width:100%;left:0;top:0;right:0;bottom:0;color:transparent;background-size:cover;background-position:50% 50%;background-repeat:no-repeat;background-image:url(&quot;data:image\/svg+xml;charset=utf-8,%3Csvg xmlns='http:\/\/www.w3.org\/2000\/svg' %3E%3Cfilter id='b' color-interpolation-filters='sRGB'%3E%3CfeGaussianBlur stdDeviation='20'\/%3E%3CfeColorMatrix values='1 0 0 0 0 0 1 0 0 0 0 0 1 0 0 0 0 0 100 -1' result='s'\/%3E%3CfeFlood x='0' y='0' width='100%25' height='100%25'\/%3E%3CfeComposite operator='out' in='s'\/%3E%3CfeComposite in2='SourceGraphic'\/%3E%3CfeGaussianBlur stdDeviation='20'\/%3E%3C\/filter%3E%3Cimage width='100%25' height='100%25' x='0' y='0' preserveAspectRatio='none' style='filter: url(%23b);' href='https:\/\/pictures.laprovence.com\/cdn-cgi\/image\/blur=250\/media\/melody\/2025\/04\/24\/dj-djel-membre-du-groupe-marseillais-fonky-family-organise-la-2e-edition-de-son-fonky-festival-avec-1745504542_e4d9975709086d8d997570908bcd99v_.jpg'\/%3E%3C\/svg%3E&quot;)\"   src=\"https:\/\/www.europesays.com\/fr\/wp-content\/uploads\/2025\/04\/dj-djel-membre-du-groupe-marseillais-fonky-family-organise-la-2e-edition-de-son-fonky-festival-avec-.jpeg\"\/>DJ Djel, membre du groupe marseillais Fonky Family, organise la 2e \u00e9dition de son Fonky Festival, avec cette ann\u00e9e un parrain en or : Akhenaton. \/ Photo DR<\/p>\n<p>Le <a href=\"https:\/\/www.laprovence.com\/article\/culture-loisirs\/30541755503541\/marseille-a-la-friche-le-rap-a-fait-rimer-emotion-et-transmission\" target=\"_blank\" rel=\"noopener\">Fonky Festival de Mars revient pour sa 2e \u00e9dition<\/a> vendredi\u00a0et samedi au<\/p>\n<p>Cabaret Al\u00e9atoire pour mettre en lumi\u00e8re le rap d\u2019hier et d\u2019aujourd\u2019hui.<\/p>\n<p>Pour cette nouvelle \u00e9dition parrain\u00e9e par Akhenaton, le festival de rap marseillais fond\u00e9 et port\u00e9 par <a href=\"https:\/\/www.laprovence.com\/videos\/dj-djel-avec-la-fonky-family-l-histoire-n-tait-pas-finie\/1705328242650\" target=\"_blank\" rel=\"noopener\">DJ Djel, membre du groupe Fonky Family<\/a>, invite une vingtaine d\u2019artistes \u00e0 la Friche de la Belle-de-Mai pendant deux jours. Des artistes de toutes les g\u00e9n\u00e9rations viendront porter haut les couleurs de la cit\u00e9 phoc\u00e9enne.<\/p>\n<p>Sans oublier des animations et d\u2019autres disciplines li\u00e9es au hip-hop\u00a0: le graff, avec une session live graffiti\u00a0; la danse, avec un contest de breakdance\u00a0; mais aussi un contest qui consacrera le meilleur DJ.<\/p>\n<p>El Matador, Freeman\u00a0et K-Rhyme Le Roi<\/p>\n<p>On retrouvera des noms bien connus comme <a href=\"https:\/\/www.laprovence.com\/article\/region\/19384069137108\/el-matador-l-antidote-un-festival-hip-hop-debarque-a-istres-avec-des-legendes-de-la-culture-urbaine\" target=\"_blank\" rel=\"noopener\">El Matador<\/a>, Freeman et K-Rhyme Le Roi qui joueront en exclusivit\u00e9 leur album Palais de justice samedi. Mais aussi des talents plus r\u00e9cents \u00e0 l\u2019image de Dario Della Noce, Costello ou encore Gino 1313, qui seront l\u00e0 d\u00e8s vendredi soir. Les artistes prometteuses <a href=\"https:\/\/www.laprovence.com\/article\/culture-loisirs\/72283034197839\/avec-son-nouvel-ep-la-rappeuse-marseillaise-amalia-prend-son-envol\" target=\"_blank\" rel=\"noopener\">Amalia<\/a> et Saaphyra partageront aussi leur univers, l\u2019une vendredi et l\u2019autre samedi.<\/p>\n<p>Pas question de cloisonner les \u00e9poques et les g\u00e9n\u00e9rations, l\u2019id\u00e9e de ce festival \u00ab\u00a0c\u2019est de m\u00e9langer les genres, les gens et les styles pour que \u00e7a ne fasse qu\u2019un, comme dans l\u2019identit\u00e9 marseillaise o\u00f9 toutes les religions, toutes les cultures ne font qu\u2019un\u00a0\u00bb, expliquait <a href=\"https:\/\/www.laprovence.com\/article\/culture-loisirs\/2185183411152215\/melanger-les-genres-et-les-gens-rap-dhier-et-daujourdhui-au-fonky-festival-de-marseille\" target=\"_blank\" rel=\"noopener\">dans nos pages il y a quelques jours DJ Djel.<\/a> Vendredi l\u2019affiche du festival sera aussi compl\u00e9t\u00e9e par Elams, Kolo La R, Def Bond, Boucher, Prodige Namor. Samedi, ce sera au tour de Graya, Am La Scampia, K-M\u00e9l\u00e9on, Bouga, Dibson, Mehdi Miklo.<\/p>\n<p>\u00ab\u00a0Certains disent que le rap c\u2019\u00e9tait mieux avant, moi je dis que le rap c\u2019est bien tout le temps\u00a0\u00bb, insiste DJ Djel, heureux de rendre hommage aussi au leader d\u2019<a href=\"https:\/\/www.laprovence.com\/article\/culture-loisirs\/5541354293695614\/histoire-il-y-a-trente-ans-iam-prenait-son-envol-aux-victoires-de-la-musique\" target=\"_blank\" rel=\"noopener\">IAM <\/a>dans cette \u00e9dition\u00a0: \u00ab\u00a0Il fallait que ce soit lui, c\u2019\u00e9tait important pour moi. Le premier titre de rap fran\u00e7ais et le premier album sorti outre Atlantique, c\u2019est IAM. Akhenaton a fait beaucoup pour Marseille et je tenais \u00e0 lui rendre cet hommage.\u00a0\u00bb<\/p>\n<p><strong>Vendredi et samedi de 19 h 30 \u00e0 1 h. Au Cabaret Al\u00e9atoire, \u00e0 la Friche de la Belle-de-Mai (3e). \u00c0 partir de 22,47\u00a0euros. 41,73\u00a0euros pour le pass deux jours.<\/strong>&#13;\n<\/p>\n<p>Th\u00e9\u00e2tre &amp; Magie\u00a0: Dans la peau d\u2019un ado, d\u2019un paparazzi, ou d\u2019un Marseillais \u00ab\u00a0au pays du soleil\u00a0\u00bb<br \/>\n<img alt=\"Messmer, de retour \u00e0 Marseille, au D\u00f4me, ce vendredi soir.\" loading=\"lazy\" decoding=\"async\" data-nimg=\"fill\" class=\" TwicCore_img__i9TC1 undefined  undefined\" style=\"position:absolute;height:100%;width:100%;left:0;top:0;right:0;bottom:0;color:transparent;background-size:cover;background-position:50% 50%;background-repeat:no-repeat;background-image:url(&quot;data:image\/svg+xml;charset=utf-8,%3Csvg xmlns='http:\/\/www.w3.org\/2000\/svg' %3E%3Cfilter id='b' color-interpolation-filters='sRGB'%3E%3CfeGaussianBlur stdDeviation='20'\/%3E%3CfeColorMatrix values='1 0 0 0 0 0 1 0 0 0 0 0 1 0 0 0 0 0 100 -1' result='s'\/%3E%3CfeFlood x='0' y='0' width='100%25' height='100%25'\/%3E%3CfeComposite operator='out' in='s'\/%3E%3CfeComposite in2='SourceGraphic'\/%3E%3CfeGaussianBlur stdDeviation='20'\/%3E%3C\/filter%3E%3Cimage width='100%25' height='100%25' x='0' y='0' preserveAspectRatio='none' style='filter: url(%23b);' href='https:\/\/pictures.laprovence.com\/cdn-cgi\/image\/blur=250\/media\/melody\/2025\/04\/24\/on-se-ressemble-un-peu-alors-entre-la-france-et-le-quebec-c-est-facile-pour-moi-de-m-adapter-glisse-1745504542_461658113e4766a1658113e475e165v_.jpg'\/%3E%3C\/svg%3E&quot;)\"   src=\"https:\/\/www.europesays.com\/fr\/wp-content\/uploads\/2025\/04\/on-se-ressemble-un-peu-alors-entre-la-france-et-le-quebec-c-est-facile-pour-moi-de-m-adapter-glisse-.jpeg\"\/>Messmer, de retour \u00e0 Marseille, au D\u00f4me, ce vendredi soir. \/ Photo bruno souillard<\/p>\n<p>Alors que <strong>Messmer<\/strong>, le ma\u00eetre de l\u2019hypnose, est de retour <strong>au D\u00f4me ce vendredi 25\u00a0avril<\/strong>, les petites salles marseillaises multiplient les rendez-vous. Pilier de la sc\u00e8ne marseillaise, la troupe des <strong>Cartoun Sardines<\/strong> souffle ses 45 bougies au Th\u00e9\u00e2tre des calanques\u00a0: elle pr\u00e9sentera Paparazzi de Mat\u00e9i Visniec <strong>vendredi\u00a025 et samedi 26\u00a0avril \u00e0 20 h 30 (Prix libre de 1 \u00e0 40\u20ac www.theatredescalanques.com)<\/strong> et scrutera tous les travers de notre soci\u00e9t\u00e9, un \u00ab\u00a0voyage aux fronti\u00e8res de l\u2019absurdie\u00a0\u00bb. Les personnages, qu\u2019ils aient \u00e9t\u00e9 gangster, star de cin\u00e9, paparazzi, chercheur, fonctionnaire, musicien, clochard,\u00a0etc. sont perdus dans un monde o\u00f9 la pens\u00e9e n\u2019existe plus, et vont glisser petit \u00e0 petit, au fil des heures, d\u2019une nuit sans fin vers le chaos d\u2019un jour.<\/p>\n<p><img alt=\"&quot;Gr\u00e9goire&quot;, \u00e0 voir d\u00e8s 13 ans, vendredi et samedi au th\u00e9\u00e2tre Massalia.\" loading=\"lazy\" decoding=\"async\" data-nimg=\"fill\" class=\" TwicCore_img__i9TC1 undefined  undefined\" style=\"position:absolute;height:100%;width:100%;left:0;top:0;right:0;bottom:0;color:transparent;background-size:cover;background-position:50% 50%;background-repeat:no-repeat;background-image:url(&quot;data:image\/svg+xml;charset=utf-8,%3Csvg xmlns='http:\/\/www.w3.org\/2000\/svg' %3E%3Cfilter id='b' color-interpolation-filters='sRGB'%3E%3CfeGaussianBlur stdDeviation='20'\/%3E%3CfeColorMatrix values='1 0 0 0 0 0 1 0 0 0 0 0 1 0 0 0 0 0 100 -1' result='s'\/%3E%3CfeFlood x='0' y='0' width='100%25' height='100%25'\/%3E%3CfeComposite operator='out' in='s'\/%3E%3CfeComposite in2='SourceGraphic'\/%3E%3CfeGaussianBlur stdDeviation='20'\/%3E%3C\/filter%3E%3Cimage width='100%25' height='100%25' x='0' y='0' preserveAspectRatio='none' style='filter: url(%23b);' href='https:\/\/pictures.laprovence.com\/cdn-cgi\/image\/blur=250\/media\/melody\/2025\/04\/24\/gregoire-a-voir-des-13-ans-vendredi-et-samedi-au-theatre-massalia-1745504542_f11168bdf8086f51168bdf808c9116v_.jpg'\/%3E%3C\/svg%3E&quot;)\"   src=\"https:\/\/www.europesays.com\/fr\/wp-content\/uploads\/2025\/04\/gregoire-a-voir-des-13-ans-vendredi-et-samedi-au-theatre-massalia-1745504542_f11168bdf8086f51168bdf8.jpeg\"\/>\u00ab\u00a0Gr\u00e9goire\u00a0\u00bb, \u00e0 voir d\u00e8s 13 ans, vendredi et samedi au th\u00e9\u00e2tre Massalia. \/ Photo DR<\/p>\n<p>Si les propositions enfantines sont l\u00e9gion, il est rare de trouver des propositions pour les adolescents. Ce sera le cas <strong>vendredi\u00a025 et samedi\u00a026 \u00e0 19 h au th\u00e9\u00e2tre Massalia \u00e0 La Friche (7\/10\u20ac theatremassalia.com)<\/strong> avec Gr\u00e9goire, une pi\u00e8ce qui aborde les transformations parfois difficiles de l\u2019enfance \u00e0 l\u2019adolescence, \u00e0 voir \u00e0 partir de 13\u00a0ans. Dans ce seul en sc\u00e8ne, Gr\u00e9goire incarn\u00e9 par Damien Reynal doit lire la M\u00e9tamorphose de Kafka pour son cours de fran\u00e7ais. La transformation de Gregor Samsa en cancrelat r\u00e9sonne \u00e9trangement en lui\u00a0: le surnom de Cafard qu\u2019on lui attribue au lyc\u00e9e envahit ses pens\u00e9es. Cette pi\u00e8ce mise en sc\u00e8ne par Laurent Maindon \u00e9voque ainsi le passage de l\u2019enfance \u00e0 l\u2019\u00e2ge adulte et ses difficult\u00e9s.<\/p>\n<p>Enfin <strong>samedi\u00a026 et dimanche\u00a027 \u00e0 14 h 30, le th\u00e9\u00e2tre de l\u2019Od\u00e9on (11\/31\u20ac opera-odeon.marseille.fr)<\/strong> rend hommage \u00e0 un grand nom de la chanson marseillaise de l\u2019entre-deux-guerres\u00a0: Vincent Scotto. On jouera son op\u00e9rette marseillaise, Au pays du soleil, dans lequel les personnages du livret d\u2019Alibert semblent avoir \u00e9t\u00e9 pioch\u00e9s dans le Marius de Pagnol, sorti en\u00a01931, un an avant cette op\u00e9rette.<\/p>\n<p>Humour\u00a0: Kev Adams, invit\u00e9 sp\u00e9cial au Vig\u2019s<\/p>\n<p>Trois mois apr\u00e8s son ouverture, le Vig\u2019s continue d\u2019accueillir chaque semaine de jolis noms de l\u2019humour. Ce jeudi soir, le com\u00e9die club fond\u00e9 par Gad Elmaleh recevra son voisin du Vieux-Port\u00a0: <a href=\"https:\/\/www.laprovence.com\/article\/culture-loisirs\/3540855543129414\/kev-adams-marseille-a-un-des-meilleurs-publics-de-stand-up-depuis-longtemps\" target=\"_blank\" rel=\"noopener\">Kev Adams<\/a>, qui participera \u00e0 trois plateaux d\u2019humour cons\u00e9cutifs. Si ceux de 19 h et 20 h 30 ont d\u00e9j\u00e0 fait le plein, il reste encore des places pour la <strong>s\u00e9ance de 22 h<\/strong> (<strong>20\u20ac, www.levigs.com<\/strong>). Avec l\u2019artiste vedette, quatre Marseillais sont attendus pour faire le show\u00a0: Isabelle Guiot, S\u00e9bastien Me\u00ef, Bedou et Merwan Sali.<\/p>\n<p>\u00c0 quelques pas de l\u00e0, au Com\u00e9die Club Vieux-Port, <a href=\"https:\/\/www.laprovence.com\/article\/culture-loisirs\/3204669447297915\/titoff-et-la-jeune-garde-marseillaise-de-lhumour-reunis-pour-une-soiree-de-rire-le-24-avril-2025\" target=\"_blank\" rel=\"noopener\">Titoff m\u00e8nera lui aussi un plateau stand-up, entour\u00e9 de la jeune garde marseillaise de l\u2019humour<\/a>. La s\u00e9ance est programm\u00e9e <strong>ce jeudi soir \u00e0 20 h <\/strong>(<strong>9,95\u20ac, comedieclubvieuxport.com<\/strong>). \u00ab\u00a0J\u2019ai commenc\u00e9 ici, au Vieux-Port, c\u2019est un joli clin d\u2019\u0153il. Il y a un tr\u00e8s bon niveau \u00e0 Marseille avec cette g\u00e9n\u00e9ration qui a de plus en plus de sc\u00e8nes pour s\u2019exprimer\u00a0\u00bb, nous confiait r\u00e9cemment l\u2019artiste, qui a sign\u00e9 son retour en solo sur sc\u00e8ne avec le spectacle Showbiz.<\/p>\n<p>Du c\u00f4t\u00e9 de l\u2019Art D\u00fb, la nouvelle chroniqueuse de France Inter, Amandine Lourdel, sera \u00e0 l\u2019affiche, d\u00e8s <strong>ce jeudi soir \u00e0 21 h et jusqu\u2019\u00e0 samedi<\/strong>, avec son spectacle Renvers\u00e9e (<strong>22\u20ac, lartdutheatre.fr<\/strong>). Sans \u0153ill\u00e8res, elle roule sur vos certitudes en s\u2019emparant du matrimoine comme personne, et en diss\u00e9quant m\u0153urs et appartenances. Enfin, si vous \u00eates anglophone, le <a href=\"https:\/\/www.laprovence.com\/article\/culture-loisirs\/12796894035480\/cinq-ans-apres-le-garage-comedy-a-releve-son-pari-fou-a-marseille\" target=\"_blank\" rel=\"noopener\">Garage Comedy<\/a> propose demain \u00e0 19 h 30 un com\u00e9die club dans la langue de Shakespeare, avec des artistes \u00e9trangers et proven\u00e7aux (gratuit, garage-comedy.com).<\/p>\n<p>O\u00f9 \u00e9couter de la \u00ab\u00a0zic\u00a0\u00bb ce week-end\u00a0?&#13;\n<\/p>\n<p>Anoraak en release party\u00a0aux Halles de la Major&#13;\n<\/p>\n<p><img alt=\"Anoraak. Concert de Earth Wind and Fire. En premi\u00e8re partie le DJ Anoraak - Festival des Nuits d' Istres 2022 - 060722SGT01\" loading=\"lazy\" decoding=\"async\" data-nimg=\"fill\" class=\" TwicCore_img__i9TC1 undefined  undefined\" style=\"position:absolute;height:100%;width:100%;left:0;top:0;right:0;bottom:0;color:transparent;background-size:cover;background-position:50% 50%;background-repeat:no-repeat;background-image:url(&quot;data:image\/svg+xml;charset=utf-8,%3Csvg xmlns='http:\/\/www.w3.org\/2000\/svg' %3E%3Cfilter id='b' color-interpolation-filters='sRGB'%3E%3CfeGaussianBlur stdDeviation='20'\/%3E%3CfeColorMatrix values='1 0 0 0 0 0 1 0 0 0 0 0 1 0 0 0 0 0 100 -1' result='s'\/%3E%3CfeFlood x='0' y='0' width='100%25' height='100%25'\/%3E%3CfeComposite operator='out' in='s'\/%3E%3CfeComposite in2='SourceGraphic'\/%3E%3CfeGaussianBlur stdDeviation='20'\/%3E%3C\/filter%3E%3Cimage width='100%25' height='100%25' x='0' y='0' preserveAspectRatio='none' style='filter: url(%23b);' href='https:\/\/pictures.laprovence.com\/cdn-cgi\/image\/blur=250\/media\/melody\/2025\/04\/24\/anoraak-concert-de-earth-wind-and-fire-en-premiere-partie-le-dj-anoraak-festival-des-nuits-d-istres-1745504543_e3623f530908608623f530908fb623v_.jpg'\/%3E%3C\/svg%3E&quot;)\"   src=\"https:\/\/www.europesays.com\/fr\/wp-content\/uploads\/2025\/04\/anoraak-concert-de-earth-wind-and-fire-en-premiere-partie-le-dj-anoraak-festival-des-nuits-d-istres-.jpeg\"\/>Anoraak. Concert de Earth Wind and Fire. En premi\u00e8re partie le DJ Anoraak &#8211; Festival des Nuits d&rsquo; Istres 2022 &#8211; 060722SGT01 \/ Photo Serge Gueroult<\/p>\n<p>Le collectif <a href=\"https:\/\/www.laprovence.com\/article\/culture-loisirs\/3070489852842114\/marseille-les-jardins-suspendus-fetent-leurs-10-ans-ce-samedi-20-juillet-au-parc-longchamp\" target=\"_blank\" rel=\"noopener\">Les Jardins Suspendus<\/a> promet de belles soir\u00e9es d\u2019\u00e9t\u00e9 sur la terrasse des Halles de la Major tous les vendredis. Et ce 25\u00a0avril, ce sera la release party du DJ et producteur fran\u00e7ais Anoraak qui sort un nouvel album intitul\u00e9 Golden Hour. Un dernier opus qui oscille entre morceaux dansants et plus introspectifs. L\u2019auteur du tube Behind your shades enflammera la soir\u00e9e avec sa vibe electro pop.<\/p>\n<p><strong>Vendredi de 18 h \u00e0 1 h aux Halles de La Major (2e). Gratuit.<\/strong>&#13;\n<\/p>\n<p>Quatre mini concerts \u00e0 l\u2019Estaque<\/p>\n<p>Le trio marseillais Sayat, form\u00e9 d\u2019un pianiste (Nicolas Mazmanian), un violoncelliste (Jean-Florent Gabriel) et un batteur percussionniste (Christian Bini), part sur les traces de ses origines arm\u00e9nienne et se m\u00e2tine d\u2019autres influences, classique ou musiques de films. Il se produira au Pic-Telemaque, avec d\u2019autres groupes\u00a0: Sylvie Paz et Kalliroi Raouzeou, S\u00e9bastien B\u00e9ranger, Perrine Mansuy et Fran\u00e7ois Cordas.<\/p>\n<p><strong>Dimanche de 14 h 30 \u00e0 17 h 30 au Pic, 36 mont\u00e9e Antoine Castejon (16e). 5\/12\u20ac. R\u00e9servations via info@ensemble-telemaque ou au 04\u00a091\u00a043\u00a010\u00a046.<\/strong>&#13;\n<\/p>\n<p>Double Oai, double reggae party \u00e0 La Plaine&#13;\n<\/p>\n<p><img alt=\"Laurent Garibaldi alias Gari Greu du groupe Massilia Sound System.\" loading=\"lazy\" decoding=\"async\" data-nimg=\"fill\" class=\" TwicCore_img__i9TC1 undefined  undefined\" style=\"position:absolute;height:100%;width:100%;left:0;top:0;right:0;bottom:0;color:transparent;background-size:cover;background-position:50% 50%;background-repeat:no-repeat;background-image:url(&quot;data:image\/svg+xml;charset=utf-8,%3Csvg xmlns='http:\/\/www.w3.org\/2000\/svg' %3E%3Cfilter id='b' color-interpolation-filters='sRGB'%3E%3CfeGaussianBlur stdDeviation='20'\/%3E%3CfeColorMatrix values='1 0 0 0 0 0 1 0 0 0 0 0 1 0 0 0 0 0 100 -1' result='s'\/%3E%3CfeFlood x='0' y='0' width='100%25' height='100%25'\/%3E%3CfeComposite operator='out' in='s'\/%3E%3CfeComposite in2='SourceGraphic'\/%3E%3CfeGaussianBlur stdDeviation='20'\/%3E%3C\/filter%3E%3Cimage width='100%25' height='100%25' x='0' y='0' preserveAspectRatio='none' style='filter: url(%23b);' href='https:\/\/pictures.laprovence.com\/cdn-cgi\/image\/blur=250\/media\/melody\/2025\/04\/24\/laurent-garibaldi-alias-gari-greu-du-groupe-massilia-sound-system-1745504543_3f9d5c773257653ad5c77325737ad5v_.jpg'\/%3E%3C\/svg%3E&quot;)\"   src=\"https:\/\/www.europesays.com\/fr\/wp-content\/uploads\/2025\/04\/laurent-garibaldi-alias-gari-greu-du-groupe-massilia-sound-system-1745504543_3f9d5c773257653ad5c7732.jpeg\"\/>Laurent Garibaldi alias Gari Greu du groupe Massilia Sound System. \/ Photo La Provence<\/p>\n<p>\u00c0 l\u2019occasion de la sortie de leur 45 tours Oai Reggae Party, <a href=\"https:\/\/www.laprovence.com\/article\/sorties-loisirs\/6377616\/massilia-eternel-sale-mome.html\" target=\"_blank\" rel=\"noopener\">Gari Gr\u00e8u<\/a> (MC du Massilia Sound System\/Oai Star), Toko Blaze, L\u00e9o Achenza (Raspigaous) et Rastyron (IAM, Jo Corbeau), se r\u00e9unissent pour <a href=\"https:\/\/www.laprovence.com\/article\/culture-loisirs\/3255881901595514\/sur-le-vieux-port-de-marseille-massilia-sound-system-a-mis-le-oai-pour-ses-40-ans\" target=\"_blank\" rel=\"noopener\">un \u00ab\u00a0Double Oai\u00a0\u00bb (f\u00eate)<\/a>\u00a0! Au programme\u00a0: un ap\u00e9ro chez le disquaire Galette Records, samedi \u00e0 18 h, puis concert \u00e0 21 h au Bar de la Plaine.<\/p>\n<p><strong>Samedi \u00e0 18 h chez le disquaire Galette Records, 70 rue des 3 fr\u00e8res Barth\u00e9lemy (6e), puis \u00e0 21 h au Bar de la Plaine (6e). Gratuit.<\/strong><\/p>\n","protected":false},"excerpt":{"rendered":"Les balades, activit\u00e9s sportives et bien-\u00eatre de ce week-end des 24, 25, 26 et 27\u00a0avril&#13; Entra\u00eenement pour La&hellip;\n","protected":false},"author":2,"featured_media":49906,"comment_status":"","ping_status":"","sticky":false,"template":"","format":"standard","meta":{"footnotes":""},"categories":[2814],"tags":[17,2466,13204,1111,11,251,1777,674,4560,1011,27,151,884,12,882,746,25,4064],"class_list":{"0":"post-49905","1":"post","2":"type-post","3":"status-publish","4":"format-standard","5":"has-post-thumbnail","7":"category-marseille","8":"tag-17","9":"tag-2466","10":"tag-13204","11":"tag-actu","12":"tag-actualites","13":"tag-culture","14":"tag-eu","15":"tag-europe","16":"tag-faire","17":"tag-fr","18":"tag-france","19":"tag-les","20":"tag-marseille","21":"tag-news","22":"tag-provence-alpes-cote-dazur","23":"tag-que","24":"tag-republique-francaise","25":"tag-week-end"},"share_on_mastodon":{"url":"https:\/\/pubeurope.com\/@fr\/114394564214092852","error":""},"_links":{"self":[{"href":"https:\/\/www.europesays.com\/fr\/wp-json\/wp\/v2\/posts\/49905","targetHints":{"allow":["GET"]}}],"collection":[{"href":"https:\/\/www.europesays.com\/fr\/wp-json\/wp\/v2\/posts"}],"about":[{"href":"https:\/\/www.europesays.com\/fr\/wp-json\/wp\/v2\/types\/post"}],"author":[{"embeddable":true,"href":"https:\/\/www.europesays.com\/fr\/wp-json\/wp\/v2\/users\/2"}],"replies":[{"embeddable":true,"href":"https:\/\/www.europesays.com\/fr\/wp-json\/wp\/v2\/comments?post=49905"}],"version-history":[{"count":0,"href":"https:\/\/www.europesays.com\/fr\/wp-json\/wp\/v2\/posts\/49905\/revisions"}],"wp:featuredmedia":[{"embeddable":true,"href":"https:\/\/www.europesays.com\/fr\/wp-json\/wp\/v2\/media\/49906"}],"wp:attachment":[{"href":"https:\/\/www.europesays.com\/fr\/wp-json\/wp\/v2\/media?parent=49905"}],"wp:term":[{"taxonomy":"category","embeddable":true,"href":"https:\/\/www.europesays.com\/fr\/wp-json\/wp\/v2\/categories?post=49905"},{"taxonomy":"post_tag","embeddable":true,"href":"https:\/\/www.europesays.com\/fr\/wp-json\/wp\/v2\/tags?post=49905"}],"curies":[{"name":"wp","href":"https:\/\/api.w.org\/{rel}","templated":true}]}}