{"id":499054,"date":"2025-10-30T03:07:15","date_gmt":"2025-10-30T03:07:15","guid":{"rendered":"https:\/\/www.europesays.com\/fr\/499054\/"},"modified":"2025-10-30T03:07:15","modified_gmt":"2025-10-30T03:07:15","slug":"on-sait-quel-restaurant-va-remplacer-subway","status":"publish","type":"post","link":"https:\/\/www.europesays.com\/fr\/499054\/","title":{"rendered":"on sait quel restaurant va remplacer Subway"},"content":{"rendered":"<p>            Par<br \/>\n        <strong><br \/>\n            <a href=\"https:\/\/actu.fr\/auteur\/mathias-souteyrat\" title=\"Consulter tous les articles de Mathias Souteyrat\" target=\"_blank\" rel=\"noopener\">Mathias Souteyrat<\/a><br \/>\n        <\/strong><\/p>\n<p>        Publi\u00e9 le<\/p>\n<p>            29 oct. 2025 \u00e0 10h38        <\/p>\n<p>Le <a href=\"https:\/\/actu.fr\/auvergne-rhone-alpes\/saint-etienne_42218\/saint-etienne-un-subway-ferme-subitement-les-magasins-locomotives-s-en-vont_61619101.html\" target=\"_blank\" rel=\"noopener\">Subway<\/a> situ\u00e9 au <a href=\"https:\/\/actu.fr\/tag\/centre-commercial-centre-deux\" target=\"_blank\" rel=\"noopener\">centre commercial de Centre Deux<\/a> \u00e0 <a href=\"https:\/\/actu.fr\/saint-etienne\/\" target=\"_blank\" rel=\"noopener\">Saint-Etienne<\/a> a baiss\u00e9 d\u00e9finitivement le rideau en septembre\u00a02024. Un an apr\u00e8s, le nom de son rempla\u00e7ant est connu. Et c\u2019est un nouveau restaurant.<\/p>\n<p>\u00ab\u2009Le premier fast-food diet \u00e0 ouvrir dans un centre commercial en France\u2009\u00bb<\/p>\n<p class=\" wall-content\">Il s\u2019agit de l\u2019\u00e9tablissement ind\u00e9pendant <strong>Fast&amp;Diet, <\/strong>nous confirme Kl\u00e9pierre, g\u00e9rant de Centre Deux. L\u2019\u00e9tablissement ouvrira le <strong>3\u00a0novembre 2025<\/strong> au niveau 0 \u00e0 la place donc de Subway.<\/p>\n<blockquote class=\"ac-article-quote wall-content\">\n<p>Des burgers, des wraps et des bowls \u00e9quilibr\u00e9s et prot\u00e9in\u00e9s. Fast &amp; Diet te permet de suivre ta diet personnalis\u00e9e au gramme pr\u00e8s ! Que tu sois en s\u00e8che, en prise de masse ou que tu veuilles simplement manger plus sain, ton repas est 100% adapt\u00e9 \u00e0 tes objectifs. Fast &amp; Diet devient le restaurant healthy des sportifs \u00e0 Saint-\u00c9tienne.<\/p>\n<p>    <strong>Fast &amp; Diet<\/strong>\n            <\/p><\/blockquote>\n<p class=\" wall-content\">Selon les g\u00e9rants, il s\u2019agit du \u00ab\u2009premier fast-food diet \u00e0 ouvrir dans un centre commercial en France\u2009\u00bb. Toutes les viandes seront halal.<\/p>\n<p>Sur place, \u00e0 emporter ou en livraison.<\/p>\n<p>Une cellule commerciale d\u00e9di\u00e9e \u00e0 l\u2019emploi<\/p>\n<p class=\" wall-content\">Pour les nouveaut\u00e9s du centre commercial, la cellule du Pont vers l\u2019Emploi, install\u00e9e dans l\u2019ancien magasin BodyMinute,<strong> en face d\u2019Auchan<\/strong>, ouvrira ses portes \u00e0 partir du 5\u00a0novembre.<\/p>\n<blockquote class=\"ac-article-quote wall-content\">\n<p>Nous avons souhait\u00e9 lancer un projet en phase avec les besoins des St\u00e9phanois. Centre Deux, lieu de vie et de rencontres, est id\u00e9al pour devenir un point de rendez-vous autour de l\u2019emploi. Nous sommes fiers de mettre notre \u00e9nergie au service de cette initiative solidaire et utile au territoire.<\/p>\n<p>    <strong>Amandine Seguin<\/strong><br \/>\n        directrice du centre commercial Centre Deux    <\/p><\/blockquote>\n<p>Votre r\u00e9gion, votre actu !<\/p>\n<p>Recevez chaque jour les infos qui comptent pour vous.<\/p>\n<p>\t<a href=\"https:\/\/actu.fr\/newsletter\" class=\"ac-btn ac-btn--corner ac-btn--medium ac-btn--blue800\" target=\"_blank\" rel=\"noopener\">S&rsquo;incrire<\/a><\/p>\n<p class=\" wall-content\">Ce lieu restera d\u00e9di\u00e9 \u00e0 l\u2019emploi \u00e0 l\u2019avenir et accueillera diff\u00e9rentes permanences pour accompagner les St\u00e9phanois dans leur recherche d\u2019emploi.<\/p>\n<p class=\" wall-content\">Personnalisez votre actualit\u00e9 en ajoutant vos villes et m\u00e9dias en favori avec <a href=\"https:\/\/moncompte.actu.fr\" title=\"D\u00e9couvez Mon Actu\" rel=\"nofollow noopener\" data-trk=\"{&quot;cta&quot;:{&quot;action&quot;:&quot;https:\\\/\\\/moncompte.actu.fr&quot;,&quot;category&quot;:&quot;mon compte&quot;,&quot;from&quot;:&quot;article footer&quot;,&quot;name&quot;:&quot;Mon actu&quot;,&quot;type&quot;:&quot;cta&quot;}}\" target=\"_blank\">Mon Actu<\/a>.<\/p>\n","protected":false},"excerpt":{"rendered":"Par Mathias Souteyrat Publi\u00e9 le 29 oct. 2025 \u00e0 10h38 Le Subway situ\u00e9 au centre commercial de Centre&hellip;\n","protected":false},"author":2,"featured_media":499055,"comment_status":"","ping_status":"","sticky":false,"template":"","format":"standard","meta":{"footnotes":""},"categories":[9653],"tags":[1111,11,2430,16732,33,1777,674,1011,27,12,3147,25,1340,4001],"class_list":{"0":"post-499054","1":"post","2":"type-post","3":"status-publish","4":"format-standard","5":"has-post-thumbnail","7":"category-saint-etienne","8":"tag-actu","9":"tag-actualites","10":"tag-auvergne-rhone-alpes","11":"tag-centre-commercial-centre-deux","12":"tag-economie","13":"tag-eu","14":"tag-europe","15":"tag-fr","16":"tag-france","17":"tag-news","18":"tag-nouveaux-commerces","19":"tag-republique-francaise","20":"tag-restaurant","21":"tag-saint-etienne"},"share_on_mastodon":{"url":"https:\/\/pubeurope.com\/@fr\/115460914789248443","error":""},"_links":{"self":[{"href":"https:\/\/www.europesays.com\/fr\/wp-json\/wp\/v2\/posts\/499054","targetHints":{"allow":["GET"]}}],"collection":[{"href":"https:\/\/www.europesays.com\/fr\/wp-json\/wp\/v2\/posts"}],"about":[{"href":"https:\/\/www.europesays.com\/fr\/wp-json\/wp\/v2\/types\/post"}],"author":[{"embeddable":true,"href":"https:\/\/www.europesays.com\/fr\/wp-json\/wp\/v2\/users\/2"}],"replies":[{"embeddable":true,"href":"https:\/\/www.europesays.com\/fr\/wp-json\/wp\/v2\/comments?post=499054"}],"version-history":[{"count":0,"href":"https:\/\/www.europesays.com\/fr\/wp-json\/wp\/v2\/posts\/499054\/revisions"}],"wp:featuredmedia":[{"embeddable":true,"href":"https:\/\/www.europesays.com\/fr\/wp-json\/wp\/v2\/media\/499055"}],"wp:attachment":[{"href":"https:\/\/www.europesays.com\/fr\/wp-json\/wp\/v2\/media?parent=499054"}],"wp:term":[{"taxonomy":"category","embeddable":true,"href":"https:\/\/www.europesays.com\/fr\/wp-json\/wp\/v2\/categories?post=499054"},{"taxonomy":"post_tag","embeddable":true,"href":"https:\/\/www.europesays.com\/fr\/wp-json\/wp\/v2\/tags?post=499054"}],"curies":[{"name":"wp","href":"https:\/\/api.w.org\/{rel}","templated":true}]}}