{"id":499058,"date":"2025-10-30T03:09:29","date_gmt":"2025-10-30T03:09:29","guid":{"rendered":"https:\/\/www.europesays.com\/fr\/499058\/"},"modified":"2025-10-30T03:09:29","modified_gmt":"2025-10-30T03:09:29","slug":"meurthe-et-moselle-pour-halloween-les-pirates-a-labordage-du-jardin-botanique-jean-marie-pelt","status":"publish","type":"post","link":"https:\/\/www.europesays.com\/fr\/499058\/","title":{"rendered":"Meurthe-et-Moselle. Pour Halloween, les pirates \u00e0 l\u2019abordage du jardin botanique Jean-Marie Pelt"},"content":{"rendered":"<p>La noix de coco a une sale t\u00eate\u00a0! Si, si. Regardez-la de plus pr\u00e8s\u00a0: \u00ab\u00a0Avec ses trois trous, on lui devine un visage, vraiment pas tr\u00e8s engageant.\u00a0\u00bb<\/p>\n<p>Il faut sans doute un peu d\u2019imagination, mais qui n\u2019en a pas peut passer son chemin, en cette p\u00e9riode o\u00f9 sont convoqu\u00e9s monstres, cr\u00e9atures improbables, apparitions fantaisistes et toutes ces visions d\u2019horreur pour rire qui font la&#8230;<\/p>\n","protected":false},"excerpt":{"rendered":"La noix de coco a une sale t\u00eate\u00a0! Si, si. Regardez-la de plus pr\u00e8s\u00a0: \u00ab\u00a0Avec ses trois trous,&hellip;\n","protected":false},"author":2,"featured_media":499059,"comment_status":"","ping_status":"","sticky":false,"template":"","format":"standard","meta":{"footnotes":""},"categories":[9635],"tags":[1111,11,1687,1704,1777,674,1011,27,775,10262,1702,12,25,10261],"class_list":{"0":"post-499058","1":"post","2":"type-post","3":"status-publish","4":"format-standard","5":"has-post-thumbnail","7":"category-nancy","8":"tag-actu","9":"tag-actualites","10":"tag-culture-loisirs","11":"tag-edition-nancy-et-agglomeration","12":"tag-eu","13":"tag-europe","14":"tag-fr","15":"tag-france","16":"tag-grand-est","17":"tag-metropole-du-grand-nancy-54b5","18":"tag-nancy","19":"tag-news","20":"tag-republique-francaise","21":"tag-villers-les-nancy"},"share_on_mastodon":{"url":"https:\/\/pubeurope.com\/@fr\/115460922594886693","error":""},"_links":{"self":[{"href":"https:\/\/www.europesays.com\/fr\/wp-json\/wp\/v2\/posts\/499058","targetHints":{"allow":["GET"]}}],"collection":[{"href":"https:\/\/www.europesays.com\/fr\/wp-json\/wp\/v2\/posts"}],"about":[{"href":"https:\/\/www.europesays.com\/fr\/wp-json\/wp\/v2\/types\/post"}],"author":[{"embeddable":true,"href":"https:\/\/www.europesays.com\/fr\/wp-json\/wp\/v2\/users\/2"}],"replies":[{"embeddable":true,"href":"https:\/\/www.europesays.com\/fr\/wp-json\/wp\/v2\/comments?post=499058"}],"version-history":[{"count":0,"href":"https:\/\/www.europesays.com\/fr\/wp-json\/wp\/v2\/posts\/499058\/revisions"}],"wp:featuredmedia":[{"embeddable":true,"href":"https:\/\/www.europesays.com\/fr\/wp-json\/wp\/v2\/media\/499059"}],"wp:attachment":[{"href":"https:\/\/www.europesays.com\/fr\/wp-json\/wp\/v2\/media?parent=499058"}],"wp:term":[{"taxonomy":"category","embeddable":true,"href":"https:\/\/www.europesays.com\/fr\/wp-json\/wp\/v2\/categories?post=499058"},{"taxonomy":"post_tag","embeddable":true,"href":"https:\/\/www.europesays.com\/fr\/wp-json\/wp\/v2\/tags?post=499058"}],"curies":[{"name":"wp","href":"https:\/\/api.w.org\/{rel}","templated":true}]}}