{"id":499060,"date":"2025-10-30T03:11:27","date_gmt":"2025-10-30T03:11:27","guid":{"rendered":"https:\/\/www.europesays.com\/fr\/499060\/"},"modified":"2025-10-30T03:11:27","modified_gmt":"2025-10-30T03:11:27","slug":"direct-las-nancy-lorraine-renoue-avec-la-victoire-face-a-bastia-2","status":"publish","type":"post","link":"https:\/\/www.europesays.com\/fr\/499060\/","title":{"rendered":"Direct. L&rsquo;AS Nancy-Lorraine\u00a0renoue avec la victoire face \u00e0 Bastia \u00a0!"},"content":{"rendered":"<p>En perte de vitesse depuis quelques semaines, l&rsquo;ASNL\u00a0a r\u00e9ussi \u00e0 r\u00e9agir ce mardi soir face \u00e0\u00a0Bastia, la lanterne rouge.\u00a0Bokangu avait id\u00e9alement lanc\u00e9 les Nanc\u00e9iens au quart d&rsquo;heure de jeu d&rsquo;un ext\u00e9rieur sublime. La suite a \u00e9t\u00e9 plus poussive, mais Saint-Ruf est venu mettre ses couleurs \u00e0 l&rsquo;abri \u00e0 la 93e minute \u00a0!<\/p>\n<p>&#13;<br \/>\n              Adrien Richard &#8211; &#13;<br \/>\n        &#13;<br \/>\n          28 oct. 2025 \u00e0 11:52&#13;<br \/>\n    &#13;<br \/>\n                  | mis \u00e0 jour hier \u00e0 09:44&#13;<br \/>\n              &#8211; Temps de lecture : &#13;<br \/>\n  &#13;<\/p>\n","protected":false},"excerpt":{"rendered":"En perte de vitesse depuis quelques semaines, l&rsquo;ASNL\u00a0a r\u00e9ussi \u00e0 r\u00e9agir ce mardi soir face \u00e0\u00a0Bastia, la lanterne&hellip;\n","protected":false},"author":2,"featured_media":497526,"comment_status":"","ping_status":"","sticky":false,"template":"","format":"standard","meta":{"footnotes":""},"categories":[9635],"tags":[1111,11,3703,3545,1777,674,107,1701,1795,63,1011,27,775,1702,12,25,517,1700],"class_list":{"0":"post-499060","1":"post","2":"type-post","3":"status-publish","4":"format-standard","5":"has-post-thumbnail","7":"category-nancy","8":"tag-actu","9":"tag-actualites","10":"tag-asnl","11":"tag-direct-sport","12":"tag-eu","13":"tag-europe","14":"tag-fil-info","15":"tag-fil-info-sport","16":"tag-fil-web","17":"tag-football","18":"tag-fr","19":"tag-france","20":"tag-grand-est","21":"tag-nancy","22":"tag-news","23":"tag-republique-francaise","24":"tag-sport","25":"tag-sport-lorrain"},"share_on_mastodon":{"url":"https:\/\/pubeurope.com\/@fr\/115460930456616463","error":""},"_links":{"self":[{"href":"https:\/\/www.europesays.com\/fr\/wp-json\/wp\/v2\/posts\/499060","targetHints":{"allow":["GET"]}}],"collection":[{"href":"https:\/\/www.europesays.com\/fr\/wp-json\/wp\/v2\/posts"}],"about":[{"href":"https:\/\/www.europesays.com\/fr\/wp-json\/wp\/v2\/types\/post"}],"author":[{"embeddable":true,"href":"https:\/\/www.europesays.com\/fr\/wp-json\/wp\/v2\/users\/2"}],"replies":[{"embeddable":true,"href":"https:\/\/www.europesays.com\/fr\/wp-json\/wp\/v2\/comments?post=499060"}],"version-history":[{"count":0,"href":"https:\/\/www.europesays.com\/fr\/wp-json\/wp\/v2\/posts\/499060\/revisions"}],"wp:featuredmedia":[{"embeddable":true,"href":"https:\/\/www.europesays.com\/fr\/wp-json\/wp\/v2\/media\/497526"}],"wp:attachment":[{"href":"https:\/\/www.europesays.com\/fr\/wp-json\/wp\/v2\/media?parent=499060"}],"wp:term":[{"taxonomy":"category","embeddable":true,"href":"https:\/\/www.europesays.com\/fr\/wp-json\/wp\/v2\/categories?post=499060"},{"taxonomy":"post_tag","embeddable":true,"href":"https:\/\/www.europesays.com\/fr\/wp-json\/wp\/v2\/tags?post=499060"}],"curies":[{"name":"wp","href":"https:\/\/api.w.org\/{rel}","templated":true}]}}