{"id":499065,"date":"2025-10-30T03:19:33","date_gmt":"2025-10-30T03:19:33","guid":{"rendered":"https:\/\/www.europesays.com\/fr\/499065\/"},"modified":"2025-10-30T03:19:33","modified_gmt":"2025-10-30T03:19:33","slug":"ou-voir-rouen-vs-villefranche-sur-quelle-chaine-en-streaming","status":"publish","type":"post","link":"https:\/\/www.europesays.com\/fr\/499065\/","title":{"rendered":"O\u00f9 voir Rouen vs Villefranche, sur quelle cha\u00eene en streaming ?"},"content":{"rendered":"<p>Le choc entre <strong>Rouen et Villefranche<\/strong>, comptant pour la 12e journ\u00e9e de National, se tiendra le <strong>samedi 1er novembre 2025<\/strong> au Stade Robert Diochon. Les deux \u00e9quipes esp\u00e8rent marquer des points pr\u00e9cieux dans cette rencontre d\u00e9cisive. Le coup d\u2019envoi est pr\u00e9vu \u00e0 <strong>16:00<\/strong>, un rendez-vous \u00e0 ne pas manquer pour les amateurs de football fran\u00e7ais.<\/p>\n<p class=\"ftx-auto-aff\" style=\"text-align:center;margin:24px 0;\">\n    <a href=\"https:\/\/action.metaffiliation.com\/trk.php?mclic=P4F53157E7E91B1\" target=\"_blank\" rel=\"sponsored noopener nofollow external noreferrer\" data-wpel-link=\"external\"><br \/>\n      <img src=\"data:image\/svg+xml,%3Csvg%20xmlns=\" http:=\"\" alt=\"Banni\u00e8re partenaire\" decoding=\"async\" style=\"max-width:100%;height:auto;\" data-lazy-src=\"https:\/\/www.europesays.com\/fr\/wp-content\/uploads\/2025\/09\/trk\"\/><br \/>\n    <\/a>\n  <\/p>\n<p>O\u00f9 regarder le match ?<\/p>\n<p>La rencontre <strong>Rouen vs Villefranche<\/strong> sera <strong>diffus\u00e9e en direct sur YouTube<\/strong>, accessible gratuitement en France. Pour les habitants de la r\u00e9gion lyonnaise, <strong>BFM Lyon<\/strong> retransmettra \u00e9galement le match \u00e0 la t\u00e9l\u00e9vision. C\u2019est l\u2019occasion id\u00e9ale de suivre les performances des deux clubs engag\u00e9s en National, sans abonnement ni frais suppl\u00e9mentaires.<\/p>\n<p>Ce match est un rendez-vous important pour les supporters des deux camps ainsi que pour tous les fans de football national. Gr\u00e2ce \u00e0 cette diffusion accessible, il est facile de rester connect\u00e9s \u00e0 l\u2019enjeu de cette 12e journ\u00e9e.<\/p>\n<p>Comment suivre la rencontre<\/p>\n<p>Pour visionner le match en streaming sur YouTube, il vous suffit de vous rendre sur la cha\u00eene officielle qui retransmet les matchs du championnat National. Aucune inscription payante n\u2019est requise.<\/p>\n<p>Nous vous conseillons de vous connecter <strong>d\u00e8s 16:00<\/strong> pour suivre l\u2019avant-match, les compositions d\u2019\u00e9quipes et les premi\u00e8res analyses. Vous pourrez ainsi vivre l\u2019int\u00e9gralit\u00e9 de la rencontre, du coup d\u2019envoi au coup de sifflet final, en profitant d\u2019une qualit\u00e9 de diffusion optimale.<\/p>\n<p>Replay disponible ?<\/p>\n<p>Le match <strong>Rouen \u2013 Villefranche<\/strong> sera disponible en replay sur YouTube apr\u00e8s sa diffusion en direct. Cela permet \u00e0 ceux qui n\u2019ont pas pu suivre le direct de voir ou revoir la rencontre quand ils le souhaitent. Le replay est consultable gratuitement, directement sur la plateforme de streaming.<\/p>\n<p>Les infos essentielles du match<\/p>\n<ul>\n<li><strong>Date &amp; heure :<\/strong> Samedi 1er novembre 2025 \u00e0 16:00<\/li>\n<li><strong>Lieu :<\/strong> Stade Robert Diochon<\/li>\n<li><strong>Cha\u00eene :<\/strong> YouTube et BFM Lyon<\/li>\n<li><strong>Avant-match :<\/strong> D\u00e8s 16:00 pour suivre les analyses et compositions<\/li>\n<li><strong>Replay :<\/strong> Accessible gratuitement sur YouTube apr\u00e8s la diffusion<\/li>\n<\/ul>\n<p>  Derniers actualit\u00e9s chaudes<\/p>\n<p>       <img loading=\"lazy\" decoding=\"async\" src=\"data:image\/svg+xml,%3Csvg%20xmlns=\" http:=\"\" width=\"150\" height=\"150\" data-lazy- alt=\"Antoine Burdin\" class=\"avatar avatar-150 wp-user-avatar wp-user-avatar-150 alignnone photo\" data-lazy-src=\"https:\/\/www.europesays.com\/fr\/wp-content\/uploads\/2025\/05\/antoine-burdin-150x150.png\"\/>    <\/p>\n<p>                        R\u00e9dig\u00e9 par <a href=\"https:\/\/www.footix.fr\/author\/antoineburdin\/\" data-wpel-link=\"internal\" rel=\"nofollow noopener\" target=\"_blank\">Antoine Burdin<\/a> le 28\/10\/2025<\/p>\n<p>&#13;<br \/>\n                &#13;<br \/>\n                   Antoine Burdin, r\u00e9dacteur passionn\u00e9 du blog footix.fr, est un auteur chevronn\u00e9 et fervent fan de football. Avec une expertise in\u00e9gal\u00e9e dans le monde du football, il a accumul\u00e9 une exp\u00e9rience pr\u00e9cieuse en couvrant les matchs, les \u00e9quipes et les joueurs. Sa plume captivante et son amour ind\u00e9fectible pour le sport en font un chroniqueur incontournable pour tous les passionn\u00e9s du ballon rond.                &#13;\n            <\/p>\n<p>            <a target=\"_blank\" rel=\"nofollow external noopener noreferrer\" href=\"https:\/\/www.linkedin.com\/in\/antoine-burdin\/\" data-wpel-link=\"external\">      <\/a><\/p>\n","protected":false},"excerpt":{"rendered":"Le choc entre Rouen et Villefranche, comptant pour la 12e journ\u00e9e de National, se tiendra le samedi 1er&hellip;\n","protected":false},"author":2,"featured_media":499066,"comment_status":"","ping_status":"","sticky":false,"template":"","format":"standard","meta":{"footnotes":""},"categories":[9587],"tags":[1111,11,1777,674,1011,27,12,5161,25,9590],"class_list":{"0":"post-499065","1":"post","2":"type-post","3":"status-publish","4":"format-standard","5":"has-post-thumbnail","7":"category-rouen","8":"tag-actu","9":"tag-actualites","10":"tag-eu","11":"tag-europe","12":"tag-fr","13":"tag-france","14":"tag-news","15":"tag-normandie","16":"tag-republique-francaise","17":"tag-rouen"},"share_on_mastodon":{"url":"https:\/\/pubeurope.com\/@fr\/115460961948816424","error":""},"_links":{"self":[{"href":"https:\/\/www.europesays.com\/fr\/wp-json\/wp\/v2\/posts\/499065","targetHints":{"allow":["GET"]}}],"collection":[{"href":"https:\/\/www.europesays.com\/fr\/wp-json\/wp\/v2\/posts"}],"about":[{"href":"https:\/\/www.europesays.com\/fr\/wp-json\/wp\/v2\/types\/post"}],"author":[{"embeddable":true,"href":"https:\/\/www.europesays.com\/fr\/wp-json\/wp\/v2\/users\/2"}],"replies":[{"embeddable":true,"href":"https:\/\/www.europesays.com\/fr\/wp-json\/wp\/v2\/comments?post=499065"}],"version-history":[{"count":0,"href":"https:\/\/www.europesays.com\/fr\/wp-json\/wp\/v2\/posts\/499065\/revisions"}],"wp:featuredmedia":[{"embeddable":true,"href":"https:\/\/www.europesays.com\/fr\/wp-json\/wp\/v2\/media\/499066"}],"wp:attachment":[{"href":"https:\/\/www.europesays.com\/fr\/wp-json\/wp\/v2\/media?parent=499065"}],"wp:term":[{"taxonomy":"category","embeddable":true,"href":"https:\/\/www.europesays.com\/fr\/wp-json\/wp\/v2\/categories?post=499065"},{"taxonomy":"post_tag","embeddable":true,"href":"https:\/\/www.europesays.com\/fr\/wp-json\/wp\/v2\/tags?post=499065"}],"curies":[{"name":"wp","href":"https:\/\/api.w.org\/{rel}","templated":true}]}}