{"id":499090,"date":"2025-10-30T03:41:34","date_gmt":"2025-10-30T03:41:34","guid":{"rendered":"https:\/\/www.europesays.com\/fr\/499090\/"},"modified":"2025-10-30T03:41:34","modified_gmt":"2025-10-30T03:41:34","slug":"ligue-1-pourtant-dominateur-le-toulouse-fc-se-fait-peur-et-arrache-le-nul-contre-rennes","status":"publish","type":"post","link":"https:\/\/www.europesays.com\/fr\/499090\/","title":{"rendered":"Ligue 1. Pourtant dominateur, le Toulouse FC se fait peur et arrache le nul contre Rennes"},"content":{"rendered":"<p>            Par<br \/>\n        <strong><br \/>\n            <a href=\"https:\/\/actu.fr\/auteur\/pateau-adrien\" title=\"Consulter tous les articles de Pateau Adrien\" target=\"_blank\" rel=\"noopener\">Pateau Adrien<\/a><br \/>\n        <\/strong><\/p>\n<p>        Publi\u00e9 le<\/p>\n<p>            29 oct. 2025 \u00e0 23h00<br \/>\n        ; mis \u00e0 jour le 29 oct. 2025 \u00e0 23h03    <\/p>\n<p>C\u2019\u00e9tait une soir\u00e9e de frissons. <a href=\"https:\/\/actu.fr\/tag\/toulouse-football-club-tfc\" target=\"_blank\" rel=\"noopener\">Toulouse<\/a> s\u2019\u00e9tait laiss\u00e9 devancer, avant de rattraper <strong>Rennes <\/strong>(2-2). R\u00e9cit d\u2019une belle prestation collective, ternie par deux petites maladresses individuelles. Cinq minutes ont suffi pour plomber la prestation du T\u00e9F\u00e9C\u00e9.<\/p>\n<p>Une entame ouverte et plut\u00f4t joueuse<\/p>\n<p class=\" wall-content\">Le match d\u00e9bute sous des auspices festifs. Les enfants accompagnant les joueurs sur le terrain portent tous des d\u00e9guisements horrifiques. Le maillot toulousain arbore un flocage sp\u00e9cial Halloween. Les Indians enclenchent de grands fumig\u00e8nes \u00e9carlates. Toutefois, les festivit\u00e9s laissent place \u00e0 la d\u00e9ception : un penalty est siffl\u00e9 puis annul\u00e9 par la VAR, apr\u00e8s une intervention de Rongier sur Magri, qui aurait cherch\u00e9 la faute (14e).<\/p>\n<p class=\" wall-content\">Le jeu est plus plaisant \u00e0 voir que face \u00e0 <a href=\"https:\/\/actu.fr\/occitanie\/toulouse_31555\/ligue-1-le-toulouse-fc-dejoue-et-chute-a-monaco-au-terme-d-un-match-sans-panache_63352327.html\" target=\"_blank\" rel=\"noopener\">Monaco<\/a>. Les \u00e9quipes se rendent coup pour coup. En d\u00e9fense, Charlie Cresswell est intraitable. En attaque, Yann Gboho virevolte et touche m\u00eame le montant (32e) avant de se manquer sur un magnifique centre de Sidib\u00e9 (33e). Score \u00e0 la mi-temps : 0-0.<\/p>\n<p class=\" wall-content\">\n<p>Le Cresswell Show<\/p>\n<p class=\" wall-content\">Au retour, Cresswell redouble les interventions miracles pour pr\u00e9server les siens. Seulement, une passe mal assur\u00e9e d\u2019Abu Francis permet \u00e0 <strong>Est\u00e9ban Lepaul<\/strong> de tromper un Guillaume Restes jusque-l\u00e0 irr\u00e9prochable (49e). Mark McKenzie, f\u00e9brile jusque-l\u00e0, glisse ensuite et permet au m\u00eame Lepaul de s\u2019emparer du ballon et de lancer <strong>Mousa Al-Tamari<\/strong>, qui alourdit la marque (54e). Ce n\u2019est pas fini, semble crier <strong>Charlie Cresswell<\/strong> aux supporters et \u00e0 ses co\u00e9quipiers. Aussi, qui de mieux que le meilleur toulousain (de loin) pour relancer le match ? Le d\u00e9fenseur, en position d\u2019avant-centre, croise son tir et fait trembler les filets apr\u00e8s une passe de Gboho (58e).<\/p>\n<p class=\" wall-content\">Le Tef se met \u00e0 encha\u00eener les occasions. L\u2019\u00e9galisation parait si proche, et pourtant, elle est si loin tant les visiteurs tiennent bon. Enfin, jusqu\u2019\u00e0 un tacle breton dans la surface de r\u00e9paration. La faute est identique \u00e0 celle survenue lors du premier acte. Cette fois, la VAR valide le p\u00e9nalty. Le flamboyant <strong>Aron Donnum<\/strong>, arm\u00e9 de son sang-froid et de son temps d\u2019arr\u00eat \u00e0 la limite du r\u00e9glementaire et du fair-play, ne tremble pas (85e). L\u2019attaque occitane et Guillaume Restes font durer le spectacle jusqu\u2019au bout, mais ils ne repartent qu\u2019avec un point.\u00a0<\/p>\n<p>Vid\u00e9os : en ce moment sur Actu<\/p>\n<p class=\" wall-content\">\n<p class=\" wall-content\">Le prochain match du TFC sera contre <strong>Le Havre<\/strong>, dimanche 2 novembre \u00e0 17h15, au Stadium.<\/p>\n<p class=\" wall-content\">Personnalisez votre actualit\u00e9 en ajoutant vos villes et m\u00e9dias en favori avec <a href=\"https:\/\/moncompte.actu.fr\" title=\"D\u00e9couvez Mon Actu\" rel=\"nofollow noopener\" data-trk=\"{&quot;cta&quot;:{&quot;action&quot;:&quot;https:\\\/\\\/moncompte.actu.fr&quot;,&quot;category&quot;:&quot;mon compte&quot;,&quot;from&quot;:&quot;article footer&quot;,&quot;name&quot;:&quot;Mon actu&quot;,&quot;type&quot;:&quot;cta&quot;}}\" target=\"_blank\">Mon Actu<\/a>.<\/p>\n","protected":false},"excerpt":{"rendered":"Par Pateau Adrien Publi\u00e9 le 29 oct. 2025 \u00e0 23h00 ; mis \u00e0 jour le 29 oct. 2025&hellip;\n","protected":false},"author":2,"featured_media":499091,"comment_status":"","ping_status":"","sticky":false,"template":"","format":"standard","meta":{"footnotes":""},"categories":[2816],"tags":[1111,11,1777,674,63,1011,27,66,12,2680,25,60,2312,4159],"class_list":{"0":"post-499090","1":"post","2":"type-post","3":"status-publish","4":"format-standard","5":"has-post-thumbnail","7":"category-toulouse","8":"tag-actu","9":"tag-actualites","10":"tag-eu","11":"tag-europe","12":"tag-football","13":"tag-fr","14":"tag-france","15":"tag-ligue-1","16":"tag-news","17":"tag-occitanie","18":"tag-republique-francaise","19":"tag-sports","20":"tag-toulouse","21":"tag-toulouse-football-club-tfc"},"share_on_mastodon":{"url":"https:\/\/pubeurope.com\/@fr\/115461048425068666","error":""},"_links":{"self":[{"href":"https:\/\/www.europesays.com\/fr\/wp-json\/wp\/v2\/posts\/499090","targetHints":{"allow":["GET"]}}],"collection":[{"href":"https:\/\/www.europesays.com\/fr\/wp-json\/wp\/v2\/posts"}],"about":[{"href":"https:\/\/www.europesays.com\/fr\/wp-json\/wp\/v2\/types\/post"}],"author":[{"embeddable":true,"href":"https:\/\/www.europesays.com\/fr\/wp-json\/wp\/v2\/users\/2"}],"replies":[{"embeddable":true,"href":"https:\/\/www.europesays.com\/fr\/wp-json\/wp\/v2\/comments?post=499090"}],"version-history":[{"count":0,"href":"https:\/\/www.europesays.com\/fr\/wp-json\/wp\/v2\/posts\/499090\/revisions"}],"wp:featuredmedia":[{"embeddable":true,"href":"https:\/\/www.europesays.com\/fr\/wp-json\/wp\/v2\/media\/499091"}],"wp:attachment":[{"href":"https:\/\/www.europesays.com\/fr\/wp-json\/wp\/v2\/media?parent=499090"}],"wp:term":[{"taxonomy":"category","embeddable":true,"href":"https:\/\/www.europesays.com\/fr\/wp-json\/wp\/v2\/categories?post=499090"},{"taxonomy":"post_tag","embeddable":true,"href":"https:\/\/www.europesays.com\/fr\/wp-json\/wp\/v2\/tags?post=499090"}],"curies":[{"name":"wp","href":"https:\/\/api.w.org\/{rel}","templated":true}]}}