{"id":499094,"date":"2025-10-30T03:44:15","date_gmt":"2025-10-30T03:44:15","guid":{"rendered":"https:\/\/www.europesays.com\/fr\/499094\/"},"modified":"2025-10-30T03:44:15","modified_gmt":"2025-10-30T03:44:15","slug":"deux-hommes-armes-dun-couteau-et-dun-pistolet-interpelles-a-marseille-apres-une-bagarre","status":"publish","type":"post","link":"https:\/\/www.europesays.com\/fr\/499094\/","title":{"rendered":"Deux hommes arm\u00e9s d\u2019un couteau et d\u2019un pistolet interpell\u00e9s \u00e0 Marseille apr\u00e8s une bagarre"},"content":{"rendered":"<p>Deux hommes de 31 et 32\u00a0ans ont \u00e9t\u00e9 interpell\u00e9s \u00e0 Marseille apr\u00e8s une bagarre survenue dans la soir\u00e9e de dimanche 26\u00a0octobre 2025. D\u2019apr\u00e8s les informations de <a href=\"https:\/\/www.laprovence.com\/article\/faits-divers-justice\/5804177422128914\/poursuivi-par-un-homme-arme-dun-couteau-un-employe-de-bar-sort-un-pistolet-a-marseille\" target=\"_blank\" rel=\"noopener\"> La Provence <\/a>, ils avaient eu un diff\u00e9rend plus t\u00f4t dans la journ\u00e9e concernant la s\u0153ur d\u2019un des protagonistes.<\/p>\n<p>Quelques heures plus tard, dans le IVe\u00a0arrondissement, le fr\u00e8re, arm\u00e9 d\u2019un couteau, a tent\u00e9 de s\u2019en prendre au second individu, le pourchassant. Celui-ci a alors pris la fuite, se r\u00e9fugiant dans un bar-tabac, d\u2019o\u00f9 il est ressorti avec un pistolet.<\/p>\n<p>Garde \u00e0 vue et armes saisies<\/p>\n<p>Une rixe a \u00e9clat\u00e9, sans que des coups de couteau ou de pistolet ne soient donn\u00e9s. Les deux hommes ont \u00e9t\u00e9 arr\u00eat\u00e9s et plac\u00e9s en garde \u00e0 vue. Les deux armes ont \u00e9t\u00e9 saisies, le pistolet n\u2019\u00e9tait en r\u00e9alit\u00e9 qu\u2019un pistolet d\u2019alarme.<\/p>\n<p><a href=\"https:\/\/marseille.maville.com\/actu\/actudet_-retrouve-inanime-en-pleine-rue-un-homme-hospitalise-entre-la-vie-et-la-mort-a-marseille-_53546-7040221_actu.Htm\" target=\"_self\" rel=\"noopener\">La nuit pr\u00e9c\u00e9dente, toujours \u00e0 Marseille, un homme a \u00e9t\u00e9 retrouv\u00e9 inanim\u00e9 en pleine rue<\/a>. Victime de coups, il a \u00e9t\u00e9 hospitalis\u00e9 en urgence, entre la vie et la mort. Une enqu\u00eate a \u00e9t\u00e9 ouverte pour d\u00e9terminer les circonstances des faits.<\/p>\n<p>\u00a0<\/p>\n","protected":false},"excerpt":{"rendered":"Deux hommes de 31 et 32\u00a0ans ont \u00e9t\u00e9 interpell\u00e9s \u00e0 Marseille apr\u00e8s une bagarre survenue dans la soir\u00e9e&hellip;\n","protected":false},"author":2,"featured_media":499095,"comment_status":"","ping_status":"","sticky":false,"template":"","format":"standard","meta":{"footnotes":""},"categories":[2814],"tags":[1111,11,6376,10737,5264,1777,674,1011,27,1101,9958,9690,884,12,36406,882,25],"class_list":{"0":"post-499094","1":"post","2":"type-post","3":"status-publish","4":"format-standard","5":"has-post-thumbnail","7":"category-marseille","8":"tag-actu","9":"tag-actualites","10":"tag-armes","11":"tag-bagarre","12":"tag-couteau","13":"tag-eu","14":"tag-europe","15":"tag-fr","16":"tag-france","17":"tag-hommes","18":"tag-hyeres","19":"tag-interpelles","20":"tag-marseille","21":"tag-news","22":"tag-pistolet","23":"tag-provence-alpes-cote-dazur","24":"tag-republique-francaise"},"share_on_mastodon":{"url":"https:\/\/pubeurope.com\/@fr\/115461060289520948","error":""},"_links":{"self":[{"href":"https:\/\/www.europesays.com\/fr\/wp-json\/wp\/v2\/posts\/499094","targetHints":{"allow":["GET"]}}],"collection":[{"href":"https:\/\/www.europesays.com\/fr\/wp-json\/wp\/v2\/posts"}],"about":[{"href":"https:\/\/www.europesays.com\/fr\/wp-json\/wp\/v2\/types\/post"}],"author":[{"embeddable":true,"href":"https:\/\/www.europesays.com\/fr\/wp-json\/wp\/v2\/users\/2"}],"replies":[{"embeddable":true,"href":"https:\/\/www.europesays.com\/fr\/wp-json\/wp\/v2\/comments?post=499094"}],"version-history":[{"count":0,"href":"https:\/\/www.europesays.com\/fr\/wp-json\/wp\/v2\/posts\/499094\/revisions"}],"wp:featuredmedia":[{"embeddable":true,"href":"https:\/\/www.europesays.com\/fr\/wp-json\/wp\/v2\/media\/499095"}],"wp:attachment":[{"href":"https:\/\/www.europesays.com\/fr\/wp-json\/wp\/v2\/media?parent=499094"}],"wp:term":[{"taxonomy":"category","embeddable":true,"href":"https:\/\/www.europesays.com\/fr\/wp-json\/wp\/v2\/categories?post=499094"},{"taxonomy":"post_tag","embeddable":true,"href":"https:\/\/www.europesays.com\/fr\/wp-json\/wp\/v2\/tags?post=499094"}],"curies":[{"name":"wp","href":"https:\/\/api.w.org\/{rel}","templated":true}]}}