{"id":499098,"date":"2025-10-30T03:46:17","date_gmt":"2025-10-30T03:46:17","guid":{"rendered":"https:\/\/www.europesays.com\/fr\/499098\/"},"modified":"2025-10-30T03:46:17","modified_gmt":"2025-10-30T03:46:17","slug":"tcl-a-lyon-le-metro-d-perturbe-des-stations-pas-desservies-ce-quil-se-passe","status":"publish","type":"post","link":"https:\/\/www.europesays.com\/fr\/499098\/","title":{"rendered":"TCL \u00e0 Lyon. Le m\u00e9tro D perturb\u00e9, des stations pas desservies : ce qu&rsquo;il se passe"},"content":{"rendered":"<p>            Par<br \/>\n        <strong><br \/>\n            <a href=\"https:\/\/actu.fr\/auteur\/julien-damboise\" title=\"Consulter tous les articles de Julien Damboise\" target=\"_blank\" rel=\"noopener\">Julien Damboise<\/a><br \/>\n        <\/strong><\/p>\n<p>        Publi\u00e9 le<\/p>\n<p>            29 oct. 2025 \u00e0 14h42<br \/>\n        ; mis \u00e0 jour le 29 oct. 2025 \u00e0 14h58    <\/p>\n<p>Nouvel \u00e9pisode<strong> de gal\u00e8re<\/strong> ce mercredi 29 octobre 2025 pour les usagers des <a href=\"https:\/\/actu.fr\/tag\/transports-en-commun-lyonnais-tcl\" target=\"_blank\" rel=\"noopener\">TCL<\/a> dans la m\u00e9tropole de <a href=\"https:\/\/actu.fr\/lyon\/\" target=\"_blank\" rel=\"noopener\">Lyon<\/a>. Des perturbations sur<strong> la ligne D<\/strong> du m\u00e9tro sont en cours cet apr\u00e8s-midi, des <strong>stations ne sont pas desservies<\/strong>. Voici ce qu\u2019il se passe.<\/p>\n<p>Les stations non desservies<\/p>\n<p class=\" wall-content\">Depuis 14 h environ, la ligne D circule uniquement de Grange Blanche \u00e0 Gare de Vaise-G. Collomb.<\/p>\n<p class=\" wall-content\">Ainsi, l\u2019ensemble des stations de<strong> Laennec \u00e0 Gare de V\u00e9nissieux<\/strong> ne sont plus desservies. Et ce dans les deux sens de circulation.<\/p>\n<p class=\" wall-content\">En cause, d\u2019apr\u00e8s TCL, une panne d\u2019\u00e9nergie qui \u00ab\u00a0emp\u00eache la ligne de circuler normalement\u00a0\u00bb.<\/p>\n<p>Une reprise progressive<\/p>\n<p class=\" wall-content\">Des <strong>bus relais<\/strong> qui desservent les stations de Grange Blanche \u00e0 Gare de V\u00e9nissieux ont \u00e9t\u00e9 d\u00e9ploy\u00e9s en urgence pour acheminer les voyageurs qui ne devaient utiliser la ligne D.<\/p>\n<p class=\" wall-content\">La reprise de la circulation, d\u2019abord estim\u00e9e \u00e0 15 h 45, se fait progressivement depuis 14 h 50.<\/p>\n<p class=\" wall-content\">Personnalisez votre actualit\u00e9 en ajoutant vos villes et m\u00e9dias en favori avec <a href=\"https:\/\/moncompte.actu.fr\" title=\"D\u00e9couvez Mon Actu\" rel=\"nofollow noopener\" data-trk=\"{&quot;cta&quot;:{&quot;action&quot;:&quot;https:\\\/\\\/moncompte.actu.fr&quot;,&quot;category&quot;:&quot;mon compte&quot;,&quot;from&quot;:&quot;article footer&quot;,&quot;name&quot;:&quot;Mon actu&quot;,&quot;type&quot;:&quot;cta&quot;}}\" target=\"_blank\">Mon Actu<\/a>.<\/p>\n","protected":false},"excerpt":{"rendered":"Par Julien Damboise Publi\u00e9 le 29 oct. 2025 \u00e0 14h42 ; mis \u00e0 jour le 29 oct. 2025&hellip;\n","protected":false},"author":2,"featured_media":127530,"comment_status":"","ping_status":"","sticky":false,"template":"","format":"standard","meta":{"footnotes":""},"categories":[1889],"tags":[1111,11,2430,1777,674,1011,27,2428,4047,12,25,104,5787],"class_list":{"0":"post-499098","1":"post","2":"type-post","3":"status-publish","4":"format-standard","5":"has-post-thumbnail","7":"category-lyon","8":"tag-actu","9":"tag-actualites","10":"tag-auvergne-rhone-alpes","11":"tag-eu","12":"tag-europe","13":"tag-fr","14":"tag-france","15":"tag-lyon","16":"tag-metro","17":"tag-news","18":"tag-republique-francaise","19":"tag-societe","20":"tag-transports-en-commun-lyonnais-tcl"},"share_on_mastodon":{"url":"https:\/\/pubeurope.com\/@fr\/115461068139389023","error":""},"_links":{"self":[{"href":"https:\/\/www.europesays.com\/fr\/wp-json\/wp\/v2\/posts\/499098","targetHints":{"allow":["GET"]}}],"collection":[{"href":"https:\/\/www.europesays.com\/fr\/wp-json\/wp\/v2\/posts"}],"about":[{"href":"https:\/\/www.europesays.com\/fr\/wp-json\/wp\/v2\/types\/post"}],"author":[{"embeddable":true,"href":"https:\/\/www.europesays.com\/fr\/wp-json\/wp\/v2\/users\/2"}],"replies":[{"embeddable":true,"href":"https:\/\/www.europesays.com\/fr\/wp-json\/wp\/v2\/comments?post=499098"}],"version-history":[{"count":0,"href":"https:\/\/www.europesays.com\/fr\/wp-json\/wp\/v2\/posts\/499098\/revisions"}],"wp:featuredmedia":[{"embeddable":true,"href":"https:\/\/www.europesays.com\/fr\/wp-json\/wp\/v2\/media\/127530"}],"wp:attachment":[{"href":"https:\/\/www.europesays.com\/fr\/wp-json\/wp\/v2\/media?parent=499098"}],"wp:term":[{"taxonomy":"category","embeddable":true,"href":"https:\/\/www.europesays.com\/fr\/wp-json\/wp\/v2\/categories?post=499098"},{"taxonomy":"post_tag","embeddable":true,"href":"https:\/\/www.europesays.com\/fr\/wp-json\/wp\/v2\/tags?post=499098"}],"curies":[{"name":"wp","href":"https:\/\/api.w.org\/{rel}","templated":true}]}}