{"id":49910,"date":"2025-04-24T19:23:13","date_gmt":"2025-04-24T19:23:13","guid":{"rendered":"https:\/\/www.europesays.com\/fr\/49910\/"},"modified":"2025-04-24T19:23:13","modified_gmt":"2025-04-24T19:23:13","slug":"ca-chambre-toujours-entre-les-verts-et-lol-le-derby-se-poursuit-sur-le-panneau-dune-commune-pres-de-lyon","status":"publish","type":"post","link":"https:\/\/www.europesays.com\/fr\/49910\/","title":{"rendered":"\u00c7a chambre toujours entre les Verts et l\u2019OL, le derby se poursuit sur le panneau d\u2019une commune pr\u00e8s de Lyon"},"content":{"rendered":"<p>Le chambrage entre Lyonnais et St\u00e9phanois n&rsquo;est jamais fini. Et apr\u00e8s le derby, ce dimanche 20 avril, il s&rsquo;est \u00e9largi en dehors des 90 minutes du match. Selon une ancienne tradition, rivalit\u00e9 oblige, les perdants du derby du Rh\u00f4ne doivent se r\u00e9soudre \u00e0 subir moqueries, blagues et taquineries. Ce dimanche donc, c&rsquo;est <a href=\"https:\/\/rmcsport.bfmtv.com\/replay-emissions\/after-foot\/asse-2-1-ol-une-victoire-des-verts-dans-le-derby-grace-a-l-etat-d-esprit_VN-202504210156.html\" rel=\"nofollow noopener\" target=\"_blank\" data-ylk=\"slk:l&#039;Olympique Lyonnais qui s&#039;est inclin\u00e9 sur la pelouse du stade Geoffroy-Guichard face \u00e0 l&#039;AS Saint-Etienne (2-1);elm:context_link;itc:0;sec:content-canvas\" class=\"link \">l&rsquo;Olympique Lyonnais qui s&rsquo;est inclin\u00e9 sur la pelouse du stade Geoffroy-Guichard face \u00e0 l&rsquo;AS Saint-Etienne (2-1)<\/a>. Alors depuis, les supporters lyonnais se font chambrer. Et il faut dire que les adversaires ne manquent pas d&rsquo;imagination&#8230;<\/p>\n<p>Dans l&rsquo;ouest Lyonnais, se trouve une petite commune pas tr\u00e8s connue&#8230; Mais depuis ce jeudi matin, son nom fait le tour des r\u00e9seaux sociaux. Le panneau de Tassin-la-Demie-Lune a \u00e9t\u00e9 tagu\u00e9. Avec de la peinture verte (aux couleurs de Saint\u00e9 \u00e9videmment), \u00ab\u00a0la Demie-Lune\u00a0\u00bb a \u00e9t\u00e9 barr\u00e9e et un \u00ab\u00a0S\u00a0\u00bb a \u00e9t\u00e9 ajout\u00e9 devant Tassin. Un clin d&rsquo;oeil moqueur pour renommer la commune \u00ab\u00a0Stassin\u00a0\u00bb, du nom du joueur des Verts, bourreau de l&rsquo;OL dimanche, <a href=\"https:\/\/rmcsport.bfmtv.com\/football\/ligue-1\/direct-saint-etienne-lyon-suivez-en-live-le-derby-en-cloture-de-la-30e-journee-de-ligue-1_LS-202504200029.html\" rel=\"nofollow noopener\" target=\"_blank\" data-ylk=\"slk:auteur d&#039;un doubl\u00e9;elm:context_link;itc:0;sec:content-canvas\" class=\"link \">auteur d&rsquo;un doubl\u00e9<\/a> et d&rsquo;une faute sur Corentin Tolisso (<a href=\"https:\/\/fr.news.yahoo.com\/sport\/saint-etienne-lyon-lol-va-195723307.html\" data-ylk=\"slk:qui fait particuli\u00e8rement parler depuis;elm:context_link;itc:0;sec:content-canvas;outcm:mb_qualified_link;_E:mb_qualified_link;ct:story;\" class=\"link  yahoo-link\" rel=\"nofollow noopener\" target=\"_blank\">qui fait particuli\u00e8rement parler depuis<\/a>).<\/p>\n<p>Plus tard dans la journ\u00e9e, en r\u00e9ponse \u00e0 ce tag, des supporters lyonnais ont d\u00e9pos\u00e9 des autocollants pour recouvrir la peinture verte nuisible.<\/p>\n<p>Une tradition de longue date<\/p>\n<p>Cette plaisanterie n&rsquo;est \u00e9videmment pas in\u00e9dite puisque les deux clubs rivaux sont coutumiers de cette tradition moqueuse. Tous les lendemains de matchs, et m\u00eame les quelques jours suivants, des tags provocateurs, des images caricatur\u00e9es ou encore des autocollants de supporters sont r\u00e9guli\u00e8rement dispos\u00e9s dans les communes adverses par le club ennemi qui a gagn\u00e9 le derby du Rh\u00f4ne. Cette fois-ci donc, l&rsquo;OL a \u00e9t\u00e9 la victime mais que dire&#8230; cela faisait 6 ans que les St\u00e9phanois n&rsquo;avaient pas marqu\u00e9 leur territoire chez les Lyonnais. Ils ont fait les choses en grand.<\/p>\n<p><a href=\"https:\/\/rmcsport.bfmtv.com\/football\/ligue-1\/ca-chambre-toujours-entre-les-verts-et-l-ol-le-derby-se-poursuit-sur-le-panneau-d-une-commune-pres-de-lyon_AV-202504240808.html#xtor=AL-68\" rel=\"nofollow noopener\" target=\"_blank\" data-ylk=\"slk:Article original publi\u00e9 sur RMC Sport;elm:context_link;itc:0;sec:content-canvas\" class=\"link \">Article original publi\u00e9 sur RMC Sport<\/a><\/p>\n","protected":false},"excerpt":{"rendered":"Le chambrage entre Lyonnais et St\u00e9phanois n&rsquo;est jamais fini. Et apr\u00e8s le derby, ce dimanche 20 avril, il&hellip;\n","protected":false},"author":2,"featured_media":49911,"comment_status":"","ping_status":"","sticky":false,"template":"","format":"standard","meta":{"footnotes":""},"categories":[1889],"tags":[1111,11,2430,4680,9840,1777,674,1011,27,3279,14228,2428,12,25],"class_list":{"0":"post-49910","1":"post","2":"type-post","3":"status-publish","4":"format-standard","5":"has-post-thumbnail","7":"category-lyon","8":"tag-actu","9":"tag-actualites","10":"tag-auvergne-rhone-alpes","11":"tag-corentin-tolisso","12":"tag-derby","13":"tag-eu","14":"tag-europe","15":"tag-fr","16":"tag-france","17":"tag-lolympique-lyonnais","18":"tag-les-lyonnais","19":"tag-lyon","20":"tag-news","21":"tag-republique-francaise"},"share_on_mastodon":{"url":"https:\/\/pubeurope.com\/@fr\/114394575912618473","error":""},"_links":{"self":[{"href":"https:\/\/www.europesays.com\/fr\/wp-json\/wp\/v2\/posts\/49910","targetHints":{"allow":["GET"]}}],"collection":[{"href":"https:\/\/www.europesays.com\/fr\/wp-json\/wp\/v2\/posts"}],"about":[{"href":"https:\/\/www.europesays.com\/fr\/wp-json\/wp\/v2\/types\/post"}],"author":[{"embeddable":true,"href":"https:\/\/www.europesays.com\/fr\/wp-json\/wp\/v2\/users\/2"}],"replies":[{"embeddable":true,"href":"https:\/\/www.europesays.com\/fr\/wp-json\/wp\/v2\/comments?post=49910"}],"version-history":[{"count":0,"href":"https:\/\/www.europesays.com\/fr\/wp-json\/wp\/v2\/posts\/49910\/revisions"}],"wp:featuredmedia":[{"embeddable":true,"href":"https:\/\/www.europesays.com\/fr\/wp-json\/wp\/v2\/media\/49911"}],"wp:attachment":[{"href":"https:\/\/www.europesays.com\/fr\/wp-json\/wp\/v2\/media?parent=49910"}],"wp:term":[{"taxonomy":"category","embeddable":true,"href":"https:\/\/www.europesays.com\/fr\/wp-json\/wp\/v2\/categories?post=49910"},{"taxonomy":"post_tag","embeddable":true,"href":"https:\/\/www.europesays.com\/fr\/wp-json\/wp\/v2\/tags?post=49910"}],"curies":[{"name":"wp","href":"https:\/\/api.w.org\/{rel}","templated":true}]}}