{"id":499117,"date":"2025-10-30T04:00:24","date_gmt":"2025-10-30T04:00:24","guid":{"rendered":"https:\/\/www.europesays.com\/fr\/499117\/"},"modified":"2025-10-30T04:00:24","modified_gmt":"2025-10-30T04:00:24","slug":"le-vietnam-et-le-royaume-uni-elevent-leurs-relations-au-rang-de-partenariat-strategique-global-2","status":"publish","type":"post","link":"https:\/\/www.europesays.com\/fr\/499117\/","title":{"rendered":"Le Vietnam et le Royaume-Uni \u00e9l\u00e8vent leurs relations au rang de partenariat strat\u00e9gique global."},"content":{"rendered":"<p><img loading=\"lazy\" decoding=\"async\" id=\"1537299\" alt=\"3010-relations-au-vietnam-en-anh.jpg\" data-width=\"1500\" data-height=\"2849\" data-image-id=\"1537299\" class=\"lazyload cms-photo\" data-large-src=\"https:\/\/media.vietnamplus.vn\/images\/a01c0e0c6ca85cd3c5d38871d88e83e0b488eddc19c69d8d144bf5c0041a22b5f433a09e76f56fb644b2e5477ce16dd9d1111bc82831db09a8cfd72486509e0a\/3010-quan-he-viet-nam-anh.jpg\" src=\"https:\/\/www.europesays.com\/fr\/wp-content\/uploads\/2025\/10\/3010-quan-he-viet-nam-anh.jpg\" width=\"1300\" height=\"2469\"\/><\/p>\n<p> Dans le cadre de la visite officielle au Royaume-Uni de Grande-Bretagne et d&rsquo;Irlande du Nord, le 29 octobre apr\u00e8s-midi (heure locale), le Premier ministre du Royaume-Uni de Grande-Bretagne et d&rsquo;Irlande du Nord, Keir Starmer, et le secr\u00e9taire g\u00e9n\u00e9ral <a class=\"data-link\" data-org-href=\"https:\/\/www.vietnam.vn\/tag\/to-lam\" href=\"https:\/\/www.vietnam.vn\/tag\/to-lam\" title=\"\u00c0 Lam\" target=\"_blank\" rel=\"nofollow noopener\">To Lam<\/a> ont tenu des entretiens.<\/p>\n<p> Imm\u00e9diatement apr\u00e8s, les deux parties ont publi\u00e9 une d\u00e9claration conjointe sur la transformation des relations Vietnam-Royaume-Uni en un partenariat strat\u00e9gique global, renfor\u00e7ant ainsi la coop\u00e9ration sur six piliers principaux.<\/p>\n<p class=\"mb-0\"> Source : https:\/\/www.vietnamplus.vn\/viet-nam-vuong-quoc-anh-nang-cap-quan-he-len-doi-tac-chien-luoc-toan-dien-post1073727.vnp<\/p>\n","protected":false},"excerpt":{"rendered":"Dans le cadre de la visite officielle au Royaume-Uni de Grande-Bretagne et d&rsquo;Irlande du Nord, le 29 octobre&hellip;\n","protected":false},"author":2,"featured_media":499118,"comment_status":"","ping_status":"","sticky":false,"template":"","format":"standard","meta":{"footnotes":""},"categories":[1588],"tags":[11,1777,674,61374,61632,12,19237,61885,473,1853,17058,1851,1850,1852,62145],"class_list":{"0":"post-499117","1":"post","2":"type-post","3":"status-publish","4":"format-standard","5":"has-post-thumbnail","7":"category-royaume-uni","8":"tag-actualites","9":"tag-eu","10":"tag-europe","11":"tag-frere-aine","12":"tag-le-premier-ministre-britannique-keir-starmer","13":"tag-news","14":"tag-partenariat-strategique-global","15":"tag-relations-vietnam-royaume-uni","16":"tag-royaume-uni","17":"tag-royaume-uni-de-grande-bretagne-et-dirlande-du-nord","18":"tag-secretaire-general-to-lam","19":"tag-uk","20":"tag-united-kingdom","21":"tag-united-kingdom-of-great-britain-and-northern-ireland","22":"tag-ville-de-hanoi"},"share_on_mastodon":{"url":"https:\/\/pubeurope.com\/@fr\/115461124815004163","error":""},"_links":{"self":[{"href":"https:\/\/www.europesays.com\/fr\/wp-json\/wp\/v2\/posts\/499117","targetHints":{"allow":["GET"]}}],"collection":[{"href":"https:\/\/www.europesays.com\/fr\/wp-json\/wp\/v2\/posts"}],"about":[{"href":"https:\/\/www.europesays.com\/fr\/wp-json\/wp\/v2\/types\/post"}],"author":[{"embeddable":true,"href":"https:\/\/www.europesays.com\/fr\/wp-json\/wp\/v2\/users\/2"}],"replies":[{"embeddable":true,"href":"https:\/\/www.europesays.com\/fr\/wp-json\/wp\/v2\/comments?post=499117"}],"version-history":[{"count":0,"href":"https:\/\/www.europesays.com\/fr\/wp-json\/wp\/v2\/posts\/499117\/revisions"}],"wp:featuredmedia":[{"embeddable":true,"href":"https:\/\/www.europesays.com\/fr\/wp-json\/wp\/v2\/media\/499118"}],"wp:attachment":[{"href":"https:\/\/www.europesays.com\/fr\/wp-json\/wp\/v2\/media?parent=499117"}],"wp:term":[{"taxonomy":"category","embeddable":true,"href":"https:\/\/www.europesays.com\/fr\/wp-json\/wp\/v2\/categories?post=499117"},{"taxonomy":"post_tag","embeddable":true,"href":"https:\/\/www.europesays.com\/fr\/wp-json\/wp\/v2\/tags?post=499117"}],"curies":[{"name":"wp","href":"https:\/\/api.w.org\/{rel}","templated":true}]}}