{"id":499119,"date":"2025-10-30T04:02:30","date_gmt":"2025-10-30T04:02:30","guid":{"rendered":"https:\/\/www.europesays.com\/fr\/499119\/"},"modified":"2025-10-30T04:02:30","modified_gmt":"2025-10-30T04:02:30","slug":"verdict-attendu-en-allemagne-contre-trois-germano-russes-accuses-despionnage-actualites","status":"publish","type":"post","link":"https:\/\/www.europesays.com\/fr\/499119\/","title":{"rendered":"Verdict attendu en Allemagne contre trois Germano-Russes accus\u00e9s d&rsquo;espionnage : Actualit\u00e9s"},"content":{"rendered":"<p class=\"lead \">Un tribunal de Munich doit rendre jeudi son verdict dans le proc\u00e8s de trois Germano-russes, accus\u00e9s d&rsquo;avoir espionn\u00e9 pour le compte de Moscou et pr\u00e9par\u00e9 des actes de sabotages en Allemagne visant l&rsquo;aide fournie \u00e0 l&rsquo;Ukraine.<\/p>\n<p class=\"lead \">Depuis l&rsquo;invasion \u00e0 grande \u00e9chelle de l&rsquo;Ukraine en f\u00e9vrier 2022, Berlin est devenu \u00e0 la fois le plus gros soutien europ\u00e9en de Kiev et une cible privil\u00e9gi\u00e9e d&rsquo;actes de sabotage, de campagnes de d\u00e9sinformation, d&rsquo;intimidation et d&rsquo;espionnage, une \u00ab\u00a0guerre hybride\u00a0\u00bb attribu\u00e9e au Kremlin. <\/p>\n<p class=\"lead \">La Russie d\u00e9ment syst\u00e9matiquement \u00eatre derri\u00e8re ces affaires et incidents. <\/p>\n<p class=\"lead \">Le principal accus\u00e9, identifi\u00e9 par la justice comme Dieter S., est accus\u00e9 d&rsquo;\u00eatre une recrue d&rsquo;un agent russe et d&rsquo;avoir fait des rep\u00e9rages de cibles potentielles. <\/p>\n<p class=\"lead \">Selon le parquet, ce binational germano-russe a \u00e9chang\u00e9 des informations avec une personne li\u00e9e aux services de renseignement russes pendant plusieurs mois, \u00e0 partir d&rsquo;octobre 2023, en vue d&rsquo;\u00e9ventuels actes de sabotage. Il aurait notamment transmis des photos et vid\u00e9os faites lors de rep\u00e9rages.<\/p>\n<p class=\"lead \">Accus\u00e9 d&rsquo;\u00eatre un ancien combattant d&rsquo;une milice arm\u00e9e s\u00e9paratiste prorusse dans l&rsquo;est de l&rsquo;Ukraine, entre d\u00e9cembre 2014 et ao\u00fbt 2016, Dieter S. se serait dit pr\u00eat, selon l&rsquo;accusation, \u00e0 des attentats \u00e0 l&rsquo;explosif et des incendies contre des infrastructures utilis\u00e9es par l&rsquo;arm\u00e9e et des sites industriels ou encore des voies ferroviaires.<\/p>\n<p class=\"lead \">&#8211; Saboter le soutien \u00e0 l&rsquo;Ukraine &#8211;<\/p>\n<p class=\"lead \">Parmi ses cibles, la base militaire am\u00e9ricaine de Grafenw\u00f6hr, selon l&rsquo;hebdomadaire allemand Der Spiegel, un site o\u00f9 sont form\u00e9s des soldats ukrainiens \u00e0 l&rsquo;utilisation de chars am\u00e9ricains Abrams.<\/p>\n<p class=\"lead \">Ces op\u00e9rations devaient \u00ab\u00a0miner le soutien militaire de l&rsquo;Allemagne \u00e0 l&rsquo;Ukraine\u00a0\u00bb, selon le parquet, qui a r\u00e9clam\u00e9 huit ans et huit mois de prison contre le meneur pr\u00e9sum\u00e9 du groupe.<\/p>\n<p class=\"lead \">Ses deux coaccus\u00e9s, Alexander J. et Alex D., \u00e9galement des Allemands d&rsquo;origine russe qui poss\u00e8dent les deux nationalit\u00e9s, l&rsquo;ont aid\u00e9 au plus tard \u00e0 partir de mars 2024 dans l&rsquo;espionnage des diff\u00e9rentes cibles potentielles, selon l&rsquo;accusation, qui a requis un an de prison avec sursis contre chacun des deux.<\/p>\n<p class=\"lead \">Les avocats des trois suspects ont r\u00e9clam\u00e9 leur acquittement. <\/p>\n<p class=\"lead \">N\u00e9 en Sib\u00e9rie en 1984, Dieter S. a \u00e9migr\u00e9 avec sa famille en Allemagne en 1998, comme des centaines de milliers de Russes aux origines allemandes, selon le quotidien allemand S\u00fcddeutsche Zeitung.<\/p>\n<p class=\"lead \">Selon le parquet, \u00e0 son arrestation, il aurait demand\u00e9 une visite de responsables consulaires russes.<\/p>\n<p class=\"lead \">L&rsquo;Allemagne ne cesse d&rsquo;alerter sur la menace croissante que repr\u00e9sente la Russie pour elle et l&rsquo;Europe. <\/p>\n<p class=\"lead \">Comme ses voisins, Berlin a d\u00e9nonc\u00e9 une nouvelle escalade russe ces derni\u00e8res semaines, apr\u00e8s la multiplication de vols suspects de drones au-dessus d&rsquo;infrastructures, dont l&rsquo;a\u00e9roport de Munich d\u00e9but octobre. <\/p>\n<p class=\"lead \">&#8211; \u00ab\u00a0Agents jetables\u00a0\u00bb &#8211;<\/p>\n<p class=\"lead \">Les autorit\u00e9s veulent d\u00e9sormais autoriser la police \u00e0 abattre ou \u00e0 neutraliser \u00e9lectroniquement ces appareils. Elles ont pr\u00e9vu de cr\u00e9er des centres pour des unit\u00e9s antidrones, et travaillent avec l&rsquo;Ukraine et Isra\u00ebl, pays particuli\u00e8rement exp\u00e9riment\u00e9s dans la lutte contre ces a\u00e9ronefs. <\/p>\n<p class=\"lead \">Depuis l&rsquo;invasion de f\u00e9vrier 2022, les affaires d&rsquo;espionnages se sont aussi multipli\u00e9es en Allemagne. <\/p>\n<p class=\"lead \">Un ancien agent secret allemand est jug\u00e9 depuis plus d&rsquo;un an \u00e0 Berlin pour avoir transmis des informations class\u00e9es secr\u00e8tes aux services de s\u00e9curit\u00e9 russes (FSB) \u00e0 l&rsquo;automne 2022.<\/p>\n<p class=\"lead \">Mi-mai, trois Ukrainiens ont \u00e9t\u00e9 interpell\u00e9s en Allemagne et en Suisse, soup\u00e7onn\u00e9s d&rsquo;avoir \u00e9t\u00e9 recrut\u00e9s par la Russie pour commettre des actes de sabotage \u00e0 l&rsquo;aide de colis pi\u00e9g\u00e9s visant le transport de marchandises. <\/p>\n<p class=\"lead \">D\u00e9but septembre, le renseignement int\u00e9rieur et ext\u00e9rieur ainsi que le contre-espionnage militaire ont lanc\u00e9 une campagne d&rsquo;information sur les efforts de recrutement \u00ab\u00a0d&rsquo;agents jetables\u00a0\u00bb par les services secrets russes sur les r\u00e9seaux sociaux.<\/p>\n<p class=\"lead \">Selon eux, la Russie se pr\u00e9pare aussi \u00e0 une confrontation militaire avec l&rsquo;Otan dans les prochaines ann\u00e9es.<\/p>\n<p class=\"small font-weight-bold text-gray3 \"> publi\u00e9 le 30 octobre \u00e0 04h40, AFP<\/p>\n<p>                             Partager<\/p>\n","protected":false},"excerpt":{"rendered":"Un tribunal de Munich doit rendre jeudi son verdict dans le proc\u00e8s de trois Germano-russes, accus\u00e9s d&rsquo;avoir espionn\u00e9&hellip;\n","protected":false},"author":2,"featured_media":499120,"comment_status":"","ping_status":"","sticky":false,"template":"","format":"standard","meta":{"footnotes":""},"categories":[1587],"tags":[11,672,1804,2120,271,1805,1803,4777,1777,674,1801,12,4780,1802,132,220],"class_list":{"0":"post-499119","1":"post","2":"type-post","3":"status-publish","4":"format-standard","5":"has-post-thumbnail","7":"category-allemagne","8":"tag-actualites","9":"tag-allemagne","10":"tag-bundesrepublik-deutschland","11":"tag-conflit","12":"tag-crime","13":"tag-de","14":"tag-deutschland","15":"tag-espionnage","16":"tag-eu","17":"tag-europe","18":"tag-germany","19":"tag-news","20":"tag-procs","21":"tag-republique-federale-dallemagne","22":"tag-russie","23":"tag-ukraine"},"share_on_mastodon":{"url":"https:\/\/pubeurope.com\/@fr\/115461131038985360","error":""},"_links":{"self":[{"href":"https:\/\/www.europesays.com\/fr\/wp-json\/wp\/v2\/posts\/499119","targetHints":{"allow":["GET"]}}],"collection":[{"href":"https:\/\/www.europesays.com\/fr\/wp-json\/wp\/v2\/posts"}],"about":[{"href":"https:\/\/www.europesays.com\/fr\/wp-json\/wp\/v2\/types\/post"}],"author":[{"embeddable":true,"href":"https:\/\/www.europesays.com\/fr\/wp-json\/wp\/v2\/users\/2"}],"replies":[{"embeddable":true,"href":"https:\/\/www.europesays.com\/fr\/wp-json\/wp\/v2\/comments?post=499119"}],"version-history":[{"count":0,"href":"https:\/\/www.europesays.com\/fr\/wp-json\/wp\/v2\/posts\/499119\/revisions"}],"wp:featuredmedia":[{"embeddable":true,"href":"https:\/\/www.europesays.com\/fr\/wp-json\/wp\/v2\/media\/499120"}],"wp:attachment":[{"href":"https:\/\/www.europesays.com\/fr\/wp-json\/wp\/v2\/media?parent=499119"}],"wp:term":[{"taxonomy":"category","embeddable":true,"href":"https:\/\/www.europesays.com\/fr\/wp-json\/wp\/v2\/categories?post=499119"},{"taxonomy":"post_tag","embeddable":true,"href":"https:\/\/www.europesays.com\/fr\/wp-json\/wp\/v2\/tags?post=499119"}],"curies":[{"name":"wp","href":"https:\/\/api.w.org\/{rel}","templated":true}]}}