{"id":499121,"date":"2025-10-30T04:04:21","date_gmt":"2025-10-30T04:04:21","guid":{"rendered":"https:\/\/www.europesays.com\/fr\/499121\/"},"modified":"2025-10-30T04:04:21","modified_gmt":"2025-10-30T04:04:21","slug":"le-sursaut-des-villages-oublies","status":"publish","type":"post","link":"https:\/\/www.europesays.com\/fr\/499121\/","title":{"rendered":"le sursaut des villages oubli\u00e9s"},"content":{"rendered":"<p>Longtemps condamn\u00e9es \u00e0 l\u2019exode et \u00e0 l\u2019oubli, les campagnes europ\u00e9ennes cherchent un second souffle. De la Toscane \u00e0 la Car\u00e9lie, dans les hameaux d\u00e9sert\u00e9s, des \u00e9coles rouvrent, des bars deviennent maisons de services, et des maisons abandonn\u00e9es trouvent de nouveaux habitants. Face au d\u00e9clin d\u00e9mographique, des maires, des artisans et des familles inventent d\u2019autres fa\u00e7ons de vivre et de travailler au grand air.<\/p>\n<p>[Cet article est extrait du no\u00a01826\u00a0de\u00a0Courrier international, \u201cCampagnes. Le champ des possibles\u201d, en vente du 30\u00a0octobre\u00a0au 5\u00a0novembre 2025]<\/p>\n<p>Tout en promenant son chien dans les rues de Molezuelas de la Carballeda, Nicolas de la Fuente, 92\u00a0ans, se souvient de l\u2019\u00e2ge d\u2019or de ce village agricole. \u201cNous avions tout, raconte-t-il. Il y avait cinq troupeaux de moutons, de\u00a0500\u00a0b\u00eates chacun. Et deux troupeaux de\u00a0600\u00a0ch\u00e8vres. On avait aussi des vaches, 200 ou 300. Et puis des chevaux et des poules.\u201d<\/p>\n<p>Cette grandeur pastorale appartient d\u00e9sormais au pass\u00e9. L\u2019activit\u00e9 \u00e9conomique a presque disparu ici. Et le village isol\u00e9, aux murs de pierres et aux portes non verrouill\u00e9es, n\u2019est plus qu\u2019un d\u00e9sert. La moyenne d\u2019\u00e2ge y est de 70\u00a0ans, contre 47 auparavant, ce qui en fait la municipalit\u00e9 la plus \u00e2g\u00e9e de Zamora, province du nord-ouest qui est aussi le c\u0153ur de ce qu\u2019on appelle l\u2019\u201cEspa\u00f1a vaciada\u201d, l<a href=\"https:\/\/www.courrierinternational.com\/article\/reportage-comment-cinq-petits-villages-de-montagne-ont-resiste-a-la-panne-geante-en-espagne_230601\" rel=\"nofollow noopener\" target=\"_blank\">\u2019\u201cEspagne vide\u201d<\/a>. \u201cMaintenant, il n\u2019y a plus rien, r\u00e9sume de la Fuente. Tout est fini.\u201d<\/p>\n<p>La d\u00e9sertification des campagnes ne date pas d\u2019hier dans les r\u00e9gions du sud et de l\u2019est de l\u2019Europe. Mais dans de nombreux endroits, la tendance devient une question de survie, et elle se propage sur tout le continent, n\u2019\u00e9pargnant aucun pays. Les zones rurales bien reli\u00e9es aux villes et aux m\u00e9tropoles s\u2019en sortent mi<\/p>\n<p>                                      <strong class=\"paywall-title\">Cet article est r\u00e9serv\u00e9 aux\u00a0abonn\u00e9s.<\/strong>   <\/p>\n<p class=\"paywall-text\">Lisez la\u00a0suite et\u00a0acc\u00e9dez \u00e0\u00a0une s\u00e9lection unique d\u2019articles traduits de\u00a0la\u00a0presse \u00e9trang\u00e8re.<\/p>\n<p class=\"article-authors\">                         <a href=\"https:\/\/www.courrierinternational.com\/auteur\/valentina-romei-et-barney-jopson\" rel=\"nofollow noopener\" target=\"_blank\">Valentina Romei et Barney Jopson<\/a>    <\/p>\n<p class=\"article-vo\"><a href=\"https:\/\/www.ft.com\/content\/f77b258f-1084-4bd1-bd99-cb07c721e3ee\" rel=\"noopener nofollow\" target=\"_blank\">Lire l\u2019article original<\/a><\/p>\n<p>Source de l\u2019article<\/p>\n<p>   <img decoding=\"async\" class=\"source-logo\" src=\"https:\/\/www.europesays.com\/fr\/wp-content\/uploads\/2025\/10\/deb01c4_1643653574142-financial-times.jpg\"  alt=\"Logo\" loading=\"lazy\" width=\"32\" height=\"32\"\/>  Financial Times  (Londres)       <\/p>\n<p>Fond\u00e9 en\u00a01888 sous le nom de\u00a0London Financial Guide,\u00a0un journal de quatre pages destin\u00e9\u00a0\u201caux investisseurs honn\u00eates et aux courtiers respectables\u201d,\u00a0le\u00a0Financial Times\u00a0est aujourd\u2019hui\u00a0le quotidien financier et \u00e9conomique de r\u00e9f\u00e9rence en Europe. Il n\u2019y a pas une institution financi\u00e8re ou banque digne de ce nom qui ne re\u00e7oive un exemplaire de ce journal britannique imm\u00e9diatement reconnaissable \u00e0 son papier rose saumon.<\/p>\n<p>Rachet\u00e9 par le groupe japonais Nikkei en\u00a02015, le \u201cjournal de la City\u201d voit son nombre d\u2019abonn\u00e9s \u00e0 l\u2019\u00e9dition papier s\u2019\u00e9roder peu \u00e0 peu, mais a\u00a0d\u00e9pass\u00e9 1\u00a0million d\u2019abonn\u00e9s num\u00e9riques en 2022. Plus de la moiti\u00e9 de l\u2019ensemble de ses abonn\u00e9s r\u00e9sident hors du Royaume-Uni.<\/p>\n<p>Plus de 600\u00a0journalistes r\u00e9partis dans plus de 40\u00a0pays collaborent au\u00a0titre.<\/p>\n<p>      <a href=\"https:\/\/www.courrierinternational.com\/notule-source\/financial-times\" class=\"source-link\" rel=\"nofollow noopener\" target=\"_blank\">Lire la suite<\/a>            <\/p>\n","protected":false},"excerpt":{"rendered":"Longtemps condamn\u00e9es \u00e0 l\u2019exode et \u00e0 l\u2019oubli, les campagnes europ\u00e9ennes cherchent un second souffle. De la Toscane \u00e0&hellip;\n","protected":false},"author":2,"featured_media":499122,"comment_status":"","ping_status":"","sticky":false,"template":"","format":"standard","meta":{"footnotes":""},"categories":[1586],"tags":[11,13029,123,1777,674,1011,27,452,12,25,473,62052,1857,2475],"class_list":{"0":"post-499121","1":"post","2":"type-post","3":"status-publish","4":"format-standard","5":"has-post-thumbnail","7":"category-europe","8":"tag-actualites","9":"tag-du00e9mographie","10":"tag-espagne","11":"tag-eu","12":"tag-europe","13":"tag-fr","14":"tag-france","15":"tag-italie","16":"tag-news","17":"tag-republique-francaise","18":"tag-royaume-uni","19":"tag-ruralitu00e9","20":"tag-sociu00e9tu00e9","21":"tag-union-europu00e9enne"},"share_on_mastodon":{"url":"https:\/\/pubeurope.com\/@fr\/115461139712998819","error":""},"_links":{"self":[{"href":"https:\/\/www.europesays.com\/fr\/wp-json\/wp\/v2\/posts\/499121","targetHints":{"allow":["GET"]}}],"collection":[{"href":"https:\/\/www.europesays.com\/fr\/wp-json\/wp\/v2\/posts"}],"about":[{"href":"https:\/\/www.europesays.com\/fr\/wp-json\/wp\/v2\/types\/post"}],"author":[{"embeddable":true,"href":"https:\/\/www.europesays.com\/fr\/wp-json\/wp\/v2\/users\/2"}],"replies":[{"embeddable":true,"href":"https:\/\/www.europesays.com\/fr\/wp-json\/wp\/v2\/comments?post=499121"}],"version-history":[{"count":0,"href":"https:\/\/www.europesays.com\/fr\/wp-json\/wp\/v2\/posts\/499121\/revisions"}],"wp:featuredmedia":[{"embeddable":true,"href":"https:\/\/www.europesays.com\/fr\/wp-json\/wp\/v2\/media\/499122"}],"wp:attachment":[{"href":"https:\/\/www.europesays.com\/fr\/wp-json\/wp\/v2\/media?parent=499121"}],"wp:term":[{"taxonomy":"category","embeddable":true,"href":"https:\/\/www.europesays.com\/fr\/wp-json\/wp\/v2\/categories?post=499121"},{"taxonomy":"post_tag","embeddable":true,"href":"https:\/\/www.europesays.com\/fr\/wp-json\/wp\/v2\/tags?post=499121"}],"curies":[{"name":"wp","href":"https:\/\/api.w.org\/{rel}","templated":true}]}}