{"id":499123,"date":"2025-10-30T04:05:30","date_gmt":"2025-10-30T04:05:30","guid":{"rendered":"https:\/\/www.europesays.com\/fr\/499123\/"},"modified":"2025-10-30T04:05:30","modified_gmt":"2025-10-30T04:05:30","slug":"des-difficultes-pour-trouver-la-bonne-solution","status":"publish","type":"post","link":"https:\/\/www.europesays.com\/fr\/499123\/","title":{"rendered":"Des difficult\u00e9s pour trouver la bonne solution"},"content":{"rendered":"<p> <img width=\"700\" height=\"350\" src=\"https:\/\/www.europesays.com\/fr\/wp-content\/uploads\/2025\/10\/Viti.jpg\" class=\"attachment-jannah-image-post size-jannah-image-post wp-post-image\" alt=\"Viti\" is_main_img=\"1\" decoding=\"async\" fetchpriority=\"high\"  \/>  Image : PSG.fr <\/p>\n<p>Dans un match soporifique, le PSG n\u2019a pas r\u00e9ussi \u00e0 se<br \/>\nd\u00e9faire d\u2019un Lorient qui d\u00e9fendait tr\u00e8s bas. Les Parisiens ont<br \/>\nconc\u00e9d\u00e9 un match nul frustrant (1-1).<\/p>\n<p>Pour le compte de la 10e journ\u00e9e de <strong>Ligue 1<\/strong>, le<br \/>\n<strong>PSG<\/strong> se d\u00e9pla\u00e7ait \u00e0 <strong>Lorient<\/strong>. Face<br \/>\n\u00e0 un bloc tr\u00e8s bas, le <strong>PSG<\/strong> n\u2019a pas r\u00e9ussi \u00e0 se<br \/>\nmontrer dangereux en premi\u00e8re mi-temps. Il faudra attendre les<br \/>\nentr\u00e9es en jeu de <strong>Vitinha<\/strong> et <strong>Joao<br \/>\nNeves<\/strong> \u00e0 la mi-temps pour voir le <strong>PSG<\/strong> se<br \/>\nmontrer plus dangereux. Les Parisiens vont r\u00e9ussir \u00e0 ouvrir le<br \/>\nscore par l\u2019interm\u00e9diaire de <strong>Nuno Mendes<\/strong>. Mais<br \/>\ndeux minutes apr\u00e8s, <strong>Lorient<\/strong> a \u00e9galis\u00e9. Les<br \/>\nParisiens n\u2019arriveront pas \u00e0 faire trembler les filets, Lorient se<br \/>\nrecroquevillant devant son but. \u00c0 l\u2019issue de ce match nul <a href=\"https:\/\/canal-supporters.com\/ligue-1-le-psg-concede-le-nul-a-lorient-1-1-et-perd-sur-blessure-doue\/\" title=\"\" rel=\"nofollow noopener\" target=\"_blank\">(1-1)<\/a>, <strong>Vitinha<\/strong> a analys\u00e9 ce partage<br \/>\ndes points.\u00a0<\/p>\n<p>\u00ab\u00a0Ce soir,<br \/>\non \u00e9tait pas fluides dans notre attaque\u00a0\u00bb<\/p>\n<p>\u00ab\u00a0On a eu des difficult\u00e9s pour trouver la bonne<br \/>\nsolution pour attaquer. Ce soir, on \u00e9tait pas fluides dans notre<br \/>\nattaque et quand c\u2019est comme \u00e7a, \u00e7a devient difficile. Mon entr\u00e9e ?<br \/>\nLes joueurs qui sont rentr\u00e9s ont essay\u00e9 de faire quelque chose de<br \/>\ndiff\u00e9rent, mettre un peu plus de vitesse avec le ballon, cr\u00e9er des<br \/>\nnouveaux espaces, avoir un peu plus de tranquillit\u00e9 avec le ballon<br \/>\net le faire tourner un peu, analyse le num\u00e9ro 17 du<br \/>\n<strong>PSG<\/strong> au micro de <a href=\"https:\/\/plus.ligue1.com\/live\/288892\" target=\"_blank\" rel=\"noopener nofollow\" title=\"\">Ligue 1 +<\/a>. On a r\u00e9ussi \u00e0 marquer<br \/>\nmais apr\u00e8s, dans une d\u00e9contraction, ils ont r\u00e9ussi \u00e0 marquer et<br \/>\napr\u00e8s on n\u2019a pas r\u00e9ussi \u00e0 remarquer.\u00a0\u00bb<\/p>\n","protected":false},"excerpt":{"rendered":"Image : PSG.fr Dans un match soporifique, le PSG n\u2019a pas r\u00e9ussi \u00e0 se d\u00e9faire d\u2019un Lorient qui&hellip;\n","protected":false},"author":2,"featured_media":499124,"comment_status":"","ping_status":"","sticky":false,"template":"","format":"standard","meta":{"footnotes":""},"categories":[1586],"tags":[62146,11,81,787,62147,1777,674,1779,62148,62149,62150,1011,27,66,1611,62151,12,626,91,92,93,25,1778,96,364,13296],"class_list":{"0":"post-499123","1":"post","2":"type-post","3":"status-publish","4":"format-standard","5":"has-post-thumbnail","7":"category-europe","8":"tag-10e-journee","9":"tag-actualites","10":"tag-canal-supporters","11":"tag-cs","12":"tag-dixieme-journee","13":"tag-eu","14":"tag-europe","15":"tag-european-union","16":"tag-fc-lorient-psg","17":"tag-fcl-psg","18":"tag-fclpsg","19":"tag-fr","20":"tag-france","21":"tag-ligue-1","22":"tag-ligue-1-macdonalds","23":"tag-lorient-psg","24":"tag-news","25":"tag-paris","26":"tag-paris-saint-germain","27":"tag-paris-sg","28":"tag-psg","29":"tag-republique-francaise","30":"tag-ue","31":"tag-une","32":"tag-union-europeenne","33":"tag-vitinha"},"share_on_mastodon":{"url":"https:\/\/pubeurope.com\/@fr\/115461142982382623","error":""},"_links":{"self":[{"href":"https:\/\/www.europesays.com\/fr\/wp-json\/wp\/v2\/posts\/499123","targetHints":{"allow":["GET"]}}],"collection":[{"href":"https:\/\/www.europesays.com\/fr\/wp-json\/wp\/v2\/posts"}],"about":[{"href":"https:\/\/www.europesays.com\/fr\/wp-json\/wp\/v2\/types\/post"}],"author":[{"embeddable":true,"href":"https:\/\/www.europesays.com\/fr\/wp-json\/wp\/v2\/users\/2"}],"replies":[{"embeddable":true,"href":"https:\/\/www.europesays.com\/fr\/wp-json\/wp\/v2\/comments?post=499123"}],"version-history":[{"count":0,"href":"https:\/\/www.europesays.com\/fr\/wp-json\/wp\/v2\/posts\/499123\/revisions"}],"wp:featuredmedia":[{"embeddable":true,"href":"https:\/\/www.europesays.com\/fr\/wp-json\/wp\/v2\/media\/499124"}],"wp:attachment":[{"href":"https:\/\/www.europesays.com\/fr\/wp-json\/wp\/v2\/media?parent=499123"}],"wp:term":[{"taxonomy":"category","embeddable":true,"href":"https:\/\/www.europesays.com\/fr\/wp-json\/wp\/v2\/categories?post=499123"},{"taxonomy":"post_tag","embeddable":true,"href":"https:\/\/www.europesays.com\/fr\/wp-json\/wp\/v2\/tags?post=499123"}],"curies":[{"name":"wp","href":"https:\/\/api.w.org\/{rel}","templated":true}]}}