{"id":499131,"date":"2025-10-30T04:11:30","date_gmt":"2025-10-30T04:11:30","guid":{"rendered":"https:\/\/www.europesays.com\/fr\/499131\/"},"modified":"2025-10-30T04:11:30","modified_gmt":"2025-10-30T04:11:30","slug":"ici-tout-le-monde-joue-a-haut-niveau-un-collectif-au-diapason-la-force-du-tours-vb-avant-le-derby-face-a-poitiers-lanouvellerepublique-fr","status":"publish","type":"post","link":"https:\/\/www.europesays.com\/fr\/499131\/","title":{"rendered":"&quot;Ici, tout le monde joue \u00e0 haut niveau&quot; : un collectif au diapason, la force du Tours VB avant le derby face \u00e0 Poitiers &#8211; lanouvellerepublique.fr"},"content":{"rendered":"<ol>\n<li><a href=\"https:\/\/news.google.com\/rss\/articles\/CBMi_gFBVV95cUxOdVpFakxmTGZYTkt2WWhQSGVIZElOcTFDXzV5NU8xS3g4Ym1ULWJXcWdpazRaV2VDN0ZnSlZnSUw1Vy0tMkZkSTFNOFdqSGNyTUxBN1pZYW1LbVF0ellGczRKYmg4eUlXLXRUOEx1V084ZGdFQXozVFk2ZG44WDNLckJtLTZ4TDYwVVROTUFWVmJRYnlqcXM3ZWpxS2l5dmNJN1BwYnkyRWExRnVsaFdxbEZ1WUItal9PaHZrNkEyN0cxQ1B5M0hScGNod0ktSkw2RXB2emxuTXJwQ0JmdDZrX0NHbXAwbTZkYkhSR3ptbFc0RVEwN2JKWFpfS3otZw?oc=5\" target=\"_blank\" rel=\"nofollow noopener\">\u00ab\u00a0Ici, tout le monde joue \u00e0 haut niveau\u00a0\u00bb : un collectif au diapason, la force du Tours VB avant le derby face \u00e0 Poitiers<\/a>&nbsp;&nbsp;lanouvellerepublique.fr<\/li>\n<li><a href=\"https:\/\/news.google.com\/rss\/articles\/CBMie0FVX3lxTFBqVDEwMExnajEzMFgxa3FpbTZHV0Z1Nm5Uam5JT1lwRExTMnZCNTk3dFliSUYyLXZqYk1mYlV5M0k5Nk9WVUR2UE5xeXFPQXVkQndWWXM0S0g3YVpEcU9UMHVMQk43RlV3Wk1QcGxzRHkzYmZlVzdOY29yVQ?oc=5\" target=\"_blank\" rel=\"nofollow noopener\">Narbonne. \u00c0 Tours, le c\u0153ur l\u00e9ger<\/a>&nbsp;&nbsp;ladepeche.fr<\/li>\n<li><a href=\"https:\/\/news.google.com\/rss\/articles\/CBMizwFBVV95cUxOQnNkX1IxbURERWpfUmVOS2pGaXhTX0J4NjhFZVN4Y3lieGxJVVdhVGR3V2VoeGxQMjNtRVpiRklPV0VhUVprZzB6U1dZZUlUd0U1SHlwUlNTeTVXWFJ1M0hfVXIwVkM3cjRiakpXeGppTTlRS3IwaEZHRUpyOG1xeFZETm5QektoR1pYS0RLaFRsb1lZN0ZQa1pmRXBrWS1TNmhmMmdKNDcwVW10Q0tKUk1sdkVlTnJzaG12ODFGNWNjblc0UW11SDlvMHQwQ2s?oc=5\" target=\"_blank\" rel=\"nofollow noopener\">Volley-ball \u2013 SpikeLigue : \u00ab\u00a0On s\u2019est \u00e9croul\u00e9\u00a0\u00bb, les Centurions Narbonne stopp\u00e9s net \u00e0 Tours<\/a>&nbsp;&nbsp;L&rsquo;Ind\u00e9pendant<\/li>\n<li><a href=\"https:\/\/news.google.com\/rss\/articles\/CBMiowFBVV95cUxQUXhDRU5aVDFNTHVZal9vWGQyYnY2WDZRYmtFSWNSbEF2ZVRCV1RaWkRJbm9pZU9PSVN0RXFqYmxMSnY3cV9SMHp4R2VnS1hGX04xRlZLb2hDWEVFZzVYZ1Y3VUhTQmRBOVBSY3lHQVA5S2VqZ25YdWZWcE0ybjRrZnVnR1FISVhGX21vYUM1Yy1Zdi1DQWhIaHp5a1V4dENOU1lN?oc=5\" target=\"_blank\" rel=\"nofollow noopener\">Le Tours VB s\u2019illustre face \u00e0 Narbonne avant le derby<\/a>&nbsp;&nbsp;Tribune Hebdo<\/li>\n<li><a href=\"https:\/\/news.google.com\/rss\/articles\/CBMiygFBVV95cUxQTEhCczk2MDh0RTM1VFh3eGkxWHlJZ3dSZkhNS0RYbURxZ05oS29xSkdTdmwyWHU4STdlRF9Hbko3azlJX2lpMVdONmhkZV9keTU1SGVvX3o0bDhveWdTVERIYWlQTWdOSHViWXFkWjNyc2U1bDNCSnp6RFN5N0V3aXZNSVFHVG42RUd4eUc2TjU1NDhBQmkzclpkTnVMbjZWcjJZTFZZc2ZqRjhGbkNQYm4tcEtnX1ZQdU85TTcydWZKN0pQdUVFTDFB?oc=5\" target=\"_blank\" rel=\"nofollow noopener\">Tours &#8211; Poitiers, 4e journ\u00e9e SpikeLigue 2025-26 : diffusion TV<\/a>&nbsp;&nbsp;quelle heure, quelle chaine<\/li>\n<\/ol>\n","protected":false},"excerpt":{"rendered":"\u00ab\u00a0Ici, tout le monde joue \u00e0 haut niveau\u00a0\u00bb : un collectif au diapason, la force du Tours VB&hellip;\n","protected":false},"author":2,"featured_media":395849,"comment_status":"","ping_status":"","sticky":false,"template":"","format":"standard","meta":{"footnotes":""},"categories":[1417],"tags":[1011,27,60,1470,1469],"class_list":{"0":"post-499131","1":"post","2":"type-post","3":"status-publish","4":"format-standard","5":"has-post-thumbnail","7":"category-volley","8":"tag-fr","9":"tag-france","10":"tag-sports","11":"tag-volley","12":"tag-volleyball"},"share_on_mastodon":{"url":"https:\/\/pubeurope.com\/@fr\/115461166410960699","error":""},"_links":{"self":[{"href":"https:\/\/www.europesays.com\/fr\/wp-json\/wp\/v2\/posts\/499131","targetHints":{"allow":["GET"]}}],"collection":[{"href":"https:\/\/www.europesays.com\/fr\/wp-json\/wp\/v2\/posts"}],"about":[{"href":"https:\/\/www.europesays.com\/fr\/wp-json\/wp\/v2\/types\/post"}],"author":[{"embeddable":true,"href":"https:\/\/www.europesays.com\/fr\/wp-json\/wp\/v2\/users\/2"}],"replies":[{"embeddable":true,"href":"https:\/\/www.europesays.com\/fr\/wp-json\/wp\/v2\/comments?post=499131"}],"version-history":[{"count":0,"href":"https:\/\/www.europesays.com\/fr\/wp-json\/wp\/v2\/posts\/499131\/revisions"}],"wp:featuredmedia":[{"embeddable":true,"href":"https:\/\/www.europesays.com\/fr\/wp-json\/wp\/v2\/media\/395849"}],"wp:attachment":[{"href":"https:\/\/www.europesays.com\/fr\/wp-json\/wp\/v2\/media?parent=499131"}],"wp:term":[{"taxonomy":"category","embeddable":true,"href":"https:\/\/www.europesays.com\/fr\/wp-json\/wp\/v2\/categories?post=499131"},{"taxonomy":"post_tag","embeddable":true,"href":"https:\/\/www.europesays.com\/fr\/wp-json\/wp\/v2\/tags?post=499131"}],"curies":[{"name":"wp","href":"https:\/\/api.w.org\/{rel}","templated":true}]}}