{"id":499139,"date":"2025-10-30T04:21:18","date_gmt":"2025-10-30T04:21:18","guid":{"rendered":"https:\/\/www.europesays.com\/fr\/499139\/"},"modified":"2025-10-30T04:21:18","modified_gmt":"2025-10-30T04:21:18","slug":"ce-celebre-acteur-a-ete-evince-dun-film-a-la-derniere-minute-il-raconte-sa-mesaventure-dans-les-grosses-tetes","status":"publish","type":"post","link":"https:\/\/www.europesays.com\/fr\/499139\/","title":{"rendered":"Ce c\u00e9l\u00e8bre acteur a \u00e9t\u00e9 \u00e9vinc\u00e9 d&rsquo;un film \u00e0 la derni\u00e8re minute, il raconte sa m\u00e9saventure dans Les Grosses T\u00eates"},"content":{"rendered":"<p>Ce mercredi 29 octobre 2025, Laurent Ruquier a anim\u00e9 un nouveau num\u00e9ro de son \u00e9mission Les Grosses T\u00eates diffus\u00e9e sur RTL en compagnie de ses soci\u00e9taires. Il a re\u00e7u St\u00e9phane De Groodt avec qui il a \u00e9chang\u00e9 sur sa carri\u00e8re, notamment sur ce film o\u00f9 l&rsquo;acteur avait \u00e9t\u00e9 coup\u00e9 au montage.<\/p>\n<p>Comme chaque semaine, du lundi au vendredi, <a href=\"https:\/\/www.programme-tv.net\/biographie\/534-ruquier-laurent\/\" data-link-people=\"dd4ff7d1-a72b-4b67-a7ba-3f07ccd164cd\" target=\"_blank\" rel=\"noopener\">Laurent Ruquier<\/a> est aux commandes de <a href=\"https:\/\/www.programme-tv.net\/news\/people\/390724-je-me-demande-si-on-ne-va-pas-le-faire-revenir-laurent-ruquier-cash-sur-un-ancien-societaire-des-grosses-tetes-qui-est-venu-une-seule-fois-dans-l-emission\/\" data-api-deeplink=\"teleloisirs:\/\/news\/390724\" target=\"_blank\" rel=\"noopener\">son \u00e9mission Les Grosses T\u00eates <\/a>diffus\u00e9e sur RTL. Il en a pris les r\u00eanes en 2014 apr\u00e8s le d\u00e9part de <a href=\"https:\/\/www.programme-tv.net\/biographie\/11440-bouvard-philippe\/\" data-link-people=\"22eb8d27-2375-4d07-a8fa-c3c1fefc9b00\" target=\"_blank\" rel=\"noopener\">Philippe Bouvard<\/a> qui a \u00e9t\u00e9 <a href=\"https:\/\/www.programme-tv.net\/news\/people\/378100-on-perd-un-peu-la-boule-philippe-bouvard-se-confie-face-camera-a-95-ans-et-revient-sur-sa-vie-fabuleuse-video\/\" data-api-deeplink=\"teleloisirs:\/\/news\/378100\" target=\"_blank\" rel=\"noopener\">le visage de cette \u00e9mission<\/a> pendant de nombreuses ann\u00e9es. Chaque jour, <a href=\"https:\/\/www.programme-tv.net\/news\/tv\/390600-chez-ruquier-t18-qui-sont-les-invites-de-laurent-ruquier-ce-samedi-25-octobre-2025\/\" data-api-deeplink=\"teleloisirs:\/\/news\/390600\" target=\"_blank\" rel=\"noopener\">l&rsquo;animateur<\/a> \u00e9change avec ses soci\u00e9taires sur diff\u00e9rents sujets d&rsquo;actualit\u00e9. Des jeux sont aussi organis\u00e9s et les auditeurs peuvent prendre la parole par t\u00e9l\u00e9phone pour donner leurs avis sur d&rsquo;anciens num\u00e9ros. Ce mercredi 29 octobre 2025, Laurent Ruquier \u00e9tait autour de la table avec les soci\u00e9taires suivants : <a href=\"https:\/\/www.programme-tv.net\/biographie\/93471-diament-caroline\/\" data-link-people=\"a8480de2-afb4-4b1a-a7f2-2841b03fef31\" target=\"_blank\" rel=\"noopener\">Caroline Diament<\/a>, Philippe Boxho, <a href=\"https:\/\/www.programme-tv.net\/biographie\/53152-boublil-max\/\" data-link-people=\"6f61af94-571d-415d-81e0-ebfaf18c9f04\" target=\"_blank\" rel=\"noopener\">Max Boublil<\/a>, <a href=\"https:\/\/www.programme-tv.net\/biographie\/679-ockrent-christine\/\" data-link-people=\"11086d42-00e2-43ba-9108-27f9183dd090\" target=\"_blank\" rel=\"noopener\">Christine Ockrent<\/a>, <a href=\"https:\/\/www.programme-tv.net\/biographie\/63780-gazan-florian\/\" data-link-people=\"6d42d582-8ab4-4dbb-9dcc-e6d6ea58e224\" target=\"_blank\" rel=\"noopener\">Florian Gazan<\/a> et <a href=\"https:\/\/www.programme-tv.net\/biographie\/2657234-doduik-roman\/\" data-link-people=\"63794e1a-05ea-475e-8b5a-86fc81388b8e\" target=\"_blank\" rel=\"noopener\">Roman Doduik<\/a>.<\/p>\n<p>Les Grosses T\u00eates : <b>St\u00e9phane de Groodt se souvient d&rsquo;un film dans lequel il a \u00e9t\u00e9 coup\u00e9 au montage parce qu&rsquo;il \u00e9tait \u00ab\u00a0<\/b><b>tellement mauvais<\/b><b>\u00ab\u00a0<\/b><\/p>\n<p>Pour l&rsquo;accompagner, toute l&rsquo;\u00e9quipe a pu compter sur la pr\u00e9sence de St\u00e9phane de Groodt, invit\u00e9 \u00ab\u00a0Grosse t\u00eate\u00a0\u00bb. Tout au long de l&rsquo;\u00e9mission, il a pu livrer des anecdotes sur sa carri\u00e8re, comme ce jour o\u00f9 il a \u00e9t\u00e9 coup\u00e9 au montage du film Mina Tannenbaum, sorti au cin\u00e9ma en 1994, avec en t\u00eate d&rsquo;affiche les actrices <a href=\"https:\/\/www.programme-tv.net\/biographie\/2713-zylberstein-elsa\/\" data-link-people=\"c45c46ec-69c7-46ba-8905-b02b6928e826\" target=\"_blank\" rel=\"noopener\">Elsa Zylberstein<\/a> et <a href=\"https:\/\/www.programme-tv.net\/biographie\/113-bohringer-romane\/\" data-link-people=\"f0f316e8-0c0f-43df-ad4a-58b1b4ae773d\" target=\"_blank\" rel=\"noopener\">Romane Bohringer<\/a>. Un souvenir qu&rsquo;il \u00e9voque dans son livre <a href=\"https:\/\/editions-observatoire.com\/livre\/En-memoire-de-mes-souvenirs\/605\" target=\"_blank\" rel=\"noopener\">En m\u00e9moire de mes souvenirs<\/a>, sorti le 1er octobre dernier. \u00ab\u00a0Il y a un directeur de casting totalement inconscient &#8211; je n&rsquo;\u00e9tais pas encore vraiment dans le milieu &#8211; il savait que je voulais faire de la com\u00e9die&#8230; Il m&rsquo;a propos\u00e9 de faire une sc\u00e8ne dans ce film et effectivement, <b>j&rsquo;\u00e9tais tellement mauvais que j&rsquo;ai \u00e9t\u00e9 coup\u00e9 au montage<\/b>, forc\u00e9ment. Et par la suite, ce qui est amusant, c&rsquo;est qu&rsquo;Elsa Zylberstein est devenue ma partenaire de jeu avec laquelle j&rsquo;ai le plus tourn\u00e9\u00a0\u00bb, a-t-il confi\u00e9. Il va d&rsquo;ailleurs prochainement la retrouver dans un film dont le tournage va d\u00e9marrer bient\u00f4t.<\/p>\n<p>                        \u00ab\u00a0Je me sentais assez exclu quand j&rsquo;\u00e9tais \u00e0 l&rsquo;\u00e9cole\u00a0\u00bb<\/p>\n<p>Avant \u00e7a, St\u00e9phane de Groodt est revenu sur une p\u00e9riode difficile de sa vie \u00e0 cause de son poids. \u00ab\u00a0J&rsquo;\u00e9tais \u00e9norme. Je me sentais assez exclu quand j&rsquo;\u00e9tais \u00e0 l&rsquo;\u00e9cole, ce qui m&rsquo;a aussi amen\u00e9 \u00e0 vouloir \u00eatre com\u00e9dien, parce que je ne me sentais pas aim\u00e9, estim\u00e9 et en voyant Louis de Fun\u00e8s qui faisait rire tout le monde, il \u00e9tait aim\u00e9 de tous et je me suis dit : &lsquo;J&rsquo;ai envie d&rsquo;\u00eatre aim\u00e9 et j&rsquo;ai envie de faire comme m\u00e9tier Louis de Fun\u00e8s'\u00a0\u00bb, s&rsquo;est-il rappel\u00e9.<\/p>\n","protected":false},"excerpt":{"rendered":"Ce mercredi 29 octobre 2025, Laurent Ruquier a anim\u00e9 un nouveau num\u00e9ro de son \u00e9mission Les Grosses T\u00eates&hellip;\n","protected":false},"author":2,"featured_media":499140,"comment_status":"","ping_status":"","sticky":false,"template":"","format":"standard","meta":{"footnotes":""},"categories":[1359],"tags":[244,58,59,1011,27,13687,33491,973,2700,62153,1630],"class_list":{"0":"post-499139","1":"post","2":"type-post","3":"status-publish","4":"format-standard","5":"has-post-thumbnail","7":"category-people","8":"tag-commentaire","9":"tag-divertissement","10":"tag-entertainment","11":"tag-fr","12":"tag-france","13":"tag-les-grosses-tu00eates","14":"tag-louis-de-funu00e8s","15":"tag-people","16":"tag-rtl","17":"tag-stu00e9phane-de-groodt","18":"tag-zapping"},"share_on_mastodon":{"url":"https:\/\/pubeurope.com\/@fr\/115461205819246529","error":""},"_links":{"self":[{"href":"https:\/\/www.europesays.com\/fr\/wp-json\/wp\/v2\/posts\/499139","targetHints":{"allow":["GET"]}}],"collection":[{"href":"https:\/\/www.europesays.com\/fr\/wp-json\/wp\/v2\/posts"}],"about":[{"href":"https:\/\/www.europesays.com\/fr\/wp-json\/wp\/v2\/types\/post"}],"author":[{"embeddable":true,"href":"https:\/\/www.europesays.com\/fr\/wp-json\/wp\/v2\/users\/2"}],"replies":[{"embeddable":true,"href":"https:\/\/www.europesays.com\/fr\/wp-json\/wp\/v2\/comments?post=499139"}],"version-history":[{"count":0,"href":"https:\/\/www.europesays.com\/fr\/wp-json\/wp\/v2\/posts\/499139\/revisions"}],"wp:featuredmedia":[{"embeddable":true,"href":"https:\/\/www.europesays.com\/fr\/wp-json\/wp\/v2\/media\/499140"}],"wp:attachment":[{"href":"https:\/\/www.europesays.com\/fr\/wp-json\/wp\/v2\/media?parent=499139"}],"wp:term":[{"taxonomy":"category","embeddable":true,"href":"https:\/\/www.europesays.com\/fr\/wp-json\/wp\/v2\/categories?post=499139"},{"taxonomy":"post_tag","embeddable":true,"href":"https:\/\/www.europesays.com\/fr\/wp-json\/wp\/v2\/tags?post=499139"}],"curies":[{"name":"wp","href":"https:\/\/api.w.org\/{rel}","templated":true}]}}