{"id":499159,"date":"2025-10-30T04:33:11","date_gmt":"2025-10-30T04:33:11","guid":{"rendered":"https:\/\/www.europesays.com\/fr\/499159\/"},"modified":"2025-10-30T04:33:11","modified_gmt":"2025-10-30T04:33:11","slug":"bain-de-sang-narcotrafic-ce-que-lon-sait-sur-loperation-policiere-a-rio","status":"publish","type":"post","link":"https:\/\/www.europesays.com\/fr\/499159\/","title":{"rendered":"Bain de sang, narcotrafic\u2026 Ce que l\u2019on sait sur l\u2019op\u00e9ration polici\u00e8re \u00e0 Rio"},"content":{"rendered":"<p>C\u2019est <a href=\"https:\/\/www.20minutes.fr\/monde\/4182310-20251029-horreur-bresil-plus-40-corps-allonges-place-favela-rio-apres-operation-police\" target=\"_blank\" class=\"c-link c-link--is-underlined\" rel=\"noopener\">une op\u00e9ration contre la drogue au Br\u00e9sil<\/a> qui a vir\u00e9 au bain de sang. Mardi, la police a men\u00e9 \u00e0 Rio de Janeiro une intervention contre le Comando Vermelho, un gang de <a href=\"https:\/\/www.20minutes.fr\/monde\/etats-unis\/4181516-20251024-etats-unis-guerre-contre-narcotrafic-trump-envoie-porte-amerique-latine\" target=\"_blank\" class=\"c-link c-link--is-underlined\" rel=\"noopener\">narcotrafiquants<\/a>. Et le pays veut depuis comprendre comment celle-ci a eu pour cons\u00e9quence un bilan humain aussi lourd.<\/p>\n<p>C\u2019est en effet l\u2019intervention polici\u00e8re la plus meurtri\u00e8re de l\u2019histoire du Br\u00e9sil. Le bilan provisoire officiel fait \u00e9tat de 119 morts, dont quatre policiers. 20 Minutes vous r\u00e9sume donc ce qu\u2019il faut savoir sur cette m\u00e9ga op\u00e9ration dans des favelas qui jette une lumi\u00e8re crue sur la violence qui accable une ville c\u00e9l\u00e8bre pour ses plages et son carnaval.<\/p>\n<p>Quelle \u00e9tait la cible de la police\u00a0?<\/p>\n<p>L&rsquo;\u00ab\u00a0Op\u00e9ration endiguement\u00a0\u00bb, comme elle a \u00e9t\u00e9 baptis\u00e9e par les autorit\u00e9s et dans laquelle s\u2019inscrit l\u2019intervention de mardi, vise \u00e0 freiner l\u2019expansion du Comando Vermelho (Commando Rouge), principal groupe de narcotrafiquants de Rio. Environ 2.500 agents ont investi d\u00e8s l\u2019aube deux grands ensembles de favelas du nord de la ville, \u00e0 proximit\u00e9 de l\u2019a\u00e9roport\u00a0: le Complexo da Penha et le Complexo do Alemao, consid\u00e9r\u00e9s comme le fief de cette faction criminelle.<\/p>\n<\/p>\n<p>N\u00e9 dans les ann\u00e9es\u00a01970, quand des opposants politiques de la dictature militaire ont c\u00f4toy\u00e9 des prisonniers de droit commun dans une prison situ\u00e9e dans une \u00eele au large de Rio, le Comando Vermelho exerce \u00e9galement son emprise dans d\u2019autres Etats br\u00e9siliens. \u00c0 Rio, son expansion territoriale a d\u00e9pass\u00e9 celles des milices criminelles parapolici\u00e8res.<\/p>\n<p>Quel est le bilan humain\u00a0?<\/p>\n<p>Le gouvernement de l\u2019\u00c9tat de Rio a comptabilis\u00e9 jusqu\u2019\u00e0 pr\u00e9sent 119 morts. Mais les services du D\u00e9fenseur public, organe de l\u2019Etat de Rio qui offre une assistance juridique aux plus d\u00e9munis, d\u00e9nombrent pour leur part au moins 132 d\u00e9c\u00e8s.<\/p>\n<p>Les autorit\u00e9s de Rio ont \u00e9galement fait \u00e9tat de 113 arrestations. Au total, 91 fusils d\u2019assaut ont \u00e9t\u00e9 saisis, ainsi qu\u2019une \u00ab\u00a0grande quantit\u00e9 de drogue\u00a0\u00bb, pour l\u2019heure non pr\u00e9cis\u00e9e.<\/p>\n<p>Y a-t-il eu des pr\u00e9c\u00e9dents aussi tragiques\u00a0?<\/p>\n<p>Cette op\u00e9ration polici\u00e8re s\u2019est av\u00e9r\u00e9e plus meurtri\u00e8re que le massacre de Carandiru, en\u00a01992, quand 111 d\u00e9tenus avaient \u00e9t\u00e9 tu\u00e9s lors d\u2019une intervention des forces de l\u2019ordre pour r\u00e9primer une mutinerie dans une prison pr\u00e8s de Sao Paulo.<\/p>\n<p>\u00c0 Rio, les deux op\u00e9rations qui avaient fait le plus de morts pr\u00e9c\u00e9demment avaient eu lieu en\u00a02021 et\u00a02022, quand 28 et 25 personnes \u00e9taient d\u00e9c\u00e9d\u00e9es dans les favelas de Jacarezinho et Vila Cruzeiro, respectivement. Dans ces deux cas, l\u2019Etat de Rio de Janeiro avait d\u00e9j\u00e0 pour gouverneur Claudio Castro, qui a consid\u00e9r\u00e9 l\u2019op\u00e9ration de mardi comme un \u00ab\u00a0succ\u00e8s\u00a0\u00bb.<\/p>\n<p>Quelle a \u00e9t\u00e9 la r\u00e9action des autorit\u00e9s f\u00e9d\u00e9rales\u00a0?<\/p>\n<p>L\u2019op\u00e9ration a \u00e9t\u00e9 planifi\u00e9e et men\u00e9e par les forces de s\u00e9curit\u00e9 de l\u2019Etat de Rio, sous la houlette du gouverneur Castro, alli\u00e9 de <a href=\"https:\/\/www.20minutes.fr\/monde\/4172635-20250911-bresil-ancien-president-bolsonaro-point-etre-condamne-tentative-coup-etat\" target=\"_blank\" class=\"c-link c-link--is-underlined\" rel=\"noopener\">l\u2019ex-pr\u00e9sident d\u2019extr\u00eame droite Jair Bolsonaro<\/a> (2019-2022). Elle s\u2019est d\u00e9roul\u00e9e \u00ab\u00a0sans que le gouvernement f\u00e9d\u00e9ral soit au courant\u00a0\u00bb, a affirm\u00e9 mercredi Ricardo Lewandowski, ministre de la Justice du pr\u00e9sident de gauche <a href=\"https:\/\/www.20minutes.fr\/monde\/etats-unis\/4173019-20250915-bresil-bras-fer-entre-lula-trump-condamnation-bolsonaro\" target=\"_blank\" class=\"c-link c-link--is-underlined\" rel=\"noopener\">Luiz Inacio Lula da\u00a0Silva<\/a>, faisant savoir que ce dernier a \u00e9t\u00e9 \u00ab\u00a0sid\u00e9r\u00e9\u00a0\u00bb par le nombre de morts.<\/p>\n<p>Lula a d\u2019ailleurs assur\u00e9 sur X mercredi que son pays ne pouvait pas \u00ab\u00a0accepter\u00a0\u00bb le crime organis\u00e9, tout en appelant \u00e0 \u00ab\u00a0un travail coordonn\u00e9 qui frappe au c\u0153ur du trafic (de drogue) sans mettre en danger les policiers, les enfants et les familles innocentes\u00a0\u00bb.<\/p>\n<p>Quelles sont les zones d\u2019ombre\u00a0?<\/p>\n<p>L\u2019identit\u00e9 des morts n\u2019a toujours pas \u00e9t\u00e9 r\u00e9v\u00e9l\u00e9e \u2013 \u00e0 part celles des policiers \u2013, ce qui ne permet pas d\u2019\u00e9tablir s\u2019ils \u00e9taient vis\u00e9s par un mandat judiciaire. L\u2019identit\u00e9 de la grande majorit\u00e9 des d\u00e9tenus n\u2019a pas non plus \u00e9t\u00e9 divulgu\u00e9e. Selon les m\u00e9dias br\u00e9siliens, l\u2019un des suspects interpell\u00e9s serait Thiago \u00ab\u00a0Belao\u00a0\u00bb do Nascimento Mendes, pr\u00e9sent\u00e9 comme le bras droit de \u00ab\u00a0Doca\u00a0\u00bb Alves de Andrade, chef pr\u00e9sum\u00e9 du Comando Vermelho dans plusieurs favelas de Rio, qui a r\u00e9ussi \u00e0 s\u2019\u00e9chapper.<\/p>\n<p><a href=\"https:\/\/www.20minutes.fr\/dossier\/bresil\" target=\"_blank\" class=\"c-link c-btn c-btn--primary\" rel=\"noopener\">Notre dossier sur le Br\u00e9sil<\/a><\/p>\n<p>Certains habitants d\u00e9noncent des \u00ab\u00a0ex\u00e9cutions\u00a0\u00bb et un juge de la Cour supr\u00eame br\u00e9silienne a convoqu\u00e9 une audience lundi prochain pour que le gouverneur Castro fournisse \u00ab\u00a0des informations d\u00e9taill\u00e9es\u00a0\u00bb sur l\u2019op\u00e9ration. Le secr\u00e9taire g\u00e9n\u00e9ral de l\u2019ONU, Antonio Guterres, a appel\u00e9 les autorit\u00e9s br\u00e9siliennes \u00e0 \u00ab\u00a0mener rapidement une enqu\u00eate\u00a0\u00bb.<\/p>\n","protected":false},"excerpt":{"rendered":"C\u2019est une op\u00e9ration contre la drogue au Br\u00e9sil qui a vir\u00e9 au bain de sang. Mardi, la police&hellip;\n","protected":false},"author":2,"featured_media":499160,"comment_status":"","ping_status":"","sticky":false,"template":"","format":"standard","meta":{"footnotes":""},"categories":[5],"tags":[47,11,2548,1052,1011,27,14,19363,74,813,12,17718,887,133,28],"class_list":{"0":"post-499159","1":"post","2":"type-post","3":"status-publish","4":"format-standard","5":"has-post-thumbnail","7":"category-international","8":"tag-actualite","9":"tag-actualites","10":"tag-bresil","11":"tag-drogue","12":"tag-fr","13":"tag-france","14":"tag-international","15":"tag-lula","16":"tag-monde","17":"tag-narcotrafiquants","18":"tag-news","19":"tag-rio-de-janeiro","20":"tag-trafic-de-drogue","21":"tag-video","22":"tag-world"},"share_on_mastodon":{"url":"https:\/\/pubeurope.com\/@fr\/115461253039262457","error":""},"_links":{"self":[{"href":"https:\/\/www.europesays.com\/fr\/wp-json\/wp\/v2\/posts\/499159","targetHints":{"allow":["GET"]}}],"collection":[{"href":"https:\/\/www.europesays.com\/fr\/wp-json\/wp\/v2\/posts"}],"about":[{"href":"https:\/\/www.europesays.com\/fr\/wp-json\/wp\/v2\/types\/post"}],"author":[{"embeddable":true,"href":"https:\/\/www.europesays.com\/fr\/wp-json\/wp\/v2\/users\/2"}],"replies":[{"embeddable":true,"href":"https:\/\/www.europesays.com\/fr\/wp-json\/wp\/v2\/comments?post=499159"}],"version-history":[{"count":0,"href":"https:\/\/www.europesays.com\/fr\/wp-json\/wp\/v2\/posts\/499159\/revisions"}],"wp:featuredmedia":[{"embeddable":true,"href":"https:\/\/www.europesays.com\/fr\/wp-json\/wp\/v2\/media\/499160"}],"wp:attachment":[{"href":"https:\/\/www.europesays.com\/fr\/wp-json\/wp\/v2\/media?parent=499159"}],"wp:term":[{"taxonomy":"category","embeddable":true,"href":"https:\/\/www.europesays.com\/fr\/wp-json\/wp\/v2\/categories?post=499159"},{"taxonomy":"post_tag","embeddable":true,"href":"https:\/\/www.europesays.com\/fr\/wp-json\/wp\/v2\/tags?post=499159"}],"curies":[{"name":"wp","href":"https:\/\/api.w.org\/{rel}","templated":true}]}}