{"id":499161,"date":"2025-10-30T04:34:11","date_gmt":"2025-10-30T04:34:11","guid":{"rendered":"https:\/\/www.europesays.com\/fr\/499161\/"},"modified":"2025-10-30T04:34:11","modified_gmt":"2025-10-30T04:34:11","slug":"pour-defendre-la-police-laurent-nunez-porte-plainte-contre-quatre-deputes-lfi","status":"publish","type":"post","link":"https:\/\/www.europesays.com\/fr\/499161\/","title":{"rendered":"Pour d\u00e9fendre la police, Laurent Nu\u00f1ez porte plainte contre quatre d\u00e9put\u00e9s LFI"},"content":{"rendered":"<p><a href=\"https:\/\/www.20minutes.fr\/politique\/4180201-20251019-nunez-assume-rupture-forme-fond-retailleau\" target=\"_blank\" class=\"c-link c-link--is-underlined\" rel=\"noopener\">Laurent Nu\u00f1ez<\/a> affiche son soutien aux forces de l\u2019ordre et cela passe par la case justice. Le ministre de l\u2019Int\u00e9rieur a en effet port\u00e9 plainte pour diffamation contre quatre d\u00e9put\u00e9s LFI pour leur mise en cause de la police \u00e0 l\u2019occasion des 20 ans de la mort de <a href=\"https:\/\/www.20minutes.fr\/paris\/4181339-20251027-20-ans-apres-mort-zyed-bouna-clichy-sous-bois-transforme-reste-tellement-faire\" target=\"_blank\" class=\"c-link c-link--is-underlined\" rel=\"noopener\">Zyed et Bouna \u00e0 Clichy-sous-Bois<\/a>.<\/p>\n<p>La plainte du locataire de la place Beauvau vise Manon Aubry, Paul Vannier, Aur\u00e9lien Tach\u00e9 et <a href=\"https:\/\/www.20minutes.fr\/politique\/4170018-20250828-gaza-quoi-palestine-cola-boisson-soutenue-deputee-lfi-ersilia-soudais\" target=\"_blank\" class=\"c-link c-link--is-underlined\" rel=\"noopener\">Ersilia Soudais<\/a>, a indiqu\u00e9 mercredi son minist\u00e8re.<\/p>\n<p>Selon Manon Aubry, \u00ab\u00a0rien n\u2019a chang\u00e9\u00a0\u00bb<\/p>\n<p>Le 27 octobre\u00a02005, apr\u00e8s avoir \u00e9t\u00e9 poursuivis par la police, Bouna Traor\u00e9, 15 ans, et Zyed Benna, 17 ans, sont morts \u00e9lectrocut\u00e9s dans un site EDF o\u00f9 ils avaient trouv\u00e9 refuge. Leur d\u00e9c\u00e8s a provoqu\u00e9 <a href=\"https:\/\/www.20minutes.fr\/politique\/4181944-20251028-emeutes-2005-souvenir-tres-douloureux-assure-dominique-villepin-20-minutes\" target=\"_blank\" class=\"c-link c-link--is-underlined\" rel=\"noopener\">une vague d\u2019\u00e9meutes dans tout le pays<\/a> pendant trois semaines.<\/p>\n<\/p>\n<p>\u00ab\u00a0Il y a 20 ans, Zyed Benna et Bouna Traor\u00e9 ont \u00e9t\u00e9 tu\u00e9s lors d\u2019un contr\u00f4le policier. Depuis rien n\u2019a chang\u00e9. Le racisme et la violence continuent de ronger la police et de causer des morts. Cessons de fermer les yeux et stoppons l\u2019impunit\u00e9, pour la justice et la paix\u00a0\u00bb, a \u00e9crit lundi sur X Manon Aubry. \u00ab\u00a0Depuis la mort de Zyed et Bouna, 162 personnes ont perdu la vie lors de contr\u00f4les de police. 20 ans apr\u00e8s, les histoires se r\u00e9p\u00e8tent\u00a0: la police tue toujours, et les victimes sont les m\u00eames\u00a0\u00bb, a post\u00e9 sur le m\u00eame r\u00e9seau social Aur\u00e9lien Tach\u00e9.<\/p>\n<p>Les deux policiers relax\u00e9s en\u00a02015<\/p>\n<p>\u00ab\u00a0Je condamne totalement [\u2026] ces propos\u00a0\u00bb, a r\u00e9agi mercredi soir sur le plateau de C \u00e0 vous sur France 5 Laurent Nu\u00f1ez. \u00ab\u00a0On laisse \u00e0 penser que de mani\u00e8re syst\u00e9mique dans la police, il y a finalement cette volont\u00e9 de tuer, de s\u2019en prendre \u00e0 des jeunes, plut\u00f4t issus de la diversit\u00e9\u00a0\u00bb, a-t-il d\u00e9nonc\u00e9, reprochant aux d\u00e9put\u00e9s LFI d\u2019employer les expressions de \u00ab\u00a0police coloniale\u00a0\u00bb et de \u00ab\u00a0police qui tue\u00a0\u00bb.<\/p>\n<p><a href=\"https:\/\/www.20minutes.fr\/dossier\/police\" target=\"_blank\" class=\"c-link c-btn c-btn--primary\" rel=\"noopener\">Notre dossier sur la Police<\/a><\/p>\n<p>Apr\u00e8s la mort des deux adolescents, \u00ab\u00a0qui est \u00e9videmment un drame\u00a0\u00bb, \u00ab\u00a0la justice a \u00e9t\u00e9 saisie et n\u2019a pas condamn\u00e9 les policiers parce que l\u2019action \u00e9tait proportionn\u00e9e, parce que c\u2019\u00e9tait dans le cadre de leur action normale\u00a0\u00bb, a-t-il \u00e9galement comment\u00e9. Les deux policiers, poursuivis pour non-assistance \u00e0 personne en danger apr\u00e8s le drame, ont \u00e9t\u00e9 relax\u00e9s en\u00a02015.<\/p>\n","protected":false},"excerpt":{"rendered":"Laurent Nu\u00f1ez affiche son soutien aux forces de l\u2019ordre et cela passe par la case justice. Le ministre&hellip;\n","protected":false},"author":2,"featured_media":499162,"comment_status":"","ping_status":"","sticky":false,"template":"","format":"standard","meta":{"footnotes":""},"categories":[4],"tags":[47,11,62154,1011,27,303,1023,5454,27012,12,1072,25,104,133,7374],"class_list":{"0":"post-499161","1":"post","2":"type-post","3":"status-publish","4":"format-standard","5":"has-post-thumbnail","7":"category-france","8":"tag-actualite","9":"tag-actualites","10":"tag-ersilia-soudais","11":"tag-fr","12":"tag-france","13":"tag-justice","14":"tag-la-france-insoumise-lfi","15":"tag-laurent-nunez","16":"tag-manon-aubry","17":"tag-news","18":"tag-police","19":"tag-republique-francaise","20":"tag-societe","21":"tag-video","22":"tag-violences-policieres"},"share_on_mastodon":{"url":"https:\/\/pubeurope.com\/@fr\/115461256922297593","error":""},"_links":{"self":[{"href":"https:\/\/www.europesays.com\/fr\/wp-json\/wp\/v2\/posts\/499161","targetHints":{"allow":["GET"]}}],"collection":[{"href":"https:\/\/www.europesays.com\/fr\/wp-json\/wp\/v2\/posts"}],"about":[{"href":"https:\/\/www.europesays.com\/fr\/wp-json\/wp\/v2\/types\/post"}],"author":[{"embeddable":true,"href":"https:\/\/www.europesays.com\/fr\/wp-json\/wp\/v2\/users\/2"}],"replies":[{"embeddable":true,"href":"https:\/\/www.europesays.com\/fr\/wp-json\/wp\/v2\/comments?post=499161"}],"version-history":[{"count":0,"href":"https:\/\/www.europesays.com\/fr\/wp-json\/wp\/v2\/posts\/499161\/revisions"}],"wp:featuredmedia":[{"embeddable":true,"href":"https:\/\/www.europesays.com\/fr\/wp-json\/wp\/v2\/media\/499162"}],"wp:attachment":[{"href":"https:\/\/www.europesays.com\/fr\/wp-json\/wp\/v2\/media?parent=499161"}],"wp:term":[{"taxonomy":"category","embeddable":true,"href":"https:\/\/www.europesays.com\/fr\/wp-json\/wp\/v2\/categories?post=499161"},{"taxonomy":"post_tag","embeddable":true,"href":"https:\/\/www.europesays.com\/fr\/wp-json\/wp\/v2\/tags?post=499161"}],"curies":[{"name":"wp","href":"https:\/\/api.w.org\/{rel}","templated":true}]}}