{"id":499164,"date":"2025-10-30T04:36:22","date_gmt":"2025-10-30T04:36:22","guid":{"rendered":"https:\/\/www.europesays.com\/fr\/499164\/"},"modified":"2025-10-30T04:36:22","modified_gmt":"2025-10-30T04:36:22","slug":"saint-just-malmont-apres-5-ans-dexperience-charlene-vasseur-devient-secretaire-independante","status":"publish","type":"post","link":"https:\/\/www.europesays.com\/fr\/499164\/","title":{"rendered":"Saint-Just-Malmont : apr\u00e8s 5 ans d&rsquo;exp\u00e9rience, Charl\u00e8ne Vasseur devient secr\u00e9taire ind\u00e9pendante"},"content":{"rendered":"<p>\t\t\t\t\t\t\t\t\t\t\t\t\t\t\t\t\t\t\t\t\t\t\t\t\t\t\t\t\t\t\t\t\t\t\t\t\t\t\t\t\t\t\t\t\t\t\t\t\t\t\t\t\t\t\t\t\t\t\t\t\t\t\t<a href=\"https:\/\/www.lacommere43.fr\/component\/banners\/click\/1849.html\" target=\"_blank\" title=\"Chevalier Fr\u00e8res 2 ctobre 2025\" rel=\"noopener\"><br \/>\n\t\t\t\t\t\t\t<img decoding=\"async\" loading=\"lazy\" src=\"https:\/\/www.europesays.com\/fr\/wp-content\/uploads\/2025\/10\/chevalier-2025-toussaint_pomponnette.gif\" alt=\"Chevalier Fr\u00e8res 2 ctobre 2025\"\/><br \/>\n\t\t\t\t\t\t<\/a><\/p>\n<p><strong>Charl\u00e8ne Vasseur vient de se lancer en tant que secr\u00e9taire ind\u00e9pendante pour les entreprises, associations et particuliers.<\/strong><\/p>\n<p>Apr\u00e8s avoir \u00e9t\u00e9 pr\u00e9paratrice en pharmacie, esth\u00e9ticienne et assistante administrative, toujours \u00e0 Saint-Just-Malmont, Charl\u00e8ne Vasseur vient de cr\u00e9er son activit\u00e9 pour accompagner\u00a0artisans, entrepreneurs, associations et particuliers dans leur gestion administrative. Elle dispose d&rsquo;une exp\u00e9rience de cinq ans dans le domaine.<\/p>\n<p>Elle propose de r\u00e9aliser diff\u00e9rentes t\u00e2ches administratives : tyraitement de courriers et mails, accueil t\u00e9l\u00e9phonique, contact clients, prise de rendez-vous, suivi des devis et factures, contr\u00f4le des factures et paiements, publication internet.<\/p>\n<p><strong>Infos pratiques<\/strong><\/p>\n<p>T\u00e9l\u00e9phone : 06 12 35 43 69<\/p>\n<p>Mail : <a href=\"https:\/\/www.lacommere43.fr\/loire-semene\/item\/77820-saint-just-malmont-apres-5-ans-d-experience-charlene-vasseur-devient-secretaire-independante.html\/mailto:charlenemorison.perso@gmail.com\" target=\"_blank\" rel=\"noopener\">charlenemorison.perso@gmail.com<\/a>\u00a0<\/p>\n","protected":false},"excerpt":{"rendered":"Charl\u00e8ne Vasseur vient de se lancer en tant que secr\u00e9taire ind\u00e9pendante pour les entreprises, associations et particuliers. Apr\u00e8s&hellip;\n","protected":false},"author":2,"featured_media":499165,"comment_status":"","ping_status":"","sticky":false,"template":"","format":"standard","meta":{"footnotes":""},"categories":[9653],"tags":[1111,2281,11,2430,1777,674,2282,1011,27,2280,2284,2285,2283,12,25,4001],"class_list":{"0":"post-499164","1":"post","2":"type-post","3":"status-publish","4":"format-standard","5":"has-post-thumbnail","7":"category-saint-etienne","8":"tag-actu","9":"tag-actualite-43","10":"tag-actualites","11":"tag-auvergne-rhone-alpes","12":"tag-eu","13":"tag-europe","14":"tag-faits-divers-auvergne","15":"tag-fr","16":"tag-france","17":"tag-information-haute-loire","18":"tag-infos-43","19":"tag-journal-haute-loire","20":"tag-la-commere-43","21":"tag-news","22":"tag-republique-francaise","23":"tag-saint-etienne"},"share_on_mastodon":{"url":"https:\/\/pubeurope.com\/@fr\/115461265753794697","error":""},"_links":{"self":[{"href":"https:\/\/www.europesays.com\/fr\/wp-json\/wp\/v2\/posts\/499164","targetHints":{"allow":["GET"]}}],"collection":[{"href":"https:\/\/www.europesays.com\/fr\/wp-json\/wp\/v2\/posts"}],"about":[{"href":"https:\/\/www.europesays.com\/fr\/wp-json\/wp\/v2\/types\/post"}],"author":[{"embeddable":true,"href":"https:\/\/www.europesays.com\/fr\/wp-json\/wp\/v2\/users\/2"}],"replies":[{"embeddable":true,"href":"https:\/\/www.europesays.com\/fr\/wp-json\/wp\/v2\/comments?post=499164"}],"version-history":[{"count":0,"href":"https:\/\/www.europesays.com\/fr\/wp-json\/wp\/v2\/posts\/499164\/revisions"}],"wp:featuredmedia":[{"embeddable":true,"href":"https:\/\/www.europesays.com\/fr\/wp-json\/wp\/v2\/media\/499165"}],"wp:attachment":[{"href":"https:\/\/www.europesays.com\/fr\/wp-json\/wp\/v2\/media?parent=499164"}],"wp:term":[{"taxonomy":"category","embeddable":true,"href":"https:\/\/www.europesays.com\/fr\/wp-json\/wp\/v2\/categories?post=499164"},{"taxonomy":"post_tag","embeddable":true,"href":"https:\/\/www.europesays.com\/fr\/wp-json\/wp\/v2\/tags?post=499164"}],"curies":[{"name":"wp","href":"https:\/\/api.w.org\/{rel}","templated":true}]}}