{"id":49919,"date":"2025-04-24T19:28:13","date_gmt":"2025-04-24T19:28:13","guid":{"rendered":"https:\/\/www.europesays.com\/fr\/49919\/"},"modified":"2025-04-24T19:28:13","modified_gmt":"2025-04-24T19:28:13","slug":"villeneuve-la-garenne-le-mari-suicidaire-soupconne-de-tentative-de-meurtre-contre-son-epouse","status":"publish","type":"post","link":"https:\/\/www.europesays.com\/fr\/49919\/","title":{"rendered":"Villeneuve-la-Garenne\u00a0: le mari suicidaire soup\u00e7onn\u00e9 de tentative de meurtre contre son \u00e9pouse"},"content":{"rendered":"<p class=\"paragraph text_align_left\">Trois jours apr\u00e8s la d\u00e9couverte d\u2019une <a href=\"https:\/\/www.leparisien.fr\/hauts-de-seine-92\/villeneuve-la-garenne-la-police-decouvre-une-femme-en-sang-dans-son-logement-et-empeche-son-mari-de-se-suicider-23-04-2025-2P472ICU3BDQDLSPCBOHT3JPAM.php\" target=\"_blank\" rel=\"noopener\">femme ensanglant\u00e9e chez elle<\/a>, frapp\u00e9e \u00e0 la t\u00eate \u00e0 de multiples reprises, son mari devait \u00eatre pr\u00e9sent\u00e9 au juge d\u2019instruction d\u00e9sign\u00e9 dans le cadre de l\u2019information judiciaire ouverte, ce jeudi, pour \u00ab\u00a0tentative d\u2019homicide volontaire par conjoint\u00a0\u00bb. Apr\u00e8s 48\u00a0heures de garde \u00e0 vue, le suspect a \u00e9t\u00e9 d\u00e9f\u00e9r\u00e9 ce jeudi et le parquet demande son placement en d\u00e9tention provisoire.<\/p>\n<p class=\"paragraph text_align_left\">La victime, d\u2019abord prise en charge en urgence absolue, a la vie sauve. Mais elle a \u00e9t\u00e9 tr\u00e8s gravement bless\u00e9e. Quand les policiers ont d\u00e9couvert cette femme de 65 ans gisant dans sa chambre, la t\u00eate en sang, elle souffrait d\u2019un grave traumatisme cr\u00e2nien et de plusieurs plaies ouvertes sur le cr\u00e2ne.<\/p>\n<p class=\"paragraph text_align_left\">Des blessures peut-\u00eatre caus\u00e9es par le marteau d\u00e9couvert non loin d\u2019elle, macul\u00e9 de sang et sur lequel \u00e9taient coll\u00e9s des cheveux. Les policiers ont not\u00e9 des traces de sang allant jusqu\u2019\u00e0 la salle de bains o\u00f9 ils ont trouv\u00e9 un vase chinois couvert de sang, avec l\u00e0 aussi des cheveux.<\/p>\n<p class=\"paragraph text_align_left\">Lundi matin, les policiers ont d\u00e9barqu\u00e9 dans l\u2019appartement apr\u00e8s l\u2019appel d\u2019un voisin, alert\u00e9 par les cris et les coups provenant du logement mitoyen du sien. Personne ne r\u00e9pondant \u00e0 la porte, les policiers sont pass\u00e9s par le balcon du voisin pour entrer chez le couple en for\u00e7ant une fen\u00eatre.<\/p>\n<p class=\"paragraph text_align_left\">C\u2019est l\u00e0 qu\u2019ils ont d\u00e9couvert la malheureuse, allong\u00e9e au sol dans sa chambre. Quant au mari, il \u00e9tait en train d\u2019enjamber la rambarde du balcon de l\u2019\u00e9tage sup\u00e9rieur de cet appartement en duplex. Ils l\u2019ont rattrap\u00e9 \u00e0 temps, alors qu\u2019il avait d\u00e9j\u00e0 une jambe dans le vide et qu\u2019un couteau tombait de sa poche.<\/p>\n","protected":false},"excerpt":{"rendered":"Trois jours apr\u00e8s la d\u00e9couverte d\u2019une femme ensanglant\u00e9e chez elle, frapp\u00e9e \u00e0 la t\u00eate \u00e0 de multiples reprises,&hellip;\n","protected":false},"author":2,"featured_media":49920,"comment_status":"","ping_status":"","sticky":false,"template":"","format":"standard","meta":{"footnotes":""},"categories":[1888],"tags":[11,1777,674,118,1011,27,3314,1944,12,626,25],"class_list":{"0":"post-49919","1":"post","2":"type-post","3":"status-publish","4":"format-standard","5":"has-post-thumbnail","7":"category-paris","8":"tag-actualites","9":"tag-eu","10":"tag-europe","11":"tag-faits-divers","12":"tag-fr","13":"tag-france","14":"tag-hauts-de-seine","15":"tag-ma-ville","16":"tag-news","17":"tag-paris","18":"tag-republique-francaise"},"share_on_mastodon":{"url":"https:\/\/pubeurope.com\/@fr\/114394595620522290","error":""},"_links":{"self":[{"href":"https:\/\/www.europesays.com\/fr\/wp-json\/wp\/v2\/posts\/49919","targetHints":{"allow":["GET"]}}],"collection":[{"href":"https:\/\/www.europesays.com\/fr\/wp-json\/wp\/v2\/posts"}],"about":[{"href":"https:\/\/www.europesays.com\/fr\/wp-json\/wp\/v2\/types\/post"}],"author":[{"embeddable":true,"href":"https:\/\/www.europesays.com\/fr\/wp-json\/wp\/v2\/users\/2"}],"replies":[{"embeddable":true,"href":"https:\/\/www.europesays.com\/fr\/wp-json\/wp\/v2\/comments?post=49919"}],"version-history":[{"count":0,"href":"https:\/\/www.europesays.com\/fr\/wp-json\/wp\/v2\/posts\/49919\/revisions"}],"wp:featuredmedia":[{"embeddable":true,"href":"https:\/\/www.europesays.com\/fr\/wp-json\/wp\/v2\/media\/49920"}],"wp:attachment":[{"href":"https:\/\/www.europesays.com\/fr\/wp-json\/wp\/v2\/media?parent=49919"}],"wp:term":[{"taxonomy":"category","embeddable":true,"href":"https:\/\/www.europesays.com\/fr\/wp-json\/wp\/v2\/categories?post=49919"},{"taxonomy":"post_tag","embeddable":true,"href":"https:\/\/www.europesays.com\/fr\/wp-json\/wp\/v2\/tags?post=49919"}],"curies":[{"name":"wp","href":"https:\/\/api.w.org\/{rel}","templated":true}]}}