{"id":499190,"date":"2025-10-30T05:02:41","date_gmt":"2025-10-30T05:02:41","guid":{"rendered":"https:\/\/www.europesays.com\/fr\/499190\/"},"modified":"2025-10-30T05:02:41","modified_gmt":"2025-10-30T05:02:41","slug":"vacances-scolaires-jours-feries-ponts-toutes-les-dates-pour-2026-2027-2","status":"publish","type":"post","link":"https:\/\/www.europesays.com\/fr\/499190\/","title":{"rendered":"Vacances scolaires, jours f\u00e9ri\u00e9s, ponts\u00a0: toutes les dates pour 2026-2027"},"content":{"rendered":"<p>L\u2019ann\u00e9e scolaire 2025-2026 vient \u00e0 peine de commencer, que les dates des vacances scolaires de l\u2019ann\u00e9e 2026-2027 ont d\u00e9j\u00e0 \u00e9t\u00e9 d\u00e9voil\u00e9es. Le\u00a0calendrier officiel a effectivement \u00e9t\u00e9 fix\u00e9 par <a href=\"https:\/\/www.legifrance.gouv.fr\/loda\/id\/JORFTEXT000052416058?origin=list\" target=\"_blank\" rel=\"nofollow noopener\">un arr\u00eat\u00e9 datant du\u00a022\u00a0octobre<\/a>. On sait donc que la prochaine ann\u00e9e\u00a0scolaire d\u00e9butera le mardi 1er\u00a0septembre 2026 et se terminera le samedi 3\u00a0juillet 2027 pour toutes les zones.\u00a0<\/p>\n<p>Pour rappel, la\u00a0zone A\u00a0regroupe les acad\u00e9mies de Besan\u00e7on, Bordeaux, Clermont-Ferrand, Dijon, Grenoble, Limoges, Lyon et Poitiers.\u00a0La\u00a0zone B, celles d\u2019Aix-Marseille, Amiens, Lille, Nancy-Metz, Nantes, Nice, Normandie, Orl\u00e9ans-Tours, Reims, Rennes et Strasbourg. Et la\u00a0zone C, celles de Cr\u00e9teil, Montpellier, Paris, Toulouse et Versailles.<\/p>\n<p>Deux vacances communes<\/p>\n<p>Les vacances de la Toussant (du\u00a017\u00a0octobre 2026 au 2\u00a0novembre 2026)\u00a0et celles de No\u00ebl (du\u00a019\u00a0d\u00e9cembre 2026 au 4\u00a0janvier 2027) seront communes aux trois zones.\u00a0Comme tous les ans, les dates se diff\u00e9rencieront \u00e0 partir des vacances d\u2019hiver\u00a0: du 13\u00a0f\u00e9vrier au 1er\u00a0mars pour la zone A, du 20\u00a0f\u00e9vrier au 8\u00a0mars pour la zone B, puis du 6\u00a0f\u00e9vrier au 22\u00a0f\u00e9vrier pour la zone C.<\/p>\n<p>M\u00eame chose pour les\u00a0vacances de printemps\u00a0: elles auront lieu du 10\u00a0avril au 26\u00a0avril pour la zone A, du 17\u00a0avril au 3\u00a0mai pour la zone B, et du 3\u00a0avril au 19\u00a0avril pour la zone C. Tous les cours prendront fin le samedi 3\u00a0juillet 2027, marquant ainsi le d\u00e9but des vacances d\u2019\u00e9t\u00e9.<\/p>\n<p>No\u00ebl tombe un vendredi<\/p>\n<p>Autre bonne nouvelle rapport\u00e9e par\u00a0<a href=\"https:\/\/www.capital.fr\/economie-politique\/vacances-scolaires-2026-2027-voici-les-dates-cles-et-jours-feries-pour-optimiser-vos-conges-1520011\" target=\"_blank\" rel=\"nofollow noopener\">nos confr\u00e8res de Capital <\/a>\u00a0:\u00a0sept\u00a0jours f\u00e9ri\u00e9s tomberont en semaine\u00a0pendant l\u2019ann\u00e9e 2026-2027.\u00a0Le 11\u00a0novembre 2026 sera un mercredi, vous pourrez donc profiter de cinq jours de repos en ne\u00a0posant que deux jours de cong\u00e9. No\u00ebl et le Jour de l&rsquo;An tomberont tous les deux un vendredi.\u00a0<\/p>\n<p>Au mois de mai\u00a02027, il sera possible de se reposer (ou de partir) pendant douze jours en ne posant que six jours de cong\u00e9. Le jeudi 6\u00a0mai \u00e9tant f\u00e9ri\u00e9 (Jeudi de l\u2019Ascension) et le lundi\u00a017 \u00e9galement (Lundi de Pentec\u00f4te), vous pouvez ainsi demander \u00e0 poser le vendredi 7\u00a0mai et\u00a0cinq jours entre le 10 et le 14\u00a0mai 2027.<\/p>\n<p>Les deux autres jours f\u00e9ri\u00e9s en semaine seront le\u00a0Lundi de P\u00e2ques (29\u00a0mars 2027) et la F\u00eate nationale (mercredi 14\u00a0juillet 2027).\u00a0Toutefois, certains jours f\u00e9ri\u00e9s tomberont durant le week-end. Cela sera notamment le cas\u00a0de la F\u00eate du Travail (samedi 1er\u00a0mai 2027) et\u00a0de l\u2019Assomption (dimanche 15\u00a0ao\u00fbt 2027).\u00a0<\/p>\n<p>\u00a0<\/p>\n","protected":false},"excerpt":{"rendered":"L\u2019ann\u00e9e scolaire 2025-2026 vient \u00e0 peine de commencer, que les dates des vacances scolaires de l\u2019ann\u00e9e 2026-2027 ont&hellip;\n","protected":false},"author":2,"featured_media":496195,"comment_status":"","ping_status":"","sticky":false,"template":"","format":"standard","meta":{"footnotes":""},"categories":[2818],"tags":[61864,1111,11,13799,1777,674,40167,1011,27,7285,766,12,2636,10416,25,18728,2528],"class_list":{"0":"post-499190","1":"post","2":"type-post","3":"status-publish","4":"format-standard","5":"has-post-thumbnail","7":"category-nantes","8":"tag-2026-2027","9":"tag-actu","10":"tag-actualites","11":"tag-dates","12":"tag-eu","13":"tag-europe","14":"tag-feries","15":"tag-fr","16":"tag-france","17":"tag-jours","18":"tag-nantes","19":"tag-news","20":"tag-pays-de-la-loire","21":"tag-ponts","22":"tag-republique-francaise","23":"tag-scolaires","24":"tag-vacances"},"share_on_mastodon":{"url":"https:\/\/pubeurope.com\/@fr\/115461366968885384","error":""},"_links":{"self":[{"href":"https:\/\/www.europesays.com\/fr\/wp-json\/wp\/v2\/posts\/499190","targetHints":{"allow":["GET"]}}],"collection":[{"href":"https:\/\/www.europesays.com\/fr\/wp-json\/wp\/v2\/posts"}],"about":[{"href":"https:\/\/www.europesays.com\/fr\/wp-json\/wp\/v2\/types\/post"}],"author":[{"embeddable":true,"href":"https:\/\/www.europesays.com\/fr\/wp-json\/wp\/v2\/users\/2"}],"replies":[{"embeddable":true,"href":"https:\/\/www.europesays.com\/fr\/wp-json\/wp\/v2\/comments?post=499190"}],"version-history":[{"count":0,"href":"https:\/\/www.europesays.com\/fr\/wp-json\/wp\/v2\/posts\/499190\/revisions"}],"wp:featuredmedia":[{"embeddable":true,"href":"https:\/\/www.europesays.com\/fr\/wp-json\/wp\/v2\/media\/496195"}],"wp:attachment":[{"href":"https:\/\/www.europesays.com\/fr\/wp-json\/wp\/v2\/media?parent=499190"}],"wp:term":[{"taxonomy":"category","embeddable":true,"href":"https:\/\/www.europesays.com\/fr\/wp-json\/wp\/v2\/categories?post=499190"},{"taxonomy":"post_tag","embeddable":true,"href":"https:\/\/www.europesays.com\/fr\/wp-json\/wp\/v2\/tags?post=499190"}],"curies":[{"name":"wp","href":"https:\/\/api.w.org\/{rel}","templated":true}]}}