{"id":499204,"date":"2025-10-30T05:12:15","date_gmt":"2025-10-30T05:12:15","guid":{"rendered":"https:\/\/www.europesays.com\/fr\/499204\/"},"modified":"2025-10-30T05:12:15","modified_gmt":"2025-10-30T05:12:15","slug":"a-marseille-les-ecologistes-en-pleine-confusion","status":"publish","type":"post","link":"https:\/\/www.europesays.com\/fr\/499204\/","title":{"rendered":"\u00e0 Marseille, les \u00c9cologistes en pleine confusion"},"content":{"rendered":"<p>C\u2019\u00e9tait, comme on dit, une affaire qui roule. D\u00e9sign\u00e9 chef de file des \u00c9cologistes pour les municipales \u00e0 <a href=\"https:\/\/www.latribune.fr\/article\/economie\/11928786783085\/ikea-peut-il-remplacer-les-galeries-lafayette-a-marseille\" target=\"_blank\" rel=\"noopener\">Marseille<\/a>, Hassen Hammou a eu moins de 48 heures pour savourer la bonne nouvelle. Deux jours plus tard, la mise en avant sur la sc\u00e8ne m\u00e9diatique de ses ennuis judiciaires a tout chang\u00e9, poussant Hassen Hammou \u00e0 se mettre en retrait tandis que le parti annon\u00e7ait sa suspension \u00e0 titre conservatoire, \u00ab une suspension d\u2019un commun accord \u00bb, affirme-t-il.<\/p>\n<p>R\u00e9uni mardi soir, les \u00e9quipes marseillaises du parti ont d\u00e9cid\u00e9 d\u2019attendre le d\u00e9lib\u00e9r\u00e9 du proc\u00e8s pr\u00e9vu pour se tenir le 13 novembre prochain avant de d\u00e9cider si changement de chef de file il \u00e9tait n\u00e9cessaire ou pas.<\/p>\n<p>Accus\u00e9 d\u2019incitation d\u2019un mineur par un majeur utilisant un moyen de communication \u00e9lectronique \u00e0 commettre un acte de nature sexuelle, Hassen Hammou nie farouchement les faits qui lui sont reproch\u00e9s. Et insiste sur la temporalit\u00e9 qui met sur la place publique une affaire datant de plus de 18 mois, deux jours apr\u00e8s sa d\u00e9signation comme chef de file.<\/p>\n","protected":false},"excerpt":{"rendered":"C\u2019\u00e9tait, comme on dit, une affaire qui roule. D\u00e9sign\u00e9 chef de file des \u00c9cologistes pour les municipales \u00e0&hellip;\n","protected":false},"author":2,"featured_media":499205,"comment_status":"","ping_status":"","sticky":false,"template":"","format":"standard","meta":{"footnotes":""},"categories":[2814],"tags":[17,1111,11,62160,2339,1777,674,1011,27,3102,884,3554,12,19940,882,25],"class_list":{"0":"post-499204","1":"post","2":"type-post","3":"status-publish","4":"format-standard","5":"has-post-thumbnail","7":"category-marseille","8":"tag-17","9":"tag-actu","10":"tag-actualites","11":"tag-confusion","12":"tag-ecologistes","13":"tag-eu","14":"tag-europe","15":"tag-fr","16":"tag-france","17":"tag-la-tribune-dimanche","18":"tag-marseille","19":"tag-municipales","20":"tag-news","21":"tag-pleine","22":"tag-provence-alpes-cote-dazur","23":"tag-republique-francaise"},"share_on_mastodon":{"url":"https:\/\/pubeurope.com\/@fr\/115461406330414431","error":""},"_links":{"self":[{"href":"https:\/\/www.europesays.com\/fr\/wp-json\/wp\/v2\/posts\/499204","targetHints":{"allow":["GET"]}}],"collection":[{"href":"https:\/\/www.europesays.com\/fr\/wp-json\/wp\/v2\/posts"}],"about":[{"href":"https:\/\/www.europesays.com\/fr\/wp-json\/wp\/v2\/types\/post"}],"author":[{"embeddable":true,"href":"https:\/\/www.europesays.com\/fr\/wp-json\/wp\/v2\/users\/2"}],"replies":[{"embeddable":true,"href":"https:\/\/www.europesays.com\/fr\/wp-json\/wp\/v2\/comments?post=499204"}],"version-history":[{"count":0,"href":"https:\/\/www.europesays.com\/fr\/wp-json\/wp\/v2\/posts\/499204\/revisions"}],"wp:featuredmedia":[{"embeddable":true,"href":"https:\/\/www.europesays.com\/fr\/wp-json\/wp\/v2\/media\/499205"}],"wp:attachment":[{"href":"https:\/\/www.europesays.com\/fr\/wp-json\/wp\/v2\/media?parent=499204"}],"wp:term":[{"taxonomy":"category","embeddable":true,"href":"https:\/\/www.europesays.com\/fr\/wp-json\/wp\/v2\/categories?post=499204"},{"taxonomy":"post_tag","embeddable":true,"href":"https:\/\/www.europesays.com\/fr\/wp-json\/wp\/v2\/tags?post=499204"}],"curies":[{"name":"wp","href":"https:\/\/api.w.org\/{rel}","templated":true}]}}