{"id":499206,"date":"2025-10-30T05:13:10","date_gmt":"2025-10-30T05:13:10","guid":{"rendered":"https:\/\/www.europesays.com\/fr\/499206\/"},"modified":"2025-10-30T05:13:10","modified_gmt":"2025-10-30T05:13:10","slug":"metropole-de-lyon-polluants-eternels-et-leur-impact-sur-notre-sante-les-industriels-savaient-ils","status":"publish","type":"post","link":"https:\/\/www.europesays.com\/fr\/499206\/","title":{"rendered":"M\u00e9tropole de Lyon. Polluants \u00e9ternels et leur impact sur notre sant\u00e9\u00a0: les industriels savaient-ils\u00a0?"},"content":{"rendered":"<p>On enqu\u00eate. Dans l\u2019agglom\u00e9ration lyonnaise, \u00e0 l\u2019entr\u00e9e de la vall\u00e9e de la chimie, l\u2019inqui\u00e9tude n\u2019a fait que grandir depuis un peu plus de trois ans, quand des journalistes ont expos\u00e9 au grand jour la pr\u00e9sence des PFAS, surnomm\u00e9s les polluants \u00e9ternels. Depuis, les pouvoirs publics mettent en \u0153uvre des mesures pour limiter les rejets des usines Arkema et Daikin, sur la plateforme industrielle de Pierre-B\u00e9nite. Pouss\u00e9es par leurs administr\u00e9s, des collectivit\u00e9s cherchent \u00e0 comprendre l\u2019impact sanitaire.<\/p>\n<p>Apr\u00e8s l\u2019examen des \u0153ufs, de l\u2019eau, des sols, des l\u00e9gumes, deux \u00e9tudes sanitaires d\u00e9marrent en octobre\u00a02025\u00a0: la m\u00e9tropole a lanc\u00e9\u00a0Perfao, pour \u00e9valuer la pr\u00e9sence et les impacts des substances dans l\u2019organisme de 300 personnes, vivant pr\u00e8s du foyer de pollution. Parall\u00e8lement, un collectif d\u2019une quarantaine de communes a command\u00e9 Impact, une autre \u00e9tude d\u2019impr\u00e9gnation, destin\u00e9e \u00e0 dresser une cartographie sur un vaste territoire au sud de Lyon.<\/p>\n<p>La responsabilit\u00e9 des\u00a0industriels est \u00e9galement&#8230;<\/p>\n","protected":false},"excerpt":{"rendered":"On enqu\u00eate. Dans l\u2019agglom\u00e9ration lyonnaise, \u00e0 l\u2019entr\u00e9e de la vall\u00e9e de la chimie, l\u2019inqui\u00e9tude n\u2019a fait que grandir&hellip;\n","protected":false},"author":2,"featured_media":499207,"comment_status":"","ping_status":"","sticky":false,"template":"","format":"standard","meta":{"footnotes":""},"categories":[1889],"tags":[1111,11,2430,33,3154,436,1777,674,107,1011,27,693,2428,12,15665,15666,13885,1800,25,2429,4604],"class_list":{"0":"post-499206","1":"post","2":"type-post","3":"status-publish","4":"format-standard","5":"has-post-thumbnail","7":"category-lyon","8":"tag-actu","9":"tag-actualites","10":"tag-auvergne-rhone-alpes","11":"tag-economie","12":"tag-edition-sud-lyonnais","13":"tag-environnement","14":"tag-eu","15":"tag-europe","16":"tag-fil-info","17":"tag-fr","18":"tag-france","19":"tag-industrie","20":"tag-lyon","21":"tag-news","22":"tag-oullins-pierre-benite","23":"tag-oullins-ville","24":"tag-pfas","25":"tag-pollution","26":"tag-republique-francaise","27":"tag-rhone","28":"tag-selection-abonne"},"share_on_mastodon":{"url":"https:\/\/pubeurope.com\/@fr\/115461410229979344","error":""},"_links":{"self":[{"href":"https:\/\/www.europesays.com\/fr\/wp-json\/wp\/v2\/posts\/499206","targetHints":{"allow":["GET"]}}],"collection":[{"href":"https:\/\/www.europesays.com\/fr\/wp-json\/wp\/v2\/posts"}],"about":[{"href":"https:\/\/www.europesays.com\/fr\/wp-json\/wp\/v2\/types\/post"}],"author":[{"embeddable":true,"href":"https:\/\/www.europesays.com\/fr\/wp-json\/wp\/v2\/users\/2"}],"replies":[{"embeddable":true,"href":"https:\/\/www.europesays.com\/fr\/wp-json\/wp\/v2\/comments?post=499206"}],"version-history":[{"count":0,"href":"https:\/\/www.europesays.com\/fr\/wp-json\/wp\/v2\/posts\/499206\/revisions"}],"wp:featuredmedia":[{"embeddable":true,"href":"https:\/\/www.europesays.com\/fr\/wp-json\/wp\/v2\/media\/499207"}],"wp:attachment":[{"href":"https:\/\/www.europesays.com\/fr\/wp-json\/wp\/v2\/media?parent=499206"}],"wp:term":[{"taxonomy":"category","embeddable":true,"href":"https:\/\/www.europesays.com\/fr\/wp-json\/wp\/v2\/categories?post=499206"},{"taxonomy":"post_tag","embeddable":true,"href":"https:\/\/www.europesays.com\/fr\/wp-json\/wp\/v2\/tags?post=499206"}],"curies":[{"name":"wp","href":"https:\/\/api.w.org\/{rel}","templated":true}]}}